{"id":968,"date":"2025-04-16T19:48:55","date_gmt":"2025-04-16T17:48:55","guid":{"rendered":"https:\/\/einfachzufriedensein.de\/?p=968"},"modified":"2025-04-16T19:48:56","modified_gmt":"2025-04-16T17:48:56","slug":"perspektivwechsel","status":"publish","type":"post","link":"https:\/\/einfachzufriedensein.de\/?p=968","title":{"rendered":"Perspektivwechsel"},"content":{"rendered":"\n<p>In den letzten Tagen geht es mir immer besser &#8211; die Schmerzen im Bein haben deutlich nachgelassen und ich brauche keine Schmerztabletten mehr. Es zwickt und zwackt immer mal wieder, ist aber alles auszuhalten. Die Kr\u00fccken werden nicht meine besten Freunde werden, dennoch komme ich mittlerweile ganz gut damit zurecht. Am Samstag habe ich die meiste Zeit des Tages auf der Terrasse an der frischen Luft verbracht, w\u00e4hrend Carsten sich unter meiner Anleitung der ersten Sommerbepflanzung gewidmet hat. Und am Montag war mein erster Wundkontrolltermin beim Orthop\u00e4den in Bad Camberg. Die Praxis und den Arzt kannten wir noch nicht, aber wir sind sehr angetan von beidem. Dr. Engelhardt ist sehr kompetent und einf\u00fchlsam und hat alle meine Fragen zur weiteren Heilung, Behandlung und zur Mobilisation beantwortet. Ich darf den AirCast, den &#8222;Stiefel&#8220;, zu Hause abnehmen, wenn ich auf dem Sofa liege und erste Fu\u00dfbewegungen machen. Die beiden N\u00e4hte am Kn\u00f6chel sehen super aus und verheilen richtig gut. Ebenso macht der Orthop\u00e4de mir noch ein Kompliment f\u00fcr meinen offensiven Umgang mit meiner Krebserkrankung. Das ist alles sehr zutr\u00e4glich f\u00fcr mein allgemeines Kopfkino, denn am Ende des sehr langen Tunnels ist ein kleines Licht zu sehen.<\/p>\n\n\n\n<p>Eine weitere Erleichterung in meiner jetzigen Situation bringt mir ein Rollstuhl, den wir g\u00fcnstig erstanden haben. Dadurch bekomme ich ein kleines St\u00fcck Freiheit zur\u00fcck &#8211; ich kann mich im Haus bewegen und mir selbst aus dem K\u00fchlschrank einen Joghurt holen, da ich beide H\u00e4nde f\u00fcr den Transport freihabe. Und auch zum Einkaufen kann ich wieder mitfahren, da ich nicht mit Kr\u00fccken durch den Supermarkt st\u00f6ckeln muss. Ein gutes Gef\u00fchl. Bei einer ersten Spazierfahrt mit unserer mittleren Tochter ist mir aber ein wichtiges Detail bewusst geworden. Ich komme mir im Rollstuhl klein und gebrechlich vor. Die Gespr\u00e4che finden wortw\u00f6rtlich hinter meinem R\u00fccken statt und ich bin nicht auf Augenh\u00f6he mit den anderen. Das grenzt einen irgendwie aus, um so erfreulicher, dass ich das in ein paar Wochen hinter mir haben werde. Aber mir wird bewusst, wie sich Rollstuhlfahrer, die auf ewig darauf angewiesen sind, f\u00fchlen m\u00fcssen. Der unfreiwillige Perspektivwechsel bringt mich zum Nachdenken.<\/p>\n\n\n\n<p>Beim Gro\u00dfeinkauf im REWE f\u00fcr die Osterfeiertage machen wir den ersten Einkaufstest. Carsten schiebt den Rolli und ich schiebe den Einkaufswagen. Sicher ganz lustig von der Ferne anzuschauen, aber f\u00fcr uns beide eine echte Herausforderung. Als Gef\u00e4hrt mit \u00dcberl\u00e4nge ist es gar nicht so einfach, sich durch die Regale zu bewegen. Die Menschen sind aber alle sehr r\u00fccksichtsvoll, sobald sie uns wahrgenommen haben. Aber auch hier f\u00e4llt mir auf, dass ich mich au\u00dferhalb der Augenh\u00f6he befinde. Praktisch ist nat\u00fcrlich nun, dass ich an die B\u00fcck-dich-Ware besser herankomme, da ich dem Boden im Moment n\u00e4her bin als dem Himmel. Der Einkauf ist sicher etwas herausfordernder, aber ich komme zu Hause raus und habe ein Gef\u00fchl von Normalit\u00e4t. <\/p>\n\n\n\n<p>Heute ist Mittwoch &#8211; Tag der w\u00f6chentlichen Blutkontrolle in der onkologischen Ambulanz in der Klinik. Bis zum Nachmittag hatte ich keinen Anruf und somit sind meine Blutwerte so weit in Ordnung, dass der Chemo morgen nichts im Wege steht. Danach waren wir noch mit den Schwiegereltern unserer \u00e4ltesten Tochter zum Fr\u00fchst\u00fcck verabredet. Ein sehr netter und lockerer Vormittag mit lieben Menschen und f\u00fcr mich eine sch\u00f6ne Abwechslung nach den letzten zweieinhalb Wochen, die ich neben diversen Arztbesuchen und Klinikaufenthalten \u00fcberwiegend auf dem Sofa verbracht habe. <\/p>\n\n\n\n<p> <img loading=\"lazy\" decoding=\"async\" width=\"300\" height=\"400\" class=\"wp-image-974\" style=\"width: 300px;\" src=\"https:\/\/einfachzufriedensein.de\/wp-content\/uploads\/2025\/04\/IMG20250413170312klein.jpg\" alt=\"\" srcset=\"https:\/\/einfachzufriedensein.de\/wp-content\/uploads\/2025\/04\/IMG20250413170312klein.jpg 975w, https:\/\/einfachzufriedensein.de\/wp-content\/uploads\/2025\/04\/IMG20250413170312klein-225x300.jpg 225w, https:\/\/einfachzufriedensein.de\/wp-content\/uploads\/2025\/04\/IMG20250413170312klein-768x1024.jpg 768w\" sizes=\"auto, (max-width: 300px) 100vw, 300px\" \/><\/p>\n","protected":false},"excerpt":{"rendered":"<p class=\"text-justify\">In den letzten Tagen geht es mir immer besser &#8211; die Schmerzen im Bein haben deutlich nachgelassen und ich brauche keine Schmerztabletten [&hellip;]<\/p>\n","protected":false},"author":1,"featured_media":57,"comment_status":"closed","ping_status":"open","sticky":false,"template":"","format":"standard","meta":{"footnotes":""},"categories":[1],"tags":[16,124,123,20,115],"class_list":["post-968","post","type-post","status-publish","format-standard","has-post-thumbnail","hentry","category-allgemein","tag-mentale-staerke","tag-perspektivwechsel","tag-rollstuhl","tag-spaziergang","tag-sprunggelenksfraktur"],"yoast_head":"<!-- This site is optimized with the Yoast SEO plugin v24.1 - https:\/\/yoast.com\/wordpress\/plugins\/seo\/ -->\n<title>Perspektivwechsel - einfach.zufrieden.sein.<\/title>\n<meta name=\"description\" content=\"Wenn man sich einmal mit einem Rollstuhl in der \u00d6ffentlichkeit bewegt, wird einem schnell klar, was das f\u00fcr Einschr\u00e4nkungen sind.\" \/>\n<meta name=\"robots\" content=\"index, follow, max-snippet:-1, max-image-preview:large, max-video-preview:-1\" \/>\n<link rel=\"canonical\" href=\"https:\/\/einfachzufriedensein.de\/?p=968\" \/>\n<meta property=\"og:locale\" content=\"de_DE\" \/>\n<meta property=\"og:type\" content=\"article\" \/>\n<meta property=\"og:title\" content=\"Perspektivwechsel - einfach.zufrieden.sein.\" \/>\n<meta property=\"og:description\" content=\"Wenn man sich einmal mit einem Rollstuhl in der \u00d6ffentlichkeit bewegt, wird einem schnell klar, was das f\u00fcr Einschr\u00e4nkungen sind.\" \/>\n<meta property=\"og:url\" content=\"https:\/\/einfachzufriedensein.de\/?p=968\" \/>\n<meta property=\"og:site_name\" content=\"einfach.zufrieden.sein.\" \/>\n<meta property=\"article:published_time\" content=\"2025-04-16T17:48:55+00:00\" \/>\n<meta property=\"article:modified_time\" content=\"2025-04-16T17:48:56+00:00\" \/>\n<meta property=\"og:image\" content=\"https:\/\/einfachzufriedensein.de\/wp-content\/uploads\/2024\/10\/einfach.-zufrieden.-sein-2.png\" \/>\n\t<meta property=\"og:image:width\" content=\"500\" \/>\n\t<meta property=\"og:image:height\" content=\"500\" \/>\n\t<meta property=\"og:image:type\" content=\"image\/png\" \/>\n<meta name=\"author\" content=\"sfiedler\" \/>\n<meta name=\"twitter:card\" content=\"summary_large_image\" \/>\n<meta name=\"twitter:label1\" content=\"Verfasst von\" \/>\n\t<meta name=\"twitter:data1\" content=\"sfiedler\" \/>\n\t<meta name=\"twitter:label2\" content=\"Gesch\u00e4tzte Lesezeit\" \/>\n\t<meta name=\"twitter:data2\" content=\"4\u00a0Minuten\" \/>\n<script type=\"application\/ld+json\" class=\"yoast-schema-graph\">{\"@context\":\"https:\/\/schema.org\",\"@graph\":[{\"@type\":\"Article\",\"@id\":\"https:\/\/einfachzufriedensein.de\/?p=968#article\",\"isPartOf\":{\"@id\":\"https:\/\/einfachzufriedensein.de\/?p=968\"},\"author\":{\"name\":\"sfiedler\",\"@id\":\"https:\/\/einfachzufriedensein.de\/#\/schema\/person\/1c305a44404a7ae00e2ad15fb51bb53c\"},\"headline\":\"Perspektivwechsel\",\"datePublished\":\"2025-04-16T17:48:55+00:00\",\"dateModified\":\"2025-04-16T17:48:56+00:00\",\"mainEntityOfPage\":{\"@id\":\"https:\/\/einfachzufriedensein.de\/?p=968\"},\"wordCount\":593,\"publisher\":{\"@id\":\"https:\/\/einfachzufriedensein.de\/#\/schema\/person\/1c305a44404a7ae00e2ad15fb51bb53c\"},\"image\":{\"@id\":\"https:\/\/einfachzufriedensein.de\/?p=968#primaryimage\"},\"thumbnailUrl\":\"https:\/\/einfachzufriedensein.de\/wp-content\/uploads\/2024\/10\/einfach.-zufrieden.-sein-2.png\",\"keywords\":[\"mentale St\u00e4rke\",\"Perspektivwechsel\",\"Rollstuhl\",\"Spaziergang\",\"Sprunggelenksfraktur\"],\"inLanguage\":\"de\"},{\"@type\":\"WebPage\",\"@id\":\"https:\/\/einfachzufriedensein.de\/?p=968\",\"url\":\"https:\/\/einfachzufriedensein.de\/?p=968\",\"name\":\"Perspektivwechsel - einfach.zufrieden.sein.\",\"isPartOf\":{\"@id\":\"https:\/\/einfachzufriedensein.de\/#website\"},\"primaryImageOfPage\":{\"@id\":\"https:\/\/einfachzufriedensein.de\/?p=968#primaryimage\"},\"image\":{\"@id\":\"https:\/\/einfachzufriedensein.de\/?p=968#primaryimage\"},\"thumbnailUrl\":\"https:\/\/einfachzufriedensein.de\/wp-content\/uploads\/2024\/10\/einfach.-zufrieden.-sein-2.png\",\"datePublished\":\"2025-04-16T17:48:55+00:00\",\"dateModified\":\"2025-04-16T17:48:56+00:00\",\"description\":\"Wenn man sich einmal mit einem Rollstuhl in der \u00d6ffentlichkeit bewegt, wird einem schnell klar, was das f\u00fcr Einschr\u00e4nkungen sind.\",\"breadcrumb\":{\"@id\":\"https:\/\/einfachzufriedensein.de\/?p=968#breadcrumb\"},\"inLanguage\":\"de\",\"potentialAction\":[{\"@type\":\"ReadAction\",\"target\":[\"https:\/\/einfachzufriedensein.de\/?p=968\"]}]},{\"@type\":\"ImageObject\",\"inLanguage\":\"de\",\"@id\":\"https:\/\/einfachzufriedensein.de\/?p=968#primaryimage\",\"url\":\"https:\/\/einfachzufriedensein.de\/wp-content\/uploads\/2024\/10\/einfach.-zufrieden.-sein-2.png\",\"contentUrl\":\"https:\/\/einfachzufriedensein.de\/wp-content\/uploads\/2024\/10\/einfach.-zufrieden.-sein-2.png\",\"width\":500,\"height\":500},{\"@type\":\"BreadcrumbList\",\"@id\":\"https:\/\/einfachzufriedensein.de\/?p=968#breadcrumb\",\"itemListElement\":[{\"@type\":\"ListItem\",\"position\":1,\"name\":\"Startseite\",\"item\":\"https:\/\/einfachzufriedensein.de\/\"},{\"@type\":\"ListItem\",\"position\":2,\"name\":\"Perspektivwechsel\"}]},{\"@type\":\"WebSite\",\"@id\":\"https:\/\/einfachzufriedensein.de\/#website\",\"url\":\"https:\/\/einfachzufriedensein.de\/\",\"name\":\"einfach.zufrieden.sein.\",\"description\":\"Der Brustkrebs &amp; ich  - das Tagebuch einer Brustkrebspatientin\",\"publisher\":{\"@id\":\"https:\/\/einfachzufriedensein.de\/#\/schema\/person\/1c305a44404a7ae00e2ad15fb51bb53c\"},\"potentialAction\":[{\"@type\":\"SearchAction\",\"target\":{\"@type\":\"EntryPoint\",\"urlTemplate\":\"https:\/\/einfachzufriedensein.de\/?s={search_term_string}\"},\"query-input\":{\"@type\":\"PropertyValueSpecification\",\"valueRequired\":true,\"valueName\":\"search_term_string\"}}],\"inLanguage\":\"de\"},{\"@type\":[\"Person\",\"Organization\"],\"@id\":\"https:\/\/einfachzufriedensein.de\/#\/schema\/person\/1c305a44404a7ae00e2ad15fb51bb53c\",\"name\":\"sfiedler\",\"image\":{\"@type\":\"ImageObject\",\"inLanguage\":\"de\",\"@id\":\"https:\/\/einfachzufriedensein.de\/#\/schema\/person\/image\/\",\"url\":\"https:\/\/einfachzufriedensein.de\/wp-content\/uploads\/2024\/10\/IMG20240928112843-scaled.jpg\",\"contentUrl\":\"https:\/\/einfachzufriedensein.de\/wp-content\/uploads\/2024\/10\/IMG20240928112843-scaled.jpg\",\"width\":1927,\"height\":2560,\"caption\":\"sfiedler\"},\"logo\":{\"@id\":\"https:\/\/einfachzufriedensein.de\/#\/schema\/person\/image\/\"},\"sameAs\":[\"https:\/\/einfachzufriedensein.de\"],\"url\":\"https:\/\/einfachzufriedensein.de\/?author=1\"}]}<\/script>\n<!-- \/ Yoast SEO plugin. -->","yoast_head_json":{"title":"Perspektivwechsel - einfach.zufrieden.sein.","description":"Wenn man sich einmal mit einem Rollstuhl in der \u00d6ffentlichkeit bewegt, wird einem schnell klar, was das f\u00fcr Einschr\u00e4nkungen sind.","robots":{"index":"index","follow":"follow","max-snippet":"max-snippet:-1","max-image-preview":"max-image-preview:large","max-video-preview":"max-video-preview:-1"},"canonical":"https:\/\/einfachzufriedensein.de\/?p=968","og_locale":"de_DE","og_type":"article","og_title":"Perspektivwechsel - einfach.zufrieden.sein.","og_description":"Wenn man sich einmal mit einem Rollstuhl in der \u00d6ffentlichkeit bewegt, wird einem schnell klar, was das f\u00fcr Einschr\u00e4nkungen sind.","og_url":"https:\/\/einfachzufriedensein.de\/?p=968","og_site_name":"einfach.zufrieden.sein.","article_published_time":"2025-04-16T17:48:55+00:00","article_modified_time":"2025-04-16T17:48:56+00:00","og_image":[{"width":500,"height":500,"url":"https:\/\/einfachzufriedensein.de\/wp-content\/uploads\/2024\/10\/einfach.-zufrieden.-sein-2.png","type":"image\/png"}],"author":"sfiedler","twitter_card":"summary_large_image","twitter_misc":{"Verfasst von":"sfiedler","Gesch\u00e4tzte Lesezeit":"4\u00a0Minuten"},"schema":{"@context":"https:\/\/schema.org","@graph":[{"@type":"Article","@id":"https:\/\/einfachzufriedensein.de\/?p=968#article","isPartOf":{"@id":"https:\/\/einfachzufriedensein.de\/?p=968"},"author":{"name":"sfiedler","@id":"https:\/\/einfachzufriedensein.de\/#\/schema\/person\/1c305a44404a7ae00e2ad15fb51bb53c"},"headline":"Perspektivwechsel","datePublished":"2025-04-16T17:48:55+00:00","dateModified":"2025-04-16T17:48:56+00:00","mainEntityOfPage":{"@id":"https:\/\/einfachzufriedensein.de\/?p=968"},"wordCount":593,"publisher":{"@id":"https:\/\/einfachzufriedensein.de\/#\/schema\/person\/1c305a44404a7ae00e2ad15fb51bb53c"},"image":{"@id":"https:\/\/einfachzufriedensein.de\/?p=968#primaryimage"},"thumbnailUrl":"https:\/\/einfachzufriedensein.de\/wp-content\/uploads\/2024\/10\/einfach.-zufrieden.-sein-2.png","keywords":["mentale St\u00e4rke","Perspektivwechsel","Rollstuhl","Spaziergang","Sprunggelenksfraktur"],"inLanguage":"de"},{"@type":"WebPage","@id":"https:\/\/einfachzufriedensein.de\/?p=968","url":"https:\/\/einfachzufriedensein.de\/?p=968","name":"Perspektivwechsel - einfach.zufrieden.sein.","isPartOf":{"@id":"https:\/\/einfachzufriedensein.de\/#website"},"primaryImageOfPage":{"@id":"https:\/\/einfachzufriedensein.de\/?p=968#primaryimage"},"image":{"@id":"https:\/\/einfachzufriedensein.de\/?p=968#primaryimage"},"thumbnailUrl":"https:\/\/einfachzufriedensein.de\/wp-content\/uploads\/2024\/10\/einfach.-zufrieden.-sein-2.png","datePublished":"2025-04-16T17:48:55+00:00","dateModified":"2025-04-16T17:48:56+00:00","description":"Wenn man sich einmal mit einem Rollstuhl in der \u00d6ffentlichkeit bewegt, wird einem schnell klar, was das f\u00fcr Einschr\u00e4nkungen sind.","breadcrumb":{"@id":"https:\/\/einfachzufriedensein.de\/?p=968#breadcrumb"},"inLanguage":"de","potentialAction":[{"@type":"ReadAction","target":["https:\/\/einfachzufriedensein.de\/?p=968"]}]},{"@type":"ImageObject","inLanguage":"de","@id":"https:\/\/einfachzufriedensein.de\/?p=968#primaryimage","url":"https:\/\/einfachzufriedensein.de\/wp-content\/uploads\/2024\/10\/einfach.-zufrieden.-sein-2.png","contentUrl":"https:\/\/einfachzufriedensein.de\/wp-content\/uploads\/2024\/10\/einfach.-zufrieden.-sein-2.png","width":500,"height":500},{"@type":"BreadcrumbList","@id":"https:\/\/einfachzufriedensein.de\/?p=968#breadcrumb","itemListElement":[{"@type":"ListItem","position":1,"name":"Startseite","item":"https:\/\/einfachzufriedensein.de\/"},{"@type":"ListItem","position":2,"name":"Perspektivwechsel"}]},{"@type":"WebSite","@id":"https:\/\/einfachzufriedensein.de\/#website","url":"https:\/\/einfachzufriedensein.de\/","name":"einfach.zufrieden.sein.","description":"Der Brustkrebs &amp; ich  - das Tagebuch einer Brustkrebspatientin","publisher":{"@id":"https:\/\/einfachzufriedensein.de\/#\/schema\/person\/1c305a44404a7ae00e2ad15fb51bb53c"},"potentialAction":[{"@type":"SearchAction","target":{"@type":"EntryPoint","urlTemplate":"https:\/\/einfachzufriedensein.de\/?s={search_term_string}"},"query-input":{"@type":"PropertyValueSpecification","valueRequired":true,"valueName":"search_term_string"}}],"inLanguage":"de"},{"@type":["Person","Organization"],"@id":"https:\/\/einfachzufriedensein.de\/#\/schema\/person\/1c305a44404a7ae00e2ad15fb51bb53c","name":"sfiedler","image":{"@type":"ImageObject","inLanguage":"de","@id":"https:\/\/einfachzufriedensein.de\/#\/schema\/person\/image\/","url":"https:\/\/einfachzufriedensein.de\/wp-content\/uploads\/2024\/10\/IMG20240928112843-scaled.jpg","contentUrl":"https:\/\/einfachzufriedensein.de\/wp-content\/uploads\/2024\/10\/IMG20240928112843-scaled.jpg","width":1927,"height":2560,"caption":"sfiedler"},"logo":{"@id":"https:\/\/einfachzufriedensein.de\/#\/schema\/person\/image\/"},"sameAs":["https:\/\/einfachzufriedensein.de"],"url":"https:\/\/einfachzufriedensein.de\/?author=1"}]}},"_links":{"self":[{"href":"https:\/\/einfachzufriedensein.de\/index.php?rest_route=\/wp\/v2\/posts\/968","targetHints":{"allow":["GET"]}}],"collection":[{"href":"https:\/\/einfachzufriedensein.de\/index.php?rest_route=\/wp\/v2\/posts"}],"about":[{"href":"https:\/\/einfachzufriedensein.de\/index.php?rest_route=\/wp\/v2\/types\/post"}],"author":[{"embeddable":true,"href":"https:\/\/einfachzufriedensein.de\/index.php?rest_route=\/wp\/v2\/users\/1"}],"replies":[{"embeddable":true,"href":"https:\/\/einfachzufriedensein.de\/index.php?rest_route=%2Fwp%2Fv2%2Fcomments&post=968"}],"version-history":[{"count":6,"href":"https:\/\/einfachzufriedensein.de\/index.php?rest_route=\/wp\/v2\/posts\/968\/revisions"}],"predecessor-version":[{"id":975,"href":"https:\/\/einfachzufriedensein.de\/index.php?rest_route=\/wp\/v2\/posts\/968\/revisions\/975"}],"wp:featuredmedia":[{"embeddable":true,"href":"https:\/\/einfachzufriedensein.de\/index.php?rest_route=\/wp\/v2\/media\/57"}],"wp:attachment":[{"href":"https:\/\/einfachzufriedensein.de\/index.php?rest_route=%2Fwp%2Fv2%2Fmedia&parent=968"}],"wp:term":[{"taxonomy":"category","embeddable":true,"href":"https:\/\/einfachzufriedensein.de\/index.php?rest_route=%2Fwp%2Fv2%2Fcategories&post=968"},{"taxonomy":"post_tag","embeddable":true,"href":"https:\/\/einfachzufriedensein.de\/index.php?rest_route=%2Fwp%2Fv2%2Ftags&post=968"}],"curies":[{"name":"wp","href":"https:\/\/api.w.org\/{rel}","templated":true}]}}