{"id":867,"date":"2025-03-27T20:46:48","date_gmt":"2025-03-27T19:46:48","guid":{"rendered":"https:\/\/einfachzufriedensein.de\/?p=867"},"modified":"2025-03-28T10:15:35","modified_gmt":"2025-03-28T09:15:35","slug":"13-unsere-glueckszahl","status":"publish","type":"post","link":"https:\/\/einfachzufriedensein.de\/?p=867","title":{"rendered":"13 &#8211; unsere Gl\u00fcckszahl"},"content":{"rendered":"\n<p>An einem Freitag, den 13. vor fast genau zwanzig Jahren haben Carsten und ich uns in einem Erfurter Lokal getroffen und uns kennen und lieben gelernt. Es war Liebe auf den ersten Blick, bei mir zumindest. Seit diesem Tag sind wir unzertrennlich. Nach acht Jahren haben wir schlie\u00dflich am 13. Juli 2013 geheiratet und damit den Bund f\u00fcr\u00b4s Leben auch offiziell besiegelt. Er ist mein Herzensmensch, mein Freund, mein Lebensbegleiter &#8211; wir sind fest miteinander verbunden. Und auch heute ist die dreizehn wieder meine Gl\u00fcckszahl. Es startet der 13. Chemozyklus. Gr\u00f6\u00dftenteils geht\u00b4s mir wirklich richtig gut, was ich mich fast schon nicht zu sagen traue, da ich mich in einer Akutbehandlung einer Krebstherapie befinde. Ich bin eine Krebspatientin. <\/p>\n\n\n\n<p>Aber ich vertrage die Chemo sehr gut und die Nebenwirkungen sind minimal. Je l\u00e4nger die Chemo nun allerdings dauert und das sind mittlerweile fast vier Monate, um so mehr kleine Zipperlein kommen auf. Die Schmerzen bei Belastung im rechten Mittelfuss begleiten mich nun schon einige Wochen. Ob sie im direkten Zusammenhang mit der Chemo stehen, kann man mir nicht sagen. Aber Voltaren hilft hier auch nicht wirklich. Nun kamen vor ein paar Tagen noch kleine Pickel\/Pusteln an den seitlichen Handfl\u00e4chen hinzu, die auch jucken. An den Fersen habe ich das sch\u00f6n l\u00e4nger. Die \u00c4rztin in der Klinik vermutet das <a href=\"https:\/\/www.krebs-und-ich.de\/ratgeber\/nebenwirkungen\/artikel\/hand-fuss-syndrom\/\">Hand-Fu\u00df-Syndrom<\/a> und empfiehlt neben der engmaschigen Beobachtung eine Creme von LaRoche. Zur Behandlung habe ich zun\u00e4chst eine Probepackung erhalten, da diese Creme sehr teuer, aber wohl auch sehr wirksam ist. Bisher habe ich Ureacreme verwendet, mit der man ebenfalls gut vorbeugen kann. M\u00f6gliche Szenarien bei einer Verschlechterung des Hautzutandes ist die Senkung der Chemodosis oder gar das Absetzen der letzten noch geplanten Chemotermine, wenn es ganz schlimm werden sollte. Kommen nun auf den letzten Metern doch noch ein paar Nebenwirkungen hinzu? <\/p>\n\n\n\n<p>Und die Polyneuropathie? Bis jetzt versp\u00fcre ich keine merkliche Verschlechterung des Zustandes. Aus meiner Instagram-Community kam noch ein Tipp zu Adiletten mit Noppen f\u00fcr die Massage der Fu\u00dfsohlen. Gelesen, f\u00fcr gut befunden und gekauft. Alles, was eine m\u00f6gliche Verschlechterung aufh\u00e4lt, werde ich tun und bis jetzt hat das ja auch irgendwie Erfolg. Ebenfalls durch einen Tipp initiiert habe ich mir noch einen Vitamin-B-Komplex als Kapseln in der Apotheke geholt und werde das einnehmen. So ein kleiner Booster an Vitamin B kann ebenfalls nicht schaden und hatte meine Neurologin auch angesprochen. Meine Schwiegermutter hat mir noch ein Tens\/Ems-Ger\u00e4t f\u00fcr die F\u00fc\u00dfe ausgeliehen. Das <a href=\"https:\/\/www.revitive.com\/de?utm_id=CjwKCAjw7pO_BhAlEiwA4pMQvCKfQkA3O5eN5-kVWlL7RjDGfdUboC7OQZ024pN5bM5NUavudnD0GxoCVKoQAvD_BwE&amp;utm_medium=cpc&amp;utm_source=google&amp;utm_campaign=1034909918&amp;utm_content=g_654244771088_revitive_e&amp;utm_term=revitive&amp;gclsrc=aw.ds&amp;gad_source=1&amp;gclid=CjwKCAjw7pO_BhAlEiwA4pMQvCKfQkA3O5eN5-kVWlL7RjDGfdUboC7OQZ024pN5bM5NUavudnD0GxoCVKoQAvD_BwE\" target=\"_blank\" rel=\"noreferrer noopener\">Revitive<\/a> nutze ich neben meinen Igelb\u00e4llen nun ebenfalls t\u00e4glich zur Probe. Was am Ende die Polyneuropathie stoppt, werde ich dann sicher nicht wissen, aber ich habe alles unternommen, um eine starke Verschlechterung aufzuhalten. Viele Patienten inklusive meiner Schw\u00e4gerin berichteten, dass die Taubheitsgef\u00fchle erst ganz am Ende der Chemotherapie auftraten und da komme ich nun langsam hin. <\/p>\n\n\n\n<p>Meine Leukozyten sind in dieser Woche ebenfalls wieder in den Keller abgetaucht, sodass ich mich wieder zwei Tage lang spritzen muss. Mein K\u00f6rper k\u00e4mpft an allen Fronten und ich sehe ihn als absolutes Wunderwerk, aber alles kann er dann eben doch nicht allein bew\u00e4ltigen und ben\u00f6tigt externe Unterst\u00fctzung. Das soll erhaben. <\/p>\n\n\n\n<p>Am Nachmittag habe ich meine Fr\u00fchlingsbepflanzung im Vorgarten noch fertiggestellt und wir haben einen entspannten Spaziergang bei herrlichem Sonnenschein unternommen. Bewegung ist wichtig in der gesamten Therapie, auch wenn es manchmal schwerf\u00e4llt und eine echte \u00dcberwindung ist. Danach gab\u00b4s noch einen leckeren selbstgemachten Smoothie f\u00fcr uns beide. <\/p>\n\n\n\n<p> <img loading=\"lazy\" decoding=\"async\" width=\"250\" height=\"250\" class=\"wp-image-873\" style=\"width: 250px;\" src=\"https:\/\/einfachzufriedensein.de\/wp-content\/uploads\/2025\/03\/IMG20250327084603-COLLAGE.jpg\" alt=\"\" srcset=\"https:\/\/einfachzufriedensein.de\/wp-content\/uploads\/2025\/03\/IMG20250327084603-COLLAGE.jpg 2046w, https:\/\/einfachzufriedensein.de\/wp-content\/uploads\/2025\/03\/IMG20250327084603-COLLAGE-300x300.jpg 300w, https:\/\/einfachzufriedensein.de\/wp-content\/uploads\/2025\/03\/IMG20250327084603-COLLAGE-1024x1024.jpg 1024w, https:\/\/einfachzufriedensein.de\/wp-content\/uploads\/2025\/03\/IMG20250327084603-COLLAGE-150x150.jpg 150w, https:\/\/einfachzufriedensein.de\/wp-content\/uploads\/2025\/03\/IMG20250327084603-COLLAGE-768x768.jpg 768w, https:\/\/einfachzufriedensein.de\/wp-content\/uploads\/2025\/03\/IMG20250327084603-COLLAGE-1536x1536.jpg 1536w\" sizes=\"auto, (max-width: 250px) 100vw, 250px\" \/><img loading=\"lazy\" decoding=\"async\" width=\"300\" height=\"225\" class=\"wp-image-874\" style=\"width: 300px;\" src=\"https:\/\/einfachzufriedensein.de\/wp-content\/uploads\/2025\/03\/IMG20250327091812-COLLAGE.jpg\" alt=\"\" srcset=\"https:\/\/einfachzufriedensein.de\/wp-content\/uploads\/2025\/03\/IMG20250327091812-COLLAGE.jpg 2046w, https:\/\/einfachzufriedensein.de\/wp-content\/uploads\/2025\/03\/IMG20250327091812-COLLAGE-300x225.jpg 300w, https:\/\/einfachzufriedensein.de\/wp-content\/uploads\/2025\/03\/IMG20250327091812-COLLAGE-1024x768.jpg 1024w, https:\/\/einfachzufriedensein.de\/wp-content\/uploads\/2025\/03\/IMG20250327091812-COLLAGE-768x576.jpg 768w, https:\/\/einfachzufriedensein.de\/wp-content\/uploads\/2025\/03\/IMG20250327091812-COLLAGE-1536x1152.jpg 1536w\" sizes=\"auto, (max-width: 300px) 100vw, 300px\" \/> <img loading=\"lazy\" decoding=\"async\" width=\"250\" height=\"250\" class=\"wp-image-876\" style=\"width: 250px;\" src=\"https:\/\/einfachzufriedensein.de\/wp-content\/uploads\/2025\/03\/IMG20250327143316-COLLAGE.jpg\" alt=\"\" srcset=\"https:\/\/einfachzufriedensein.de\/wp-content\/uploads\/2025\/03\/IMG20250327143316-COLLAGE.jpg 2046w, https:\/\/einfachzufriedensein.de\/wp-content\/uploads\/2025\/03\/IMG20250327143316-COLLAGE-300x300.jpg 300w, https:\/\/einfachzufriedensein.de\/wp-content\/uploads\/2025\/03\/IMG20250327143316-COLLAGE-1024x1024.jpg 1024w, https:\/\/einfachzufriedensein.de\/wp-content\/uploads\/2025\/03\/IMG20250327143316-COLLAGE-150x150.jpg 150w, https:\/\/einfachzufriedensein.de\/wp-content\/uploads\/2025\/03\/IMG20250327143316-COLLAGE-768x768.jpg 768w, https:\/\/einfachzufriedensein.de\/wp-content\/uploads\/2025\/03\/IMG20250327143316-COLLAGE-1536x1536.jpg 1536w\" sizes=\"auto, (max-width: 250px) 100vw, 250px\" \/><\/p>\n","protected":false},"excerpt":{"rendered":"<p class=\"text-justify\">An einem Freitag, den 13. vor fast genau zwanzig Jahren haben Carsten und ich uns in einem Erfurter Lokal getroffen und uns [&hellip;]<\/p>\n","protected":false},"author":1,"featured_media":57,"comment_status":"closed","ping_status":"open","sticky":false,"template":"","format":"standard","meta":{"footnotes":""},"categories":[1],"tags":[43,2,11,31,17,16,18,20],"class_list":["post-867","post","type-post","status-publish","format-standard","has-post-thumbnail","hentry","category-allgemein","tag-alltag","tag-brustkrebs","tag-chemotherapie","tag-chemozyklus","tag-familie","tag-mentale-staerke","tag-nebenwirkungen","tag-spaziergang"],"yoast_head":"<!-- This site is optimized with the Yoast SEO plugin v24.1 - https:\/\/yoast.com\/wordpress\/plugins\/seo\/ -->\n<title>13 - unsere Gl\u00fcckszahl - einfach.zufrieden.sein.<\/title>\n<meta name=\"description\" content=\"Der 13. Chemozyklus ist gestartet. Jetzt sind nur noch drei bis zum Ende der geplanten Chemotherapie. Es gibt ein Licht am Ende des Tunnels.\" \/>\n<meta name=\"robots\" content=\"index, follow, max-snippet:-1, max-image-preview:large, max-video-preview:-1\" \/>\n<link rel=\"canonical\" href=\"https:\/\/einfachzufriedensein.de\/?p=867\" \/>\n<meta property=\"og:locale\" content=\"de_DE\" \/>\n<meta property=\"og:type\" content=\"article\" \/>\n<meta property=\"og:title\" content=\"13 - unsere Gl\u00fcckszahl - einfach.zufrieden.sein.\" \/>\n<meta property=\"og:description\" content=\"Der 13. Chemozyklus ist gestartet. Jetzt sind nur noch drei bis zum Ende der geplanten Chemotherapie. Es gibt ein Licht am Ende des Tunnels.\" \/>\n<meta property=\"og:url\" content=\"https:\/\/einfachzufriedensein.de\/?p=867\" \/>\n<meta property=\"og:site_name\" content=\"einfach.zufrieden.sein.\" \/>\n<meta property=\"article:published_time\" content=\"2025-03-27T19:46:48+00:00\" \/>\n<meta property=\"article:modified_time\" content=\"2025-03-28T09:15:35+00:00\" \/>\n<meta property=\"og:image\" content=\"https:\/\/einfachzufriedensein.de\/wp-content\/uploads\/2024\/10\/einfach.-zufrieden.-sein-2.png\" \/>\n\t<meta property=\"og:image:width\" content=\"500\" \/>\n\t<meta property=\"og:image:height\" content=\"500\" \/>\n\t<meta property=\"og:image:type\" content=\"image\/png\" \/>\n<meta name=\"author\" content=\"sfiedler\" \/>\n<meta name=\"twitter:card\" content=\"summary_large_image\" \/>\n<meta name=\"twitter:label1\" content=\"Verfasst von\" \/>\n\t<meta name=\"twitter:data1\" content=\"sfiedler\" \/>\n\t<meta name=\"twitter:label2\" content=\"Gesch\u00e4tzte Lesezeit\" \/>\n\t<meta name=\"twitter:data2\" content=\"4\u00a0Minuten\" \/>\n<script type=\"application\/ld+json\" class=\"yoast-schema-graph\">{\"@context\":\"https:\/\/schema.org\",\"@graph\":[{\"@type\":\"Article\",\"@id\":\"https:\/\/einfachzufriedensein.de\/?p=867#article\",\"isPartOf\":{\"@id\":\"https:\/\/einfachzufriedensein.de\/?p=867\"},\"author\":{\"name\":\"sfiedler\",\"@id\":\"https:\/\/einfachzufriedensein.de\/#\/schema\/person\/1c305a44404a7ae00e2ad15fb51bb53c\"},\"headline\":\"13 &#8211; unsere Gl\u00fcckszahl\",\"datePublished\":\"2025-03-27T19:46:48+00:00\",\"dateModified\":\"2025-03-28T09:15:35+00:00\",\"mainEntityOfPage\":{\"@id\":\"https:\/\/einfachzufriedensein.de\/?p=867\"},\"wordCount\":591,\"publisher\":{\"@id\":\"https:\/\/einfachzufriedensein.de\/#\/schema\/person\/1c305a44404a7ae00e2ad15fb51bb53c\"},\"image\":{\"@id\":\"https:\/\/einfachzufriedensein.de\/?p=867#primaryimage\"},\"thumbnailUrl\":\"https:\/\/einfachzufriedensein.de\/wp-content\/uploads\/2024\/10\/einfach.-zufrieden.-sein-2.png\",\"keywords\":[\"Alltag\",\"Brustkrebs\",\"Chemotherapie\",\"Chemozyklus\",\"Familie\",\"mentale St\u00e4rke\",\"Nebenwirkungen\",\"Spaziergang\"],\"inLanguage\":\"de\"},{\"@type\":\"WebPage\",\"@id\":\"https:\/\/einfachzufriedensein.de\/?p=867\",\"url\":\"https:\/\/einfachzufriedensein.de\/?p=867\",\"name\":\"13 - unsere Gl\u00fcckszahl - einfach.zufrieden.sein.\",\"isPartOf\":{\"@id\":\"https:\/\/einfachzufriedensein.de\/#website\"},\"primaryImageOfPage\":{\"@id\":\"https:\/\/einfachzufriedensein.de\/?p=867#primaryimage\"},\"image\":{\"@id\":\"https:\/\/einfachzufriedensein.de\/?p=867#primaryimage\"},\"thumbnailUrl\":\"https:\/\/einfachzufriedensein.de\/wp-content\/uploads\/2024\/10\/einfach.-zufrieden.-sein-2.png\",\"datePublished\":\"2025-03-27T19:46:48+00:00\",\"dateModified\":\"2025-03-28T09:15:35+00:00\",\"description\":\"Der 13. Chemozyklus ist gestartet. Jetzt sind nur noch drei bis zum Ende der geplanten Chemotherapie. Es gibt ein Licht am Ende des Tunnels.\",\"breadcrumb\":{\"@id\":\"https:\/\/einfachzufriedensein.de\/?p=867#breadcrumb\"},\"inLanguage\":\"de\",\"potentialAction\":[{\"@type\":\"ReadAction\",\"target\":[\"https:\/\/einfachzufriedensein.de\/?p=867\"]}]},{\"@type\":\"ImageObject\",\"inLanguage\":\"de\",\"@id\":\"https:\/\/einfachzufriedensein.de\/?p=867#primaryimage\",\"url\":\"https:\/\/einfachzufriedensein.de\/wp-content\/uploads\/2024\/10\/einfach.-zufrieden.-sein-2.png\",\"contentUrl\":\"https:\/\/einfachzufriedensein.de\/wp-content\/uploads\/2024\/10\/einfach.-zufrieden.-sein-2.png\",\"width\":500,\"height\":500},{\"@type\":\"BreadcrumbList\",\"@id\":\"https:\/\/einfachzufriedensein.de\/?p=867#breadcrumb\",\"itemListElement\":[{\"@type\":\"ListItem\",\"position\":1,\"name\":\"Startseite\",\"item\":\"https:\/\/einfachzufriedensein.de\/\"},{\"@type\":\"ListItem\",\"position\":2,\"name\":\"13 &#8211; unsere Gl\u00fcckszahl\"}]},{\"@type\":\"WebSite\",\"@id\":\"https:\/\/einfachzufriedensein.de\/#website\",\"url\":\"https:\/\/einfachzufriedensein.de\/\",\"name\":\"einfach.zufrieden.sein.\",\"description\":\"Der Brustkrebs &amp; ich  - das Tagebuch einer Brustkrebspatientin\",\"publisher\":{\"@id\":\"https:\/\/einfachzufriedensein.de\/#\/schema\/person\/1c305a44404a7ae00e2ad15fb51bb53c\"},\"potentialAction\":[{\"@type\":\"SearchAction\",\"target\":{\"@type\":\"EntryPoint\",\"urlTemplate\":\"https:\/\/einfachzufriedensein.de\/?s={search_term_string}\"},\"query-input\":{\"@type\":\"PropertyValueSpecification\",\"valueRequired\":true,\"valueName\":\"search_term_string\"}}],\"inLanguage\":\"de\"},{\"@type\":[\"Person\",\"Organization\"],\"@id\":\"https:\/\/einfachzufriedensein.de\/#\/schema\/person\/1c305a44404a7ae00e2ad15fb51bb53c\",\"name\":\"sfiedler\",\"image\":{\"@type\":\"ImageObject\",\"inLanguage\":\"de\",\"@id\":\"https:\/\/einfachzufriedensein.de\/#\/schema\/person\/image\/\",\"url\":\"https:\/\/einfachzufriedensein.de\/wp-content\/uploads\/2024\/10\/IMG20240928112843-scaled.jpg\",\"contentUrl\":\"https:\/\/einfachzufriedensein.de\/wp-content\/uploads\/2024\/10\/IMG20240928112843-scaled.jpg\",\"width\":1927,\"height\":2560,\"caption\":\"sfiedler\"},\"logo\":{\"@id\":\"https:\/\/einfachzufriedensein.de\/#\/schema\/person\/image\/\"},\"sameAs\":[\"https:\/\/einfachzufriedensein.de\"],\"url\":\"https:\/\/einfachzufriedensein.de\/?author=1\"}]}<\/script>\n<!-- \/ Yoast SEO plugin. -->","yoast_head_json":{"title":"13 - unsere Gl\u00fcckszahl - einfach.zufrieden.sein.","description":"Der 13. Chemozyklus ist gestartet. Jetzt sind nur noch drei bis zum Ende der geplanten Chemotherapie. Es gibt ein Licht am Ende des Tunnels.","robots":{"index":"index","follow":"follow","max-snippet":"max-snippet:-1","max-image-preview":"max-image-preview:large","max-video-preview":"max-video-preview:-1"},"canonical":"https:\/\/einfachzufriedensein.de\/?p=867","og_locale":"de_DE","og_type":"article","og_title":"13 - unsere Gl\u00fcckszahl - einfach.zufrieden.sein.","og_description":"Der 13. Chemozyklus ist gestartet. Jetzt sind nur noch drei bis zum Ende der geplanten Chemotherapie. Es gibt ein Licht am Ende des Tunnels.","og_url":"https:\/\/einfachzufriedensein.de\/?p=867","og_site_name":"einfach.zufrieden.sein.","article_published_time":"2025-03-27T19:46:48+00:00","article_modified_time":"2025-03-28T09:15:35+00:00","og_image":[{"width":500,"height":500,"url":"https:\/\/einfachzufriedensein.de\/wp-content\/uploads\/2024\/10\/einfach.-zufrieden.-sein-2.png","type":"image\/png"}],"author":"sfiedler","twitter_card":"summary_large_image","twitter_misc":{"Verfasst von":"sfiedler","Gesch\u00e4tzte Lesezeit":"4\u00a0Minuten"},"schema":{"@context":"https:\/\/schema.org","@graph":[{"@type":"Article","@id":"https:\/\/einfachzufriedensein.de\/?p=867#article","isPartOf":{"@id":"https:\/\/einfachzufriedensein.de\/?p=867"},"author":{"name":"sfiedler","@id":"https:\/\/einfachzufriedensein.de\/#\/schema\/person\/1c305a44404a7ae00e2ad15fb51bb53c"},"headline":"13 &#8211; unsere Gl\u00fcckszahl","datePublished":"2025-03-27T19:46:48+00:00","dateModified":"2025-03-28T09:15:35+00:00","mainEntityOfPage":{"@id":"https:\/\/einfachzufriedensein.de\/?p=867"},"wordCount":591,"publisher":{"@id":"https:\/\/einfachzufriedensein.de\/#\/schema\/person\/1c305a44404a7ae00e2ad15fb51bb53c"},"image":{"@id":"https:\/\/einfachzufriedensein.de\/?p=867#primaryimage"},"thumbnailUrl":"https:\/\/einfachzufriedensein.de\/wp-content\/uploads\/2024\/10\/einfach.-zufrieden.-sein-2.png","keywords":["Alltag","Brustkrebs","Chemotherapie","Chemozyklus","Familie","mentale St\u00e4rke","Nebenwirkungen","Spaziergang"],"inLanguage":"de"},{"@type":"WebPage","@id":"https:\/\/einfachzufriedensein.de\/?p=867","url":"https:\/\/einfachzufriedensein.de\/?p=867","name":"13 - unsere Gl\u00fcckszahl - einfach.zufrieden.sein.","isPartOf":{"@id":"https:\/\/einfachzufriedensein.de\/#website"},"primaryImageOfPage":{"@id":"https:\/\/einfachzufriedensein.de\/?p=867#primaryimage"},"image":{"@id":"https:\/\/einfachzufriedensein.de\/?p=867#primaryimage"},"thumbnailUrl":"https:\/\/einfachzufriedensein.de\/wp-content\/uploads\/2024\/10\/einfach.-zufrieden.-sein-2.png","datePublished":"2025-03-27T19:46:48+00:00","dateModified":"2025-03-28T09:15:35+00:00","description":"Der 13. Chemozyklus ist gestartet. Jetzt sind nur noch drei bis zum Ende der geplanten Chemotherapie. Es gibt ein Licht am Ende des Tunnels.","breadcrumb":{"@id":"https:\/\/einfachzufriedensein.de\/?p=867#breadcrumb"},"inLanguage":"de","potentialAction":[{"@type":"ReadAction","target":["https:\/\/einfachzufriedensein.de\/?p=867"]}]},{"@type":"ImageObject","inLanguage":"de","@id":"https:\/\/einfachzufriedensein.de\/?p=867#primaryimage","url":"https:\/\/einfachzufriedensein.de\/wp-content\/uploads\/2024\/10\/einfach.-zufrieden.-sein-2.png","contentUrl":"https:\/\/einfachzufriedensein.de\/wp-content\/uploads\/2024\/10\/einfach.-zufrieden.-sein-2.png","width":500,"height":500},{"@type":"BreadcrumbList","@id":"https:\/\/einfachzufriedensein.de\/?p=867#breadcrumb","itemListElement":[{"@type":"ListItem","position":1,"name":"Startseite","item":"https:\/\/einfachzufriedensein.de\/"},{"@type":"ListItem","position":2,"name":"13 &#8211; unsere Gl\u00fcckszahl"}]},{"@type":"WebSite","@id":"https:\/\/einfachzufriedensein.de\/#website","url":"https:\/\/einfachzufriedensein.de\/","name":"einfach.zufrieden.sein.","description":"Der Brustkrebs &amp; ich  - das Tagebuch einer Brustkrebspatientin","publisher":{"@id":"https:\/\/einfachzufriedensein.de\/#\/schema\/person\/1c305a44404a7ae00e2ad15fb51bb53c"},"potentialAction":[{"@type":"SearchAction","target":{"@type":"EntryPoint","urlTemplate":"https:\/\/einfachzufriedensein.de\/?s={search_term_string}"},"query-input":{"@type":"PropertyValueSpecification","valueRequired":true,"valueName":"search_term_string"}}],"inLanguage":"de"},{"@type":["Person","Organization"],"@id":"https:\/\/einfachzufriedensein.de\/#\/schema\/person\/1c305a44404a7ae00e2ad15fb51bb53c","name":"sfiedler","image":{"@type":"ImageObject","inLanguage":"de","@id":"https:\/\/einfachzufriedensein.de\/#\/schema\/person\/image\/","url":"https:\/\/einfachzufriedensein.de\/wp-content\/uploads\/2024\/10\/IMG20240928112843-scaled.jpg","contentUrl":"https:\/\/einfachzufriedensein.de\/wp-content\/uploads\/2024\/10\/IMG20240928112843-scaled.jpg","width":1927,"height":2560,"caption":"sfiedler"},"logo":{"@id":"https:\/\/einfachzufriedensein.de\/#\/schema\/person\/image\/"},"sameAs":["https:\/\/einfachzufriedensein.de"],"url":"https:\/\/einfachzufriedensein.de\/?author=1"}]}},"_links":{"self":[{"href":"https:\/\/einfachzufriedensein.de\/index.php?rest_route=\/wp\/v2\/posts\/867","targetHints":{"allow":["GET"]}}],"collection":[{"href":"https:\/\/einfachzufriedensein.de\/index.php?rest_route=\/wp\/v2\/posts"}],"about":[{"href":"https:\/\/einfachzufriedensein.de\/index.php?rest_route=\/wp\/v2\/types\/post"}],"author":[{"embeddable":true,"href":"https:\/\/einfachzufriedensein.de\/index.php?rest_route=\/wp\/v2\/users\/1"}],"replies":[{"embeddable":true,"href":"https:\/\/einfachzufriedensein.de\/index.php?rest_route=%2Fwp%2Fv2%2Fcomments&post=867"}],"version-history":[{"count":6,"href":"https:\/\/einfachzufriedensein.de\/index.php?rest_route=\/wp\/v2\/posts\/867\/revisions"}],"predecessor-version":[{"id":878,"href":"https:\/\/einfachzufriedensein.de\/index.php?rest_route=\/wp\/v2\/posts\/867\/revisions\/878"}],"wp:featuredmedia":[{"embeddable":true,"href":"https:\/\/einfachzufriedensein.de\/index.php?rest_route=\/wp\/v2\/media\/57"}],"wp:attachment":[{"href":"https:\/\/einfachzufriedensein.de\/index.php?rest_route=%2Fwp%2Fv2%2Fmedia&parent=867"}],"wp:term":[{"taxonomy":"category","embeddable":true,"href":"https:\/\/einfachzufriedensein.de\/index.php?rest_route=%2Fwp%2Fv2%2Fcategories&post=867"},{"taxonomy":"post_tag","embeddable":true,"href":"https:\/\/einfachzufriedensein.de\/index.php?rest_route=%2Fwp%2Fv2%2Ftags&post=867"}],"curies":[{"name":"wp","href":"https:\/\/api.w.org\/{rel}","templated":true}]}}