{"id":803,"date":"2025-03-14T16:39:04","date_gmt":"2025-03-14T15:39:04","guid":{"rendered":"https:\/\/einfachzufriedensein.de\/?p=803"},"modified":"2025-03-14T16:39:05","modified_gmt":"2025-03-14T15:39:05","slug":"ruhetag","status":"publish","type":"post","link":"https:\/\/einfachzufriedensein.de\/?p=803","title":{"rendered":"Ruhetag"},"content":{"rendered":"\n<p>Freitags ist immer mein Ruhetag. Ich nehme mir nichts vor, damit ich bei Bedarf meinem K\u00f6rper die Ruhe geben kann, die er in dem Moment ben\u00f6tigt. Der Tag direkt nach der Chemo ist immer irgendwie anders. Letzte Nacht konnte ich fast gar nicht schlafen. Ich wurde nach nur anderthalb Stunden von heftigem Sodbrennen geweckt und habe versucht dies mit Heilerdekapseln zu bek\u00e4mpfen. Hat leider nur kurzfristig geklappt. Aber beim Versuch wieder einzuschlafen, sprang direkt mein Kopfkino an und mir gingen tausend Dinge durch den Kopf. Letztendlich bin ich um 2.30 Uhr aufgestanden, habe mir einen Tee gekocht und mir es auf dem Sofa gem\u00fctlich gemacht. Die Chemo wirkt und mein K\u00f6rper arbeitet dagegen an, denn ich habe schon wieder so rote B\u00e4ckchen im Gesicht. Geschlafen habe ich dann nochmal zwei Stunden, bis ich Carsten geh\u00f6rt habe und wir mit einer Tasse Tee und Sport in den Tag gestartet sind. <\/p>\n\n\n\n<p>Mein Energielevel ist gut und ich bin nicht schlapp, aber ich verbringe den Tag \u00fcberwiegend auf der Couch. Meine Geschmacksnerven sind seit gestern schon wieder etwas irritiert, es f\u00fchlt sich etwas pelzig im Mund an. Da meine Blutwerte innerhalb der letzten Woche schlechter geworden sind, muss ich mir nun zwei Tage lang ein Medikament spritzen. Ich habe grunds\u00e4tzlich kein Problem damit, mich selbst zu spritzen und die Fertigspritzen sind wirklich leicht in der Handhabung. Nun hoffe ich, dass mir die Nebenwirkungen der Spritzen erspart bleiben &#8211; ihr erinnert euch &#8211; die Muskelschmerzen. Wir werden n\u00e4mlich dieses Wochenende verreisen. Es geht nach M\u00fcnchen zu einem Fotoshooting, das man als Krebspatient kostenfrei machen kann. Initiator ist ein gemeinn\u00fctziger Verein &#8211; <a href=\"https:\/\/recoveryoursmile.org\/\" target=\"_blank\" rel=\"noreferrer noopener\">Recover Your Smile<\/a> und ich freue mich riesig darauf. Wir werden professionell geschminkt und ein Fotograf r\u00fcckt uns ins rechte Licht. Dabei entstehen wundersch\u00f6ne Fotos, das habe ich schon bei vorherigen Projektteilnehmern gesehen. Ich bin sehr gespannt darauf. Wir verbinden das mit einem Besuch bei Freunden am Starnberger See und auf der R\u00fcckreise werden wir noch meine Schwiegereltern besuchen. Ein Kurztrip, aber einfach mal ein Tapetenwechsel. Mehr ist zeitlich im Moment nicht drin, da mir zwischen Blutkontrolle und Chemo ja nur f\u00fcnf Tage zur freien Verf\u00fcgung bleiben. <\/p>\n\n\n\n<p>Ach, fast vergessen &#8211; seit dieser Woche fangen meine Haare wieder an zu wachsen. Ein ganz leichter Flaum, aber sie wachsen wieder. Wir werden sie allerdings noch einmal rasieren. <\/p>\n\n\n\n<p> <img loading=\"lazy\" decoding=\"async\" width=\"300\" height=\"300\" class=\"wp-image-807\" style=\"width: 300px;\" src=\"https:\/\/einfachzufriedensein.de\/wp-content\/uploads\/2025\/03\/IMG20250314092825-COLLAGE.jpg\" alt=\"\" srcset=\"https:\/\/einfachzufriedensein.de\/wp-content\/uploads\/2025\/03\/IMG20250314092825-COLLAGE.jpg 2046w, https:\/\/einfachzufriedensein.de\/wp-content\/uploads\/2025\/03\/IMG20250314092825-COLLAGE-300x300.jpg 300w, https:\/\/einfachzufriedensein.de\/wp-content\/uploads\/2025\/03\/IMG20250314092825-COLLAGE-1024x1024.jpg 1024w, https:\/\/einfachzufriedensein.de\/wp-content\/uploads\/2025\/03\/IMG20250314092825-COLLAGE-150x150.jpg 150w, https:\/\/einfachzufriedensein.de\/wp-content\/uploads\/2025\/03\/IMG20250314092825-COLLAGE-768x768.jpg 768w, https:\/\/einfachzufriedensein.de\/wp-content\/uploads\/2025\/03\/IMG20250314092825-COLLAGE-1536x1536.jpg 1536w\" sizes=\"auto, (max-width: 300px) 100vw, 300px\" \/><\/p>\n","protected":false},"excerpt":{"rendered":"<p class=\"text-justify\">Freitags ist immer mein Ruhetag. Ich nehme mir nichts vor, damit ich bei Bedarf meinem K\u00f6rper die Ruhe geben kann, die er [&hellip;]<\/p>\n","protected":false},"author":1,"featured_media":57,"comment_status":"closed","ping_status":"open","sticky":false,"template":"","format":"standard","meta":{"footnotes":""},"categories":[1],"tags":[2,11,31,18,34],"class_list":["post-803","post","type-post","status-publish","format-standard","has-post-thumbnail","hentry","category-allgemein","tag-brustkrebs","tag-chemotherapie","tag-chemozyklus","tag-nebenwirkungen","tag-schlaflosigkeit"],"yoast_head":"<!-- This site is optimized with the Yoast SEO plugin v24.1 - https:\/\/yoast.com\/wordpress\/plugins\/seo\/ -->\n<title>Ruhetag - einfach.zufrieden.sein.<\/title>\n<meta name=\"description\" content=\"Direkt nach der Chemo lege ich immer einen Ruhetag ein - keine Termine oder andere Arbeiten. Zeit f\u00fcr Erholung.\" \/>\n<meta name=\"robots\" content=\"index, follow, max-snippet:-1, max-image-preview:large, max-video-preview:-1\" \/>\n<link rel=\"canonical\" href=\"https:\/\/einfachzufriedensein.de\/?p=803\" \/>\n<meta property=\"og:locale\" content=\"de_DE\" \/>\n<meta property=\"og:type\" content=\"article\" \/>\n<meta property=\"og:title\" content=\"Ruhetag - einfach.zufrieden.sein.\" \/>\n<meta property=\"og:description\" content=\"Direkt nach der Chemo lege ich immer einen Ruhetag ein - keine Termine oder andere Arbeiten. Zeit f\u00fcr Erholung.\" \/>\n<meta property=\"og:url\" content=\"https:\/\/einfachzufriedensein.de\/?p=803\" \/>\n<meta property=\"og:site_name\" content=\"einfach.zufrieden.sein.\" \/>\n<meta property=\"article:published_time\" content=\"2025-03-14T15:39:04+00:00\" \/>\n<meta property=\"article:modified_time\" content=\"2025-03-14T15:39:05+00:00\" \/>\n<meta property=\"og:image\" content=\"https:\/\/einfachzufriedensein.de\/wp-content\/uploads\/2024\/10\/einfach.-zufrieden.-sein-2.png\" \/>\n\t<meta property=\"og:image:width\" content=\"500\" \/>\n\t<meta property=\"og:image:height\" content=\"500\" \/>\n\t<meta property=\"og:image:type\" content=\"image\/png\" \/>\n<meta name=\"author\" content=\"sfiedler\" \/>\n<meta name=\"twitter:card\" content=\"summary_large_image\" \/>\n<meta name=\"twitter:label1\" content=\"Verfasst von\" \/>\n\t<meta name=\"twitter:data1\" content=\"sfiedler\" \/>\n\t<meta name=\"twitter:label2\" content=\"Gesch\u00e4tzte Lesezeit\" \/>\n\t<meta name=\"twitter:data2\" content=\"3\u00a0Minuten\" \/>\n<script type=\"application\/ld+json\" class=\"yoast-schema-graph\">{\"@context\":\"https:\/\/schema.org\",\"@graph\":[{\"@type\":\"Article\",\"@id\":\"https:\/\/einfachzufriedensein.de\/?p=803#article\",\"isPartOf\":{\"@id\":\"https:\/\/einfachzufriedensein.de\/?p=803\"},\"author\":{\"name\":\"sfiedler\",\"@id\":\"https:\/\/einfachzufriedensein.de\/#\/schema\/person\/1c305a44404a7ae00e2ad15fb51bb53c\"},\"headline\":\"Ruhetag\",\"datePublished\":\"2025-03-14T15:39:04+00:00\",\"dateModified\":\"2025-03-14T15:39:05+00:00\",\"mainEntityOfPage\":{\"@id\":\"https:\/\/einfachzufriedensein.de\/?p=803\"},\"wordCount\":400,\"publisher\":{\"@id\":\"https:\/\/einfachzufriedensein.de\/#\/schema\/person\/1c305a44404a7ae00e2ad15fb51bb53c\"},\"image\":{\"@id\":\"https:\/\/einfachzufriedensein.de\/?p=803#primaryimage\"},\"thumbnailUrl\":\"https:\/\/einfachzufriedensein.de\/wp-content\/uploads\/2024\/10\/einfach.-zufrieden.-sein-2.png\",\"keywords\":[\"Brustkrebs\",\"Chemotherapie\",\"Chemozyklus\",\"Nebenwirkungen\",\"Schlaflosigkeit\"],\"inLanguage\":\"de\"},{\"@type\":\"WebPage\",\"@id\":\"https:\/\/einfachzufriedensein.de\/?p=803\",\"url\":\"https:\/\/einfachzufriedensein.de\/?p=803\",\"name\":\"Ruhetag - einfach.zufrieden.sein.\",\"isPartOf\":{\"@id\":\"https:\/\/einfachzufriedensein.de\/#website\"},\"primaryImageOfPage\":{\"@id\":\"https:\/\/einfachzufriedensein.de\/?p=803#primaryimage\"},\"image\":{\"@id\":\"https:\/\/einfachzufriedensein.de\/?p=803#primaryimage\"},\"thumbnailUrl\":\"https:\/\/einfachzufriedensein.de\/wp-content\/uploads\/2024\/10\/einfach.-zufrieden.-sein-2.png\",\"datePublished\":\"2025-03-14T15:39:04+00:00\",\"dateModified\":\"2025-03-14T15:39:05+00:00\",\"description\":\"Direkt nach der Chemo lege ich immer einen Ruhetag ein - keine Termine oder andere Arbeiten. Zeit f\u00fcr Erholung.\",\"breadcrumb\":{\"@id\":\"https:\/\/einfachzufriedensein.de\/?p=803#breadcrumb\"},\"inLanguage\":\"de\",\"potentialAction\":[{\"@type\":\"ReadAction\",\"target\":[\"https:\/\/einfachzufriedensein.de\/?p=803\"]}]},{\"@type\":\"ImageObject\",\"inLanguage\":\"de\",\"@id\":\"https:\/\/einfachzufriedensein.de\/?p=803#primaryimage\",\"url\":\"https:\/\/einfachzufriedensein.de\/wp-content\/uploads\/2024\/10\/einfach.-zufrieden.-sein-2.png\",\"contentUrl\":\"https:\/\/einfachzufriedensein.de\/wp-content\/uploads\/2024\/10\/einfach.-zufrieden.-sein-2.png\",\"width\":500,\"height\":500},{\"@type\":\"BreadcrumbList\",\"@id\":\"https:\/\/einfachzufriedensein.de\/?p=803#breadcrumb\",\"itemListElement\":[{\"@type\":\"ListItem\",\"position\":1,\"name\":\"Startseite\",\"item\":\"https:\/\/einfachzufriedensein.de\/\"},{\"@type\":\"ListItem\",\"position\":2,\"name\":\"Ruhetag\"}]},{\"@type\":\"WebSite\",\"@id\":\"https:\/\/einfachzufriedensein.de\/#website\",\"url\":\"https:\/\/einfachzufriedensein.de\/\",\"name\":\"einfach.zufrieden.sein.\",\"description\":\"Der Brustkrebs &amp; ich  - das Tagebuch einer Brustkrebspatientin\",\"publisher\":{\"@id\":\"https:\/\/einfachzufriedensein.de\/#\/schema\/person\/1c305a44404a7ae00e2ad15fb51bb53c\"},\"potentialAction\":[{\"@type\":\"SearchAction\",\"target\":{\"@type\":\"EntryPoint\",\"urlTemplate\":\"https:\/\/einfachzufriedensein.de\/?s={search_term_string}\"},\"query-input\":{\"@type\":\"PropertyValueSpecification\",\"valueRequired\":true,\"valueName\":\"search_term_string\"}}],\"inLanguage\":\"de\"},{\"@type\":[\"Person\",\"Organization\"],\"@id\":\"https:\/\/einfachzufriedensein.de\/#\/schema\/person\/1c305a44404a7ae00e2ad15fb51bb53c\",\"name\":\"sfiedler\",\"image\":{\"@type\":\"ImageObject\",\"inLanguage\":\"de\",\"@id\":\"https:\/\/einfachzufriedensein.de\/#\/schema\/person\/image\/\",\"url\":\"https:\/\/einfachzufriedensein.de\/wp-content\/uploads\/2024\/10\/IMG20240928112843-scaled.jpg\",\"contentUrl\":\"https:\/\/einfachzufriedensein.de\/wp-content\/uploads\/2024\/10\/IMG20240928112843-scaled.jpg\",\"width\":1927,\"height\":2560,\"caption\":\"sfiedler\"},\"logo\":{\"@id\":\"https:\/\/einfachzufriedensein.de\/#\/schema\/person\/image\/\"},\"sameAs\":[\"https:\/\/einfachzufriedensein.de\"],\"url\":\"https:\/\/einfachzufriedensein.de\/?author=1\"}]}<\/script>\n<!-- \/ Yoast SEO plugin. -->","yoast_head_json":{"title":"Ruhetag - einfach.zufrieden.sein.","description":"Direkt nach der Chemo lege ich immer einen Ruhetag ein - keine Termine oder andere Arbeiten. Zeit f\u00fcr Erholung.","robots":{"index":"index","follow":"follow","max-snippet":"max-snippet:-1","max-image-preview":"max-image-preview:large","max-video-preview":"max-video-preview:-1"},"canonical":"https:\/\/einfachzufriedensein.de\/?p=803","og_locale":"de_DE","og_type":"article","og_title":"Ruhetag - einfach.zufrieden.sein.","og_description":"Direkt nach der Chemo lege ich immer einen Ruhetag ein - keine Termine oder andere Arbeiten. Zeit f\u00fcr Erholung.","og_url":"https:\/\/einfachzufriedensein.de\/?p=803","og_site_name":"einfach.zufrieden.sein.","article_published_time":"2025-03-14T15:39:04+00:00","article_modified_time":"2025-03-14T15:39:05+00:00","og_image":[{"width":500,"height":500,"url":"https:\/\/einfachzufriedensein.de\/wp-content\/uploads\/2024\/10\/einfach.-zufrieden.-sein-2.png","type":"image\/png"}],"author":"sfiedler","twitter_card":"summary_large_image","twitter_misc":{"Verfasst von":"sfiedler","Gesch\u00e4tzte Lesezeit":"3\u00a0Minuten"},"schema":{"@context":"https:\/\/schema.org","@graph":[{"@type":"Article","@id":"https:\/\/einfachzufriedensein.de\/?p=803#article","isPartOf":{"@id":"https:\/\/einfachzufriedensein.de\/?p=803"},"author":{"name":"sfiedler","@id":"https:\/\/einfachzufriedensein.de\/#\/schema\/person\/1c305a44404a7ae00e2ad15fb51bb53c"},"headline":"Ruhetag","datePublished":"2025-03-14T15:39:04+00:00","dateModified":"2025-03-14T15:39:05+00:00","mainEntityOfPage":{"@id":"https:\/\/einfachzufriedensein.de\/?p=803"},"wordCount":400,"publisher":{"@id":"https:\/\/einfachzufriedensein.de\/#\/schema\/person\/1c305a44404a7ae00e2ad15fb51bb53c"},"image":{"@id":"https:\/\/einfachzufriedensein.de\/?p=803#primaryimage"},"thumbnailUrl":"https:\/\/einfachzufriedensein.de\/wp-content\/uploads\/2024\/10\/einfach.-zufrieden.-sein-2.png","keywords":["Brustkrebs","Chemotherapie","Chemozyklus","Nebenwirkungen","Schlaflosigkeit"],"inLanguage":"de"},{"@type":"WebPage","@id":"https:\/\/einfachzufriedensein.de\/?p=803","url":"https:\/\/einfachzufriedensein.de\/?p=803","name":"Ruhetag - einfach.zufrieden.sein.","isPartOf":{"@id":"https:\/\/einfachzufriedensein.de\/#website"},"primaryImageOfPage":{"@id":"https:\/\/einfachzufriedensein.de\/?p=803#primaryimage"},"image":{"@id":"https:\/\/einfachzufriedensein.de\/?p=803#primaryimage"},"thumbnailUrl":"https:\/\/einfachzufriedensein.de\/wp-content\/uploads\/2024\/10\/einfach.-zufrieden.-sein-2.png","datePublished":"2025-03-14T15:39:04+00:00","dateModified":"2025-03-14T15:39:05+00:00","description":"Direkt nach der Chemo lege ich immer einen Ruhetag ein - keine Termine oder andere Arbeiten. Zeit f\u00fcr Erholung.","breadcrumb":{"@id":"https:\/\/einfachzufriedensein.de\/?p=803#breadcrumb"},"inLanguage":"de","potentialAction":[{"@type":"ReadAction","target":["https:\/\/einfachzufriedensein.de\/?p=803"]}]},{"@type":"ImageObject","inLanguage":"de","@id":"https:\/\/einfachzufriedensein.de\/?p=803#primaryimage","url":"https:\/\/einfachzufriedensein.de\/wp-content\/uploads\/2024\/10\/einfach.-zufrieden.-sein-2.png","contentUrl":"https:\/\/einfachzufriedensein.de\/wp-content\/uploads\/2024\/10\/einfach.-zufrieden.-sein-2.png","width":500,"height":500},{"@type":"BreadcrumbList","@id":"https:\/\/einfachzufriedensein.de\/?p=803#breadcrumb","itemListElement":[{"@type":"ListItem","position":1,"name":"Startseite","item":"https:\/\/einfachzufriedensein.de\/"},{"@type":"ListItem","position":2,"name":"Ruhetag"}]},{"@type":"WebSite","@id":"https:\/\/einfachzufriedensein.de\/#website","url":"https:\/\/einfachzufriedensein.de\/","name":"einfach.zufrieden.sein.","description":"Der Brustkrebs &amp; ich  - das Tagebuch einer Brustkrebspatientin","publisher":{"@id":"https:\/\/einfachzufriedensein.de\/#\/schema\/person\/1c305a44404a7ae00e2ad15fb51bb53c"},"potentialAction":[{"@type":"SearchAction","target":{"@type":"EntryPoint","urlTemplate":"https:\/\/einfachzufriedensein.de\/?s={search_term_string}"},"query-input":{"@type":"PropertyValueSpecification","valueRequired":true,"valueName":"search_term_string"}}],"inLanguage":"de"},{"@type":["Person","Organization"],"@id":"https:\/\/einfachzufriedensein.de\/#\/schema\/person\/1c305a44404a7ae00e2ad15fb51bb53c","name":"sfiedler","image":{"@type":"ImageObject","inLanguage":"de","@id":"https:\/\/einfachzufriedensein.de\/#\/schema\/person\/image\/","url":"https:\/\/einfachzufriedensein.de\/wp-content\/uploads\/2024\/10\/IMG20240928112843-scaled.jpg","contentUrl":"https:\/\/einfachzufriedensein.de\/wp-content\/uploads\/2024\/10\/IMG20240928112843-scaled.jpg","width":1927,"height":2560,"caption":"sfiedler"},"logo":{"@id":"https:\/\/einfachzufriedensein.de\/#\/schema\/person\/image\/"},"sameAs":["https:\/\/einfachzufriedensein.de"],"url":"https:\/\/einfachzufriedensein.de\/?author=1"}]}},"_links":{"self":[{"href":"https:\/\/einfachzufriedensein.de\/index.php?rest_route=\/wp\/v2\/posts\/803","targetHints":{"allow":["GET"]}}],"collection":[{"href":"https:\/\/einfachzufriedensein.de\/index.php?rest_route=\/wp\/v2\/posts"}],"about":[{"href":"https:\/\/einfachzufriedensein.de\/index.php?rest_route=\/wp\/v2\/types\/post"}],"author":[{"embeddable":true,"href":"https:\/\/einfachzufriedensein.de\/index.php?rest_route=\/wp\/v2\/users\/1"}],"replies":[{"embeddable":true,"href":"https:\/\/einfachzufriedensein.de\/index.php?rest_route=%2Fwp%2Fv2%2Fcomments&post=803"}],"version-history":[{"count":3,"href":"https:\/\/einfachzufriedensein.de\/index.php?rest_route=\/wp\/v2\/posts\/803\/revisions"}],"predecessor-version":[{"id":808,"href":"https:\/\/einfachzufriedensein.de\/index.php?rest_route=\/wp\/v2\/posts\/803\/revisions\/808"}],"wp:featuredmedia":[{"embeddable":true,"href":"https:\/\/einfachzufriedensein.de\/index.php?rest_route=\/wp\/v2\/media\/57"}],"wp:attachment":[{"href":"https:\/\/einfachzufriedensein.de\/index.php?rest_route=%2Fwp%2Fv2%2Fmedia&parent=803"}],"wp:term":[{"taxonomy":"category","embeddable":true,"href":"https:\/\/einfachzufriedensein.de\/index.php?rest_route=%2Fwp%2Fv2%2Fcategories&post=803"},{"taxonomy":"post_tag","embeddable":true,"href":"https:\/\/einfachzufriedensein.de\/index.php?rest_route=%2Fwp%2Fv2%2Ftags&post=803"}],"curies":[{"name":"wp","href":"https:\/\/api.w.org\/{rel}","templated":true}]}}