{"id":738,"date":"2025-03-06T16:49:55","date_gmt":"2025-03-06T15:49:55","guid":{"rendered":"https:\/\/einfachzufriedensein.de\/?p=738"},"modified":"2025-03-07T13:24:55","modified_gmt":"2025-03-07T12:24:55","slug":"der-bunte-vogel","status":"publish","type":"post","link":"https:\/\/einfachzufriedensein.de\/?p=738","title":{"rendered":"Der bunte Vogel"},"content":{"rendered":"\n<p>In dieser Woche habe ich sehr viele Komplimente f\u00fcr meine farbenfrohen Outfits bekommen. Sogar auf meine farblich passenden Atemschutzmasken wurde ich angesprochen. Selbst im Brustzentrum falle ich auf und die Schwestern sprechen mich darauf an. Es bereitet mir einfach gro\u00dfe Freude, alles farblich aufeinander abzustimmen und mit den Farben aus der Masse herauszustechen. Wenn ich mich so in der onkologischen Ambulanz umschaue, ist der Kleidungsstil vieler Menschen leider eher weniger farbig. Schwarz und grau dominieren. Nun ist das vielleicht auch nicht unbedingt der Ort an dem die Menschen sich \u00fcber farbige Kleidung vordergr\u00fcndig Gedanken machen. Warum eigentlich nicht? Nur weil ich krank bin, muss ich mich doch nicht auch \u00e4u\u00dferlich so zeigen. Ich finde Farbe ist auch ein Lebensgef\u00fchl und es sollten mehr Menschen, auch wenn sie krank sind, Mut zur Farbe haben und damit experimentieren. Es macht Freude sich selbst im Spiegel zu betrachten und das Umfeld reagiert ebenfalls positiv darauf. Kleider machen Leute und wir Menschen beurteilen zun\u00e4chst erst nach den \u00c4u\u00dferlichkeiten. Bevor wir in den pers\u00f6nlichen Kontakt treten, betrachten wir unser Gegen\u00fcber sehr genau.<\/p>\n\n\n\n<p>Sich farbig kleiden hat nichts mit durchgeknallt oder schrill und schr\u00e4g sein zu tun. Es hat etwas mit Selbstwertgef\u00fchl und Lebensfreude zu tun. Wie m\u00f6chte ich in der Aussenwelt wahrgenommen werden? Klar, wenn ich unerkannt durch Welt gehen will, dann ist auffallen durch Farbe nicht der richtige Weg. Habt einfach mal Mut zur Farbe und schaut selbst, was es mit euch und eurem Umfeld macht! Und solche Ausreden wie &#8211; mir steht die Farbe nicht &#8211; solltet ihr beiseite schieben. Probiert es mal aus. Ja es gibt Farben, die zu bestimmten Haut- und Haartypen nicht passen, aber wenn ihr es nicht anprobiert, werdet ihr es nicht herausfinden. Bringt etwas Farbe in den grauen Alltag und ihr werdet merken wie gut euch das tut.<\/p>\n\n\n\n<p>Auch ich habe schwarz und grau in meinem Kleiderschrank, kombiniere das dann aber meist mit einer frischen Farbe. Carsten und ich sind mittlerweile daf\u00fcr bekannt, dass wir immer sehr farbig unterwegs sind. Selbst in unserem kleinen Dorf wurden wir schon darauf angesprochen. Und es ist auch keine Frage des Geldes, ob man sich farbig kleidet. Wir sind eher als Schn\u00e4ppchenj\u00e4ger unterwegs und machen uns auch nichts aus Marken. Und auch das Alter hat nichts mit dem Tragen von Farbe zu tun. Gerade den \u00e4lteren Generationen w\u00fcrde es sicher gut stehen etwas mutiger mit Farben bei ihrer Kleidung zu sein. Alt und krank sind keine Ausschlusskriterien f\u00fcr farbige Kleidung. <\/p>\n\n\n\n<p>Denkt mal dr\u00fcber nach. Gern begleite ich euch auch beim shoppen von farbiger Kleidung. \ud83d\ude09<\/p>\n\n\n\n<p> <img loading=\"lazy\" decoding=\"async\" width=\"300\" height=\"300\" class=\"wp-image-776\" style=\"width: 300px;\" src=\"https:\/\/einfachzufriedensein.de\/wp-content\/uploads\/2025\/03\/IMG20250226150223-COLLAGE.jpg\" alt=\"\" srcset=\"https:\/\/einfachzufriedensein.de\/wp-content\/uploads\/2025\/03\/IMG20250226150223-COLLAGE.jpg 2046w, https:\/\/einfachzufriedensein.de\/wp-content\/uploads\/2025\/03\/IMG20250226150223-COLLAGE-300x300.jpg 300w, https:\/\/einfachzufriedensein.de\/wp-content\/uploads\/2025\/03\/IMG20250226150223-COLLAGE-1024x1024.jpg 1024w, https:\/\/einfachzufriedensein.de\/wp-content\/uploads\/2025\/03\/IMG20250226150223-COLLAGE-150x150.jpg 150w, https:\/\/einfachzufriedensein.de\/wp-content\/uploads\/2025\/03\/IMG20250226150223-COLLAGE-768x768.jpg 768w, https:\/\/einfachzufriedensein.de\/wp-content\/uploads\/2025\/03\/IMG20250226150223-COLLAGE-1536x1536.jpg 1536w\" sizes=\"auto, (max-width: 300px) 100vw, 300px\" \/><\/p>\n","protected":false},"excerpt":{"rendered":"<p class=\"text-justify\">In dieser Woche habe ich sehr viele Komplimente f\u00fcr meine farbenfrohen Outfits bekommen. Sogar auf meine farblich passenden Atemschutzmasken wurde ich angesprochen. [&hellip;]<\/p>\n","protected":false},"author":1,"featured_media":57,"comment_status":"closed","ping_status":"open","sticky":false,"template":"","format":"standard","meta":{"footnotes":""},"categories":[1],"tags":[2,96,16,97],"class_list":["post-738","post","type-post","status-publish","format-standard","has-post-thumbnail","hentry","category-allgemein","tag-brustkrebs","tag-lebensfreude","tag-mentale-staerke","tag-selbstwertgefuehl"],"yoast_head":"<!-- This site is optimized with the Yoast SEO plugin v24.1 - https:\/\/yoast.com\/wordpress\/plugins\/seo\/ -->\n<title>Der bunte Vogel - einfach.zufrieden.sein.<\/title>\n<meta name=\"description\" content=\"Sich farbig kleiden bedeutet auch Lebensfreude und Selbstwertgef\u00fchl. Alter und Krankheit sind keine Ausrede f\u00fcr Farbe im grauen Alltag.\" \/>\n<meta name=\"robots\" content=\"index, follow, max-snippet:-1, max-image-preview:large, max-video-preview:-1\" \/>\n<link rel=\"canonical\" href=\"https:\/\/einfachzufriedensein.de\/?p=738\" \/>\n<meta property=\"og:locale\" content=\"de_DE\" \/>\n<meta property=\"og:type\" content=\"article\" \/>\n<meta property=\"og:title\" content=\"Der bunte Vogel - einfach.zufrieden.sein.\" \/>\n<meta property=\"og:description\" content=\"Sich farbig kleiden bedeutet auch Lebensfreude und Selbstwertgef\u00fchl. Alter und Krankheit sind keine Ausrede f\u00fcr Farbe im grauen Alltag.\" \/>\n<meta property=\"og:url\" content=\"https:\/\/einfachzufriedensein.de\/?p=738\" \/>\n<meta property=\"og:site_name\" content=\"einfach.zufrieden.sein.\" \/>\n<meta property=\"article:published_time\" content=\"2025-03-06T15:49:55+00:00\" \/>\n<meta property=\"article:modified_time\" content=\"2025-03-07T12:24:55+00:00\" \/>\n<meta property=\"og:image\" content=\"https:\/\/einfachzufriedensein.de\/wp-content\/uploads\/2024\/10\/einfach.-zufrieden.-sein-2.png\" \/>\n\t<meta property=\"og:image:width\" content=\"500\" \/>\n\t<meta property=\"og:image:height\" content=\"500\" \/>\n\t<meta property=\"og:image:type\" content=\"image\/png\" \/>\n<meta name=\"author\" content=\"sfiedler\" \/>\n<meta name=\"twitter:card\" content=\"summary_large_image\" \/>\n<meta name=\"twitter:label1\" content=\"Verfasst von\" \/>\n\t<meta name=\"twitter:data1\" content=\"sfiedler\" \/>\n\t<meta name=\"twitter:label2\" content=\"Gesch\u00e4tzte Lesezeit\" \/>\n\t<meta name=\"twitter:data2\" content=\"3\u00a0Minuten\" \/>\n<script type=\"application\/ld+json\" class=\"yoast-schema-graph\">{\"@context\":\"https:\/\/schema.org\",\"@graph\":[{\"@type\":\"Article\",\"@id\":\"https:\/\/einfachzufriedensein.de\/?p=738#article\",\"isPartOf\":{\"@id\":\"https:\/\/einfachzufriedensein.de\/?p=738\"},\"author\":{\"name\":\"sfiedler\",\"@id\":\"https:\/\/einfachzufriedensein.de\/#\/schema\/person\/1c305a44404a7ae00e2ad15fb51bb53c\"},\"headline\":\"Der bunte Vogel\",\"datePublished\":\"2025-03-06T15:49:55+00:00\",\"dateModified\":\"2025-03-07T12:24:55+00:00\",\"mainEntityOfPage\":{\"@id\":\"https:\/\/einfachzufriedensein.de\/?p=738\"},\"wordCount\":444,\"publisher\":{\"@id\":\"https:\/\/einfachzufriedensein.de\/#\/schema\/person\/1c305a44404a7ae00e2ad15fb51bb53c\"},\"image\":{\"@id\":\"https:\/\/einfachzufriedensein.de\/?p=738#primaryimage\"},\"thumbnailUrl\":\"https:\/\/einfachzufriedensein.de\/wp-content\/uploads\/2024\/10\/einfach.-zufrieden.-sein-2.png\",\"keywords\":[\"Brustkrebs\",\"Lebensfreude\",\"mentale St\u00e4rke\",\"Selbstwertgef\u00fchl\"],\"inLanguage\":\"de\"},{\"@type\":\"WebPage\",\"@id\":\"https:\/\/einfachzufriedensein.de\/?p=738\",\"url\":\"https:\/\/einfachzufriedensein.de\/?p=738\",\"name\":\"Der bunte Vogel - einfach.zufrieden.sein.\",\"isPartOf\":{\"@id\":\"https:\/\/einfachzufriedensein.de\/#website\"},\"primaryImageOfPage\":{\"@id\":\"https:\/\/einfachzufriedensein.de\/?p=738#primaryimage\"},\"image\":{\"@id\":\"https:\/\/einfachzufriedensein.de\/?p=738#primaryimage\"},\"thumbnailUrl\":\"https:\/\/einfachzufriedensein.de\/wp-content\/uploads\/2024\/10\/einfach.-zufrieden.-sein-2.png\",\"datePublished\":\"2025-03-06T15:49:55+00:00\",\"dateModified\":\"2025-03-07T12:24:55+00:00\",\"description\":\"Sich farbig kleiden bedeutet auch Lebensfreude und Selbstwertgef\u00fchl. Alter und Krankheit sind keine Ausrede f\u00fcr Farbe im grauen Alltag.\",\"breadcrumb\":{\"@id\":\"https:\/\/einfachzufriedensein.de\/?p=738#breadcrumb\"},\"inLanguage\":\"de\",\"potentialAction\":[{\"@type\":\"ReadAction\",\"target\":[\"https:\/\/einfachzufriedensein.de\/?p=738\"]}]},{\"@type\":\"ImageObject\",\"inLanguage\":\"de\",\"@id\":\"https:\/\/einfachzufriedensein.de\/?p=738#primaryimage\",\"url\":\"https:\/\/einfachzufriedensein.de\/wp-content\/uploads\/2024\/10\/einfach.-zufrieden.-sein-2.png\",\"contentUrl\":\"https:\/\/einfachzufriedensein.de\/wp-content\/uploads\/2024\/10\/einfach.-zufrieden.-sein-2.png\",\"width\":500,\"height\":500},{\"@type\":\"BreadcrumbList\",\"@id\":\"https:\/\/einfachzufriedensein.de\/?p=738#breadcrumb\",\"itemListElement\":[{\"@type\":\"ListItem\",\"position\":1,\"name\":\"Startseite\",\"item\":\"https:\/\/einfachzufriedensein.de\/\"},{\"@type\":\"ListItem\",\"position\":2,\"name\":\"Der bunte Vogel\"}]},{\"@type\":\"WebSite\",\"@id\":\"https:\/\/einfachzufriedensein.de\/#website\",\"url\":\"https:\/\/einfachzufriedensein.de\/\",\"name\":\"einfach.zufrieden.sein.\",\"description\":\"Der Brustkrebs &amp; ich  - das Tagebuch einer Brustkrebspatientin\",\"publisher\":{\"@id\":\"https:\/\/einfachzufriedensein.de\/#\/schema\/person\/1c305a44404a7ae00e2ad15fb51bb53c\"},\"potentialAction\":[{\"@type\":\"SearchAction\",\"target\":{\"@type\":\"EntryPoint\",\"urlTemplate\":\"https:\/\/einfachzufriedensein.de\/?s={search_term_string}\"},\"query-input\":{\"@type\":\"PropertyValueSpecification\",\"valueRequired\":true,\"valueName\":\"search_term_string\"}}],\"inLanguage\":\"de\"},{\"@type\":[\"Person\",\"Organization\"],\"@id\":\"https:\/\/einfachzufriedensein.de\/#\/schema\/person\/1c305a44404a7ae00e2ad15fb51bb53c\",\"name\":\"sfiedler\",\"image\":{\"@type\":\"ImageObject\",\"inLanguage\":\"de\",\"@id\":\"https:\/\/einfachzufriedensein.de\/#\/schema\/person\/image\/\",\"url\":\"https:\/\/einfachzufriedensein.de\/wp-content\/uploads\/2024\/10\/IMG20240928112843-scaled.jpg\",\"contentUrl\":\"https:\/\/einfachzufriedensein.de\/wp-content\/uploads\/2024\/10\/IMG20240928112843-scaled.jpg\",\"width\":1927,\"height\":2560,\"caption\":\"sfiedler\"},\"logo\":{\"@id\":\"https:\/\/einfachzufriedensein.de\/#\/schema\/person\/image\/\"},\"sameAs\":[\"https:\/\/einfachzufriedensein.de\"],\"url\":\"https:\/\/einfachzufriedensein.de\/?author=1\"}]}<\/script>\n<!-- \/ Yoast SEO plugin. -->","yoast_head_json":{"title":"Der bunte Vogel - einfach.zufrieden.sein.","description":"Sich farbig kleiden bedeutet auch Lebensfreude und Selbstwertgef\u00fchl. Alter und Krankheit sind keine Ausrede f\u00fcr Farbe im grauen Alltag.","robots":{"index":"index","follow":"follow","max-snippet":"max-snippet:-1","max-image-preview":"max-image-preview:large","max-video-preview":"max-video-preview:-1"},"canonical":"https:\/\/einfachzufriedensein.de\/?p=738","og_locale":"de_DE","og_type":"article","og_title":"Der bunte Vogel - einfach.zufrieden.sein.","og_description":"Sich farbig kleiden bedeutet auch Lebensfreude und Selbstwertgef\u00fchl. Alter und Krankheit sind keine Ausrede f\u00fcr Farbe im grauen Alltag.","og_url":"https:\/\/einfachzufriedensein.de\/?p=738","og_site_name":"einfach.zufrieden.sein.","article_published_time":"2025-03-06T15:49:55+00:00","article_modified_time":"2025-03-07T12:24:55+00:00","og_image":[{"width":500,"height":500,"url":"https:\/\/einfachzufriedensein.de\/wp-content\/uploads\/2024\/10\/einfach.-zufrieden.-sein-2.png","type":"image\/png"}],"author":"sfiedler","twitter_card":"summary_large_image","twitter_misc":{"Verfasst von":"sfiedler","Gesch\u00e4tzte Lesezeit":"3\u00a0Minuten"},"schema":{"@context":"https:\/\/schema.org","@graph":[{"@type":"Article","@id":"https:\/\/einfachzufriedensein.de\/?p=738#article","isPartOf":{"@id":"https:\/\/einfachzufriedensein.de\/?p=738"},"author":{"name":"sfiedler","@id":"https:\/\/einfachzufriedensein.de\/#\/schema\/person\/1c305a44404a7ae00e2ad15fb51bb53c"},"headline":"Der bunte Vogel","datePublished":"2025-03-06T15:49:55+00:00","dateModified":"2025-03-07T12:24:55+00:00","mainEntityOfPage":{"@id":"https:\/\/einfachzufriedensein.de\/?p=738"},"wordCount":444,"publisher":{"@id":"https:\/\/einfachzufriedensein.de\/#\/schema\/person\/1c305a44404a7ae00e2ad15fb51bb53c"},"image":{"@id":"https:\/\/einfachzufriedensein.de\/?p=738#primaryimage"},"thumbnailUrl":"https:\/\/einfachzufriedensein.de\/wp-content\/uploads\/2024\/10\/einfach.-zufrieden.-sein-2.png","keywords":["Brustkrebs","Lebensfreude","mentale St\u00e4rke","Selbstwertgef\u00fchl"],"inLanguage":"de"},{"@type":"WebPage","@id":"https:\/\/einfachzufriedensein.de\/?p=738","url":"https:\/\/einfachzufriedensein.de\/?p=738","name":"Der bunte Vogel - einfach.zufrieden.sein.","isPartOf":{"@id":"https:\/\/einfachzufriedensein.de\/#website"},"primaryImageOfPage":{"@id":"https:\/\/einfachzufriedensein.de\/?p=738#primaryimage"},"image":{"@id":"https:\/\/einfachzufriedensein.de\/?p=738#primaryimage"},"thumbnailUrl":"https:\/\/einfachzufriedensein.de\/wp-content\/uploads\/2024\/10\/einfach.-zufrieden.-sein-2.png","datePublished":"2025-03-06T15:49:55+00:00","dateModified":"2025-03-07T12:24:55+00:00","description":"Sich farbig kleiden bedeutet auch Lebensfreude und Selbstwertgef\u00fchl. Alter und Krankheit sind keine Ausrede f\u00fcr Farbe im grauen Alltag.","breadcrumb":{"@id":"https:\/\/einfachzufriedensein.de\/?p=738#breadcrumb"},"inLanguage":"de","potentialAction":[{"@type":"ReadAction","target":["https:\/\/einfachzufriedensein.de\/?p=738"]}]},{"@type":"ImageObject","inLanguage":"de","@id":"https:\/\/einfachzufriedensein.de\/?p=738#primaryimage","url":"https:\/\/einfachzufriedensein.de\/wp-content\/uploads\/2024\/10\/einfach.-zufrieden.-sein-2.png","contentUrl":"https:\/\/einfachzufriedensein.de\/wp-content\/uploads\/2024\/10\/einfach.-zufrieden.-sein-2.png","width":500,"height":500},{"@type":"BreadcrumbList","@id":"https:\/\/einfachzufriedensein.de\/?p=738#breadcrumb","itemListElement":[{"@type":"ListItem","position":1,"name":"Startseite","item":"https:\/\/einfachzufriedensein.de\/"},{"@type":"ListItem","position":2,"name":"Der bunte Vogel"}]},{"@type":"WebSite","@id":"https:\/\/einfachzufriedensein.de\/#website","url":"https:\/\/einfachzufriedensein.de\/","name":"einfach.zufrieden.sein.","description":"Der Brustkrebs &amp; ich  - das Tagebuch einer Brustkrebspatientin","publisher":{"@id":"https:\/\/einfachzufriedensein.de\/#\/schema\/person\/1c305a44404a7ae00e2ad15fb51bb53c"},"potentialAction":[{"@type":"SearchAction","target":{"@type":"EntryPoint","urlTemplate":"https:\/\/einfachzufriedensein.de\/?s={search_term_string}"},"query-input":{"@type":"PropertyValueSpecification","valueRequired":true,"valueName":"search_term_string"}}],"inLanguage":"de"},{"@type":["Person","Organization"],"@id":"https:\/\/einfachzufriedensein.de\/#\/schema\/person\/1c305a44404a7ae00e2ad15fb51bb53c","name":"sfiedler","image":{"@type":"ImageObject","inLanguage":"de","@id":"https:\/\/einfachzufriedensein.de\/#\/schema\/person\/image\/","url":"https:\/\/einfachzufriedensein.de\/wp-content\/uploads\/2024\/10\/IMG20240928112843-scaled.jpg","contentUrl":"https:\/\/einfachzufriedensein.de\/wp-content\/uploads\/2024\/10\/IMG20240928112843-scaled.jpg","width":1927,"height":2560,"caption":"sfiedler"},"logo":{"@id":"https:\/\/einfachzufriedensein.de\/#\/schema\/person\/image\/"},"sameAs":["https:\/\/einfachzufriedensein.de"],"url":"https:\/\/einfachzufriedensein.de\/?author=1"}]}},"_links":{"self":[{"href":"https:\/\/einfachzufriedensein.de\/index.php?rest_route=\/wp\/v2\/posts\/738","targetHints":{"allow":["GET"]}}],"collection":[{"href":"https:\/\/einfachzufriedensein.de\/index.php?rest_route=\/wp\/v2\/posts"}],"about":[{"href":"https:\/\/einfachzufriedensein.de\/index.php?rest_route=\/wp\/v2\/types\/post"}],"author":[{"embeddable":true,"href":"https:\/\/einfachzufriedensein.de\/index.php?rest_route=\/wp\/v2\/users\/1"}],"replies":[{"embeddable":true,"href":"https:\/\/einfachzufriedensein.de\/index.php?rest_route=%2Fwp%2Fv2%2Fcomments&post=738"}],"version-history":[{"count":4,"href":"https:\/\/einfachzufriedensein.de\/index.php?rest_route=\/wp\/v2\/posts\/738\/revisions"}],"predecessor-version":[{"id":777,"href":"https:\/\/einfachzufriedensein.de\/index.php?rest_route=\/wp\/v2\/posts\/738\/revisions\/777"}],"wp:featuredmedia":[{"embeddable":true,"href":"https:\/\/einfachzufriedensein.de\/index.php?rest_route=\/wp\/v2\/media\/57"}],"wp:attachment":[{"href":"https:\/\/einfachzufriedensein.de\/index.php?rest_route=%2Fwp%2Fv2%2Fmedia&parent=738"}],"wp:term":[{"taxonomy":"category","embeddable":true,"href":"https:\/\/einfachzufriedensein.de\/index.php?rest_route=%2Fwp%2Fv2%2Fcategories&post=738"},{"taxonomy":"post_tag","embeddable":true,"href":"https:\/\/einfachzufriedensein.de\/index.php?rest_route=%2Fwp%2Fv2%2Ftags&post=738"}],"curies":[{"name":"wp","href":"https:\/\/api.w.org\/{rel}","templated":true}]}}