{"id":73,"date":"2024-10-18T12:20:56","date_gmt":"2024-10-18T10:20:56","guid":{"rendered":"https:\/\/einfachzufriedensein.de\/?p=73"},"modified":"2024-11-06T15:37:26","modified_gmt":"2024-11-06T14:37:26","slug":"d-day-der-tag-der-diagnose","status":"publish","type":"post","link":"https:\/\/einfachzufriedensein.de\/?p=73","title":{"rendered":"D-Day \u2013 Der Tag der Diagnose"},"content":{"rendered":"\n<p>Heute ist Freitag und der Tag der Befundbesprechung im Brustzentrum Bad Homburg. Ich habe letzte Nacht sehr schlecht geschlafen und versuche mich am Vormittag noch mit etwas Arbeit abzulenken, denn der Termin ist erst am Nachmittag. Nebenbei h\u00f6re ich noch einen Podcast von Barbara Sch\u00f6neberger, die mit Annette Frier gemeinsam \u00fcbers \u00c4lterwerden sinniert. Bei den Gespr\u00e4chen, der beiden, muss ich, doch des \u00d6fteren schmunzeln. Dadurch schaue ich nicht die ganze Zeit auf die Uhr.<\/p>\n\n\n\n<p>Am Krankenhaus angekommen, steigt nun langsam auch meine Nervosit\u00e4t an. Vor \u00fcber einer Woche wurde ich hier bereits mit der Verdachtsdiagnose \u201eB\u00f6sartig\u201c konfrontiert. Au\u00dfer mit meinem Mann Carsten und meiner Haus\u00e4rztin habe ich noch mit niemandem dar\u00fcber gesprochen. In der onkologischen Ambulanz ist es heute sehr ruhig, nur eine weitere Patientin, eine \u00e4ltere Dame ist noch zum Arztgespr\u00e4ch hier. Dann werde ich aufgerufen, Carsten kommt mit, denn vier Ohren h\u00f6ren mehr als zwei und ich wei\u00df nicht, in welcher Verfassung ich sein werde, wenn jetzt vielleicht die Diagnose ausgesprochen wird.<\/p>\n\n\n\n<p>Die \u00c4rztin kommt direkt und unverbl\u00fcmt auf den Punkt und teilt uns mit, dass die Biopsie ihre Verdachtsdiagnose best\u00e4tigt hat. Ich habe Brustkrebs \u2013 ein b\u00f6sartiger Tumor, der hormonell bedingt ist. Er w\u00e4chst, aber nicht extrem schnell, so die Befunde der Pathologie. Jetzt werden noch weitere Untersuchungen folgen, um genau bestimmen zu k\u00f6nnen, um was f\u00fcr einen Tumor es sich handelt und ob es Metastasen im K\u00f6rper gibt, der Tumor also schon gestreut hat. Die Termine f\u00fcr eine Knochenszintigrafie mit Kontrastmittel und ein CT Thorax und Abdomen wurden bereits vereinbart, sind aber erst in knapp zwei Wochen. Also wieder warten. Zudem kommt noch, dass die Kontrastmittel derzeit nicht lieferbar sind und es gut sein kann, dass ich eine Absage f\u00fcr die Szinti bekomme. Die Radiologie hatte der \u00c4rztin aber versichert, dass Patienten, die jetzt noch einen Termin haben, diesen auch wahrnehmen k\u00f6nnen. Mal schauen, wie es dann in zwei Wochen aussieht.<\/p>\n\n\n\n<p>Bis weitere Befunde Klarheit \u00fcber meinen Brustkrebs \u201ePaul\u201c, so hatte ich ihn ja schon benannt, da sind, bekomme ich Antihormone, die die \u00d6strogenproduktion hemmen sollen. Da sich Paul von diesem Hormon wahrscheinlich \u201eern\u00e4hrt\u201c, k\u00f6nnen die Medikamente diesem schon entgegenwirken. Die \u00c4rztin erkl\u00e4rt mir sehr ruhig und verst\u00e4ndlich, welche Behandlungsoptionen es gibt, die aber von der Art des Tumors und dem Vorhandensein von Metastasen abh\u00e4ngen. Chemo, OP, Bestrahlung alles dabei. Aber was f\u00fcr mich infrage kommt, wissen wir zu diesem Zeitpunkt noch nicht.<\/p>\n\n\n\n<p>Ich bin erstaunlich ruhig, meine Nervosit\u00e4t hat sich gelegt, denn nun habe ich eine eindeutige Diagnose. Sie ist auf keinen Fall ein Todesurteil und so sehe ich das auch. Was jetzt auf uns zukommen wird, wissen wir nicht, aber mein Mann und meine Familie werden mir die n\u00f6tige Kraft daf\u00fcr geben. Ich bekomme am Ende noch einen Beratungsordner, in dem alle wichtigen Dinge rund um die Diagnose Brustkrebs erkl\u00e4rt sind, mit Listen, die ich selbst f\u00fchren kann, was bei einem Krankenhausaufenthalt und einer Brust-OP wichtig ist. Dieser Ordner wird mich nun also eine Weile begleiten. Ich bin krank, ich habe Krebs, aber ich f\u00fchle mich topfit. Ich habe bis jetzt keine k\u00f6rperlichen Einschr\u00e4nkungen und au\u00dfer dem H\u00e4matom nach der Stanzbiopsie ist mir \u00e4u\u00dferlich auch nichts anzusehen. Das muss in meinem Kopf erstmal ankommen.<\/p>\n\n\n\n<p>Jetzt mache ich mir Gedanken, wen ich jetzt informiere und wie ich das sagen werde. Am Abend telefoniere ich noch mit meinen Eltern, mit gro\u00dfem Herzklopfen, denn das ist nun das erste Mal, dass ich offen dar\u00fcber erz\u00e4hle. Sie sind die allerersten, die davon erfahren. Meine Mutter reagiert geschockt, aber auch sehr gefasst. Uns beiden kommt sofort in den Sinn, dass meine Gro\u00dfmutter ebenfalls mit 52 Jahren die Diagnose Brustkrebs bekam. Zu diesem Zeitpunkt war meine Mutter mit mir schwanger \u2013 also 1972. Sie hat den Krebs damals besiegt und ist \u00fcber 80 Jahre alt geworden. Das gibt mir Hoffnung, denn die Medizin ist heute so weit fortgeschritten.<\/p>\n\n\n\n<p>Morgen sind unsere Kinder alle zum Essen bei uns, da werde ich es bekanntgeben \u2013 das wird sehr emotional, denn die Krebsdiagnose ihrer eigenen Oma liegt noch nicht so lange zur\u00fcck. Am Sonntag werde ich noch meine Schw\u00e4gerin, die selbst letztes Jahr an Brustkrebs erkrankt ist und meine Schwiegereltern informieren. In der n\u00e4chsten Woche folgen enge Freunde und Bekannte. Ich werde mit der Diagnose sehr offen umgehen. Es gibt diesen Blog, ein Videotagebuch und ich werde allen davon erz\u00e4hlen. Ich will kein Mitleid, keine Sonderbehandlung, ich m\u00f6chte Mut machen und meine eigene Geschichte erz\u00e4hlen. Das wird vielleicht einige Menschen in meinem Umfeld etwas verst\u00f6ren, aber das ist mein ganz pers\u00f6nlicher Weg. Mein Mann Carsten begr\u00fc\u00dft dies und unterst\u00fctzt mich hierbei.<\/p>\n","protected":false},"excerpt":{"rendered":"<p class=\"text-justify\">Heute ist Freitag und der Tag der Befundbesprechung im Brustzentrum Bad Homburg. Ich habe letzte Nacht sehr schlecht geschlafen und versuche mich [&hellip;]<\/p>\n","protected":false},"author":1,"featured_media":57,"comment_status":"closed","ping_status":"closed","sticky":false,"template":"","format":"standard","meta":{"footnotes":""},"categories":[1],"tags":[],"class_list":["post-73","post","type-post","status-publish","format-standard","has-post-thumbnail","hentry","category-allgemein"],"yoast_head":"<!-- This site is optimized with the Yoast SEO plugin v24.1 - https:\/\/yoast.com\/wordpress\/plugins\/seo\/ -->\n<title>D-Day \u2013 Der Tag der Diagnose - einfach.zufrieden.sein.<\/title>\n<meta name=\"description\" content=\"Solch ein Arztgespr\u00e4ch m\u00f6chte man nicht f\u00fchren. Man bekommt die Diagnose Brustkrebs, ein b\u00f6sartiger Tumor.\" \/>\n<meta name=\"robots\" content=\"index, follow, max-snippet:-1, max-image-preview:large, max-video-preview:-1\" \/>\n<link rel=\"canonical\" href=\"https:\/\/einfachzufriedensein.de\/?p=73\" \/>\n<meta property=\"og:locale\" content=\"de_DE\" \/>\n<meta property=\"og:type\" content=\"article\" \/>\n<meta property=\"og:title\" content=\"D-Day \u2013 Der Tag der Diagnose - einfach.zufrieden.sein.\" \/>\n<meta property=\"og:description\" content=\"Solch ein Arztgespr\u00e4ch m\u00f6chte man nicht f\u00fchren. Man bekommt die Diagnose Brustkrebs, ein b\u00f6sartiger Tumor.\" \/>\n<meta property=\"og:url\" content=\"https:\/\/einfachzufriedensein.de\/?p=73\" \/>\n<meta property=\"og:site_name\" content=\"einfach.zufrieden.sein.\" \/>\n<meta property=\"article:published_time\" content=\"2024-10-18T10:20:56+00:00\" \/>\n<meta property=\"article:modified_time\" content=\"2024-11-06T14:37:26+00:00\" \/>\n<meta property=\"og:image\" content=\"https:\/\/einfachzufriedensein.de\/wp-content\/uploads\/2024\/10\/einfach.-zufrieden.-sein-2.png\" \/>\n\t<meta property=\"og:image:width\" content=\"500\" \/>\n\t<meta property=\"og:image:height\" content=\"500\" \/>\n\t<meta property=\"og:image:type\" content=\"image\/png\" \/>\n<meta name=\"author\" content=\"sfiedler\" \/>\n<meta name=\"twitter:card\" content=\"summary_large_image\" \/>\n<meta name=\"twitter:label1\" content=\"Verfasst von\" \/>\n\t<meta name=\"twitter:data1\" content=\"sfiedler\" \/>\n\t<meta name=\"twitter:label2\" content=\"Gesch\u00e4tzte Lesezeit\" \/>\n\t<meta name=\"twitter:data2\" content=\"5\u00a0Minuten\" \/>\n<script type=\"application\/ld+json\" class=\"yoast-schema-graph\">{\"@context\":\"https:\/\/schema.org\",\"@graph\":[{\"@type\":\"Article\",\"@id\":\"https:\/\/einfachzufriedensein.de\/?p=73#article\",\"isPartOf\":{\"@id\":\"https:\/\/einfachzufriedensein.de\/?p=73\"},\"author\":{\"name\":\"sfiedler\",\"@id\":\"https:\/\/einfachzufriedensein.de\/#\/schema\/person\/1c305a44404a7ae00e2ad15fb51bb53c\"},\"headline\":\"D-Day \u2013 Der Tag der Diagnose\",\"datePublished\":\"2024-10-18T10:20:56+00:00\",\"dateModified\":\"2024-11-06T14:37:26+00:00\",\"mainEntityOfPage\":{\"@id\":\"https:\/\/einfachzufriedensein.de\/?p=73\"},\"wordCount\":808,\"publisher\":{\"@id\":\"https:\/\/einfachzufriedensein.de\/#\/schema\/person\/1c305a44404a7ae00e2ad15fb51bb53c\"},\"image\":{\"@id\":\"https:\/\/einfachzufriedensein.de\/?p=73#primaryimage\"},\"thumbnailUrl\":\"https:\/\/einfachzufriedensein.de\/wp-content\/uploads\/2024\/10\/einfach.-zufrieden.-sein-2.png\",\"inLanguage\":\"de\"},{\"@type\":\"WebPage\",\"@id\":\"https:\/\/einfachzufriedensein.de\/?p=73\",\"url\":\"https:\/\/einfachzufriedensein.de\/?p=73\",\"name\":\"D-Day \u2013 Der Tag der Diagnose - einfach.zufrieden.sein.\",\"isPartOf\":{\"@id\":\"https:\/\/einfachzufriedensein.de\/#website\"},\"primaryImageOfPage\":{\"@id\":\"https:\/\/einfachzufriedensein.de\/?p=73#primaryimage\"},\"image\":{\"@id\":\"https:\/\/einfachzufriedensein.de\/?p=73#primaryimage\"},\"thumbnailUrl\":\"https:\/\/einfachzufriedensein.de\/wp-content\/uploads\/2024\/10\/einfach.-zufrieden.-sein-2.png\",\"datePublished\":\"2024-10-18T10:20:56+00:00\",\"dateModified\":\"2024-11-06T14:37:26+00:00\",\"description\":\"Solch ein Arztgespr\u00e4ch m\u00f6chte man nicht f\u00fchren. Man bekommt die Diagnose Brustkrebs, ein b\u00f6sartiger Tumor.\",\"breadcrumb\":{\"@id\":\"https:\/\/einfachzufriedensein.de\/?p=73#breadcrumb\"},\"inLanguage\":\"de\",\"potentialAction\":[{\"@type\":\"ReadAction\",\"target\":[\"https:\/\/einfachzufriedensein.de\/?p=73\"]}]},{\"@type\":\"ImageObject\",\"inLanguage\":\"de\",\"@id\":\"https:\/\/einfachzufriedensein.de\/?p=73#primaryimage\",\"url\":\"https:\/\/einfachzufriedensein.de\/wp-content\/uploads\/2024\/10\/einfach.-zufrieden.-sein-2.png\",\"contentUrl\":\"https:\/\/einfachzufriedensein.de\/wp-content\/uploads\/2024\/10\/einfach.-zufrieden.-sein-2.png\",\"width\":500,\"height\":500},{\"@type\":\"BreadcrumbList\",\"@id\":\"https:\/\/einfachzufriedensein.de\/?p=73#breadcrumb\",\"itemListElement\":[{\"@type\":\"ListItem\",\"position\":1,\"name\":\"Startseite\",\"item\":\"https:\/\/einfachzufriedensein.de\/\"},{\"@type\":\"ListItem\",\"position\":2,\"name\":\"D-Day \u2013 Der Tag der Diagnose\"}]},{\"@type\":\"WebSite\",\"@id\":\"https:\/\/einfachzufriedensein.de\/#website\",\"url\":\"https:\/\/einfachzufriedensein.de\/\",\"name\":\"einfach.zufrieden.sein.\",\"description\":\"Der Brustkrebs &amp; ich  - das Tagebuch einer Brustkrebspatientin\",\"publisher\":{\"@id\":\"https:\/\/einfachzufriedensein.de\/#\/schema\/person\/1c305a44404a7ae00e2ad15fb51bb53c\"},\"potentialAction\":[{\"@type\":\"SearchAction\",\"target\":{\"@type\":\"EntryPoint\",\"urlTemplate\":\"https:\/\/einfachzufriedensein.de\/?s={search_term_string}\"},\"query-input\":{\"@type\":\"PropertyValueSpecification\",\"valueRequired\":true,\"valueName\":\"search_term_string\"}}],\"inLanguage\":\"de\"},{\"@type\":[\"Person\",\"Organization\"],\"@id\":\"https:\/\/einfachzufriedensein.de\/#\/schema\/person\/1c305a44404a7ae00e2ad15fb51bb53c\",\"name\":\"sfiedler\",\"image\":{\"@type\":\"ImageObject\",\"inLanguage\":\"de\",\"@id\":\"https:\/\/einfachzufriedensein.de\/#\/schema\/person\/image\/\",\"url\":\"https:\/\/einfachzufriedensein.de\/wp-content\/uploads\/2024\/10\/IMG20240928112843-scaled.jpg\",\"contentUrl\":\"https:\/\/einfachzufriedensein.de\/wp-content\/uploads\/2024\/10\/IMG20240928112843-scaled.jpg\",\"width\":1927,\"height\":2560,\"caption\":\"sfiedler\"},\"logo\":{\"@id\":\"https:\/\/einfachzufriedensein.de\/#\/schema\/person\/image\/\"},\"sameAs\":[\"https:\/\/einfachzufriedensein.de\"],\"url\":\"https:\/\/einfachzufriedensein.de\/?author=1\"}]}<\/script>\n<!-- \/ Yoast SEO plugin. -->","yoast_head_json":{"title":"D-Day \u2013 Der Tag der Diagnose - einfach.zufrieden.sein.","description":"Solch ein Arztgespr\u00e4ch m\u00f6chte man nicht f\u00fchren. Man bekommt die Diagnose Brustkrebs, ein b\u00f6sartiger Tumor.","robots":{"index":"index","follow":"follow","max-snippet":"max-snippet:-1","max-image-preview":"max-image-preview:large","max-video-preview":"max-video-preview:-1"},"canonical":"https:\/\/einfachzufriedensein.de\/?p=73","og_locale":"de_DE","og_type":"article","og_title":"D-Day \u2013 Der Tag der Diagnose - einfach.zufrieden.sein.","og_description":"Solch ein Arztgespr\u00e4ch m\u00f6chte man nicht f\u00fchren. Man bekommt die Diagnose Brustkrebs, ein b\u00f6sartiger Tumor.","og_url":"https:\/\/einfachzufriedensein.de\/?p=73","og_site_name":"einfach.zufrieden.sein.","article_published_time":"2024-10-18T10:20:56+00:00","article_modified_time":"2024-11-06T14:37:26+00:00","og_image":[{"width":500,"height":500,"url":"https:\/\/einfachzufriedensein.de\/wp-content\/uploads\/2024\/10\/einfach.-zufrieden.-sein-2.png","type":"image\/png"}],"author":"sfiedler","twitter_card":"summary_large_image","twitter_misc":{"Verfasst von":"sfiedler","Gesch\u00e4tzte Lesezeit":"5\u00a0Minuten"},"schema":{"@context":"https:\/\/schema.org","@graph":[{"@type":"Article","@id":"https:\/\/einfachzufriedensein.de\/?p=73#article","isPartOf":{"@id":"https:\/\/einfachzufriedensein.de\/?p=73"},"author":{"name":"sfiedler","@id":"https:\/\/einfachzufriedensein.de\/#\/schema\/person\/1c305a44404a7ae00e2ad15fb51bb53c"},"headline":"D-Day \u2013 Der Tag der Diagnose","datePublished":"2024-10-18T10:20:56+00:00","dateModified":"2024-11-06T14:37:26+00:00","mainEntityOfPage":{"@id":"https:\/\/einfachzufriedensein.de\/?p=73"},"wordCount":808,"publisher":{"@id":"https:\/\/einfachzufriedensein.de\/#\/schema\/person\/1c305a44404a7ae00e2ad15fb51bb53c"},"image":{"@id":"https:\/\/einfachzufriedensein.de\/?p=73#primaryimage"},"thumbnailUrl":"https:\/\/einfachzufriedensein.de\/wp-content\/uploads\/2024\/10\/einfach.-zufrieden.-sein-2.png","inLanguage":"de"},{"@type":"WebPage","@id":"https:\/\/einfachzufriedensein.de\/?p=73","url":"https:\/\/einfachzufriedensein.de\/?p=73","name":"D-Day \u2013 Der Tag der Diagnose - einfach.zufrieden.sein.","isPartOf":{"@id":"https:\/\/einfachzufriedensein.de\/#website"},"primaryImageOfPage":{"@id":"https:\/\/einfachzufriedensein.de\/?p=73#primaryimage"},"image":{"@id":"https:\/\/einfachzufriedensein.de\/?p=73#primaryimage"},"thumbnailUrl":"https:\/\/einfachzufriedensein.de\/wp-content\/uploads\/2024\/10\/einfach.-zufrieden.-sein-2.png","datePublished":"2024-10-18T10:20:56+00:00","dateModified":"2024-11-06T14:37:26+00:00","description":"Solch ein Arztgespr\u00e4ch m\u00f6chte man nicht f\u00fchren. Man bekommt die Diagnose Brustkrebs, ein b\u00f6sartiger Tumor.","breadcrumb":{"@id":"https:\/\/einfachzufriedensein.de\/?p=73#breadcrumb"},"inLanguage":"de","potentialAction":[{"@type":"ReadAction","target":["https:\/\/einfachzufriedensein.de\/?p=73"]}]},{"@type":"ImageObject","inLanguage":"de","@id":"https:\/\/einfachzufriedensein.de\/?p=73#primaryimage","url":"https:\/\/einfachzufriedensein.de\/wp-content\/uploads\/2024\/10\/einfach.-zufrieden.-sein-2.png","contentUrl":"https:\/\/einfachzufriedensein.de\/wp-content\/uploads\/2024\/10\/einfach.-zufrieden.-sein-2.png","width":500,"height":500},{"@type":"BreadcrumbList","@id":"https:\/\/einfachzufriedensein.de\/?p=73#breadcrumb","itemListElement":[{"@type":"ListItem","position":1,"name":"Startseite","item":"https:\/\/einfachzufriedensein.de\/"},{"@type":"ListItem","position":2,"name":"D-Day \u2013 Der Tag der Diagnose"}]},{"@type":"WebSite","@id":"https:\/\/einfachzufriedensein.de\/#website","url":"https:\/\/einfachzufriedensein.de\/","name":"einfach.zufrieden.sein.","description":"Der Brustkrebs &amp; ich  - das Tagebuch einer Brustkrebspatientin","publisher":{"@id":"https:\/\/einfachzufriedensein.de\/#\/schema\/person\/1c305a44404a7ae00e2ad15fb51bb53c"},"potentialAction":[{"@type":"SearchAction","target":{"@type":"EntryPoint","urlTemplate":"https:\/\/einfachzufriedensein.de\/?s={search_term_string}"},"query-input":{"@type":"PropertyValueSpecification","valueRequired":true,"valueName":"search_term_string"}}],"inLanguage":"de"},{"@type":["Person","Organization"],"@id":"https:\/\/einfachzufriedensein.de\/#\/schema\/person\/1c305a44404a7ae00e2ad15fb51bb53c","name":"sfiedler","image":{"@type":"ImageObject","inLanguage":"de","@id":"https:\/\/einfachzufriedensein.de\/#\/schema\/person\/image\/","url":"https:\/\/einfachzufriedensein.de\/wp-content\/uploads\/2024\/10\/IMG20240928112843-scaled.jpg","contentUrl":"https:\/\/einfachzufriedensein.de\/wp-content\/uploads\/2024\/10\/IMG20240928112843-scaled.jpg","width":1927,"height":2560,"caption":"sfiedler"},"logo":{"@id":"https:\/\/einfachzufriedensein.de\/#\/schema\/person\/image\/"},"sameAs":["https:\/\/einfachzufriedensein.de"],"url":"https:\/\/einfachzufriedensein.de\/?author=1"}]}},"_links":{"self":[{"href":"https:\/\/einfachzufriedensein.de\/index.php?rest_route=\/wp\/v2\/posts\/73","targetHints":{"allow":["GET"]}}],"collection":[{"href":"https:\/\/einfachzufriedensein.de\/index.php?rest_route=\/wp\/v2\/posts"}],"about":[{"href":"https:\/\/einfachzufriedensein.de\/index.php?rest_route=\/wp\/v2\/types\/post"}],"author":[{"embeddable":true,"href":"https:\/\/einfachzufriedensein.de\/index.php?rest_route=\/wp\/v2\/users\/1"}],"replies":[{"embeddable":true,"href":"https:\/\/einfachzufriedensein.de\/index.php?rest_route=%2Fwp%2Fv2%2Fcomments&post=73"}],"version-history":[{"count":1,"href":"https:\/\/einfachzufriedensein.de\/index.php?rest_route=\/wp\/v2\/posts\/73\/revisions"}],"predecessor-version":[{"id":74,"href":"https:\/\/einfachzufriedensein.de\/index.php?rest_route=\/wp\/v2\/posts\/73\/revisions\/74"}],"wp:featuredmedia":[{"embeddable":true,"href":"https:\/\/einfachzufriedensein.de\/index.php?rest_route=\/wp\/v2\/media\/57"}],"wp:attachment":[{"href":"https:\/\/einfachzufriedensein.de\/index.php?rest_route=%2Fwp%2Fv2%2Fmedia&parent=73"}],"wp:term":[{"taxonomy":"category","embeddable":true,"href":"https:\/\/einfachzufriedensein.de\/index.php?rest_route=%2Fwp%2Fv2%2Fcategories&post=73"},{"taxonomy":"post_tag","embeddable":true,"href":"https:\/\/einfachzufriedensein.de\/index.php?rest_route=%2Fwp%2Fv2%2Ftags&post=73"}],"curies":[{"name":"wp","href":"https:\/\/api.w.org\/{rel}","templated":true}]}}