{"id":725,"date":"2025-02-28T06:21:29","date_gmt":"2025-02-28T05:21:29","guid":{"rendered":"https:\/\/einfachzufriedensein.de\/?p=725"},"modified":"2025-02-28T06:21:31","modified_gmt":"2025-02-28T05:21:31","slug":"nebenwirkungen","status":"publish","type":"post","link":"https:\/\/einfachzufriedensein.de\/?p=725","title":{"rendered":"Nebenwirkungen"},"content":{"rendered":"\n<p>Man k\u00f6nnte meinen, bei mir gibt es keine Nebenwirkungen. Meine Fotos und meine Beitr\u00e4ge in Social Media vermitteln sicher manchmal den Eindruck, dass mir die Therapie nicht viel ausmacht und ich immer gut gelaunt bin. Da kann ich nur sagen &#8211; fragt mal meinen Mann, der kann euch die Schattenseiten der Chemo ziemlich gut beschreiben.<\/p>\n\n\n\n<p>Die Nebenwirkungen unter der Chemo mit Epirubicin waren deutlich heftiger, als die jetzigen unter Paclitaxel. Beim EC war ich durch die zus\u00e4tzliche zweit\u00e4gige Cortisongabe in Tablettenform insgesamt drei Tage lang aufgeputscht und bin wie ein Flummi durchs Haus gesprungen. An Schlaf war nicht zu denken, wegen der 3-Uhr-Nacht-Tablette und der Wirkung des Cortisons auf meinen K\u00f6rper. Nach den drei Tagen kam die Schlappheit und M\u00fcdigkeit &#8211; das Fatigue. Es ging einfach nichts mehr. Alles war zu viel, selbst normale Ger\u00e4usche im Haus haben mich gest\u00f6rt und ich w\u00e4re am liebsten in dieser Zeit ganz allein in einem Erdloch verschwunden ohne Anbindung zur Au\u00dfenwelt. Ab Tag sechs ging es dann auch kr\u00e4ftem\u00e4\u00dfig wieder langsam bergauf. Ich habe trotzdem versucht, jeden Tag einen Spaziergang an der frischen Luft zu machen und die Runden t\u00e4glich ein St\u00fcck zu vergr\u00f6\u00dfern. Auch das fiel mir teilweise schwer, denn ich habe oft Luftnot, besonders bei Steigungen. Und die Kraft in den Beinen spielt ebenfalls oft nicht mit und ich muss kurze Pausen einlegen. <\/p>\n\n\n\n<p>Das Nasenbluten ist ebenfalls ein st\u00e4ndiger Begleiter seit meiner Chemo und seit meiner portbedingten Thrombose verbunden mit der Einnahme von Blutverd\u00fcnnern l\u00e4sst sich die Blutung nur schwer stoppen. Mittlerweile habe ich sogar zwei bis dreimal pro Tag solch heftiges Nasenbluten, letztens sogar auf unserer Spazierrunde. Die Blutverd\u00fcnner muss ich so lange nehmen, wie der <a href=\"https:\/\/www.radiologie.uk-erlangen.de\/patienten\/interventionelle-verfahren\/portanlage\/#:~:text=Die%20Portkammer%20wird%20in%20der,in%20der%20oberen%20Hohlvene%20(V.\" target=\"_blank\" rel=\"noreferrer noopener\">Port<\/a>, \u00fcber den die Chemo gegeben wird, unterhalb meines linken Schl\u00fcsselbeins implantiert ist. Den super schicken Armkompressionsstrumpf trage ich flei\u00dfig weiter, obwohl er manchmal sehr l\u00e4stig ist und teilweise auch Schmerzen in Form von Druck bereitet. <\/p>\n\n\n\n<p>Schlaflosigkeit &#8211; ich schlafe ganz selten eine Nacht durch. Mich plagen Hitzewallungen und in der Nacht direkt nach der Chemo putschen mich die Medikamente im Chemococktail noch zus\u00e4tzlich auf. So wie heute Nacht &#8211; um 4.45 Uhr bin ich aufgestanden, nachdem ich schon seit 3.49 Uhr wach gelegen habe. Durch die Medikamente habe ich aber keinerlei \u00dcbelkeit oder Erbrechen. Meine anf\u00e4ngliche Appetitlosigkeit und damit verbunden die verminderte Nahrungszufuhr haben sich mit dem Pacli ebenfalls gelegt. Die Geschmacksver\u00e4nderungen und den metallischen Geschmack habe ich auch seltener, aber gewisse Lebensmittel schmecken manchmal noch anders als ich es gewohnt bin. <\/p>\n\n\n\n<p>Von der Verst\u00e4rkung meiner bestehenden Polyneuropathie bin ich bisher noch verschont geblieben. Ich knete flei\u00dfig jeden Tag mit H\u00e4nden und F\u00fc\u00dfen meine Igelb\u00e4lle. W\u00e4hrend der Chemo mit Pacli trage ich Kompressionsstr\u00fcmpfe an den Beinen und Tauchhandschuhe zur Kompression an den H\u00e4nden. Zus\u00e4tzlich bekommen wir in der Klinik w\u00e4hrend der Chemogabe zwei gro\u00dfe Eispacks zur K\u00fchlung f\u00fcr H\u00e4nde und F\u00fc\u00dfe. <\/p>\n\n\n\n<p>Zusammenfassend liste ich die Nebenwirkungen hier noch einmal auf, aber auch dabei muss ich sagen, dass es bei jedem Patienten anders ist: <\/p>\n\n\n\n<ul class=\"wp-block-list\">\n<li><a href=\"https:\/\/www.krebsgesellschaft.de\/onko-internetportal\/basis-informationen-krebs\/basis-informationen-krebs-allgemeine-informationen\/fatigue-bei-krebs.html\" target=\"_blank\" rel=\"noreferrer noopener\">Fatigue-Syndrom <\/a>mit Schlappheit, M\u00fcdigkeit, Kraftlosigkeit<\/li>\n\n\n\n<li>innere Unruhe<\/li>\n\n\n\n<li>Nasenbluten<\/li>\n\n\n\n<li>trockene und empfindliche Mund- und Nasenschleimh\u00e4ute<\/li>\n\n\n\n<li>allgemeine Schlaflosigkeit<\/li>\n\n\n\n<li>Appetitlosigkeit<\/li>\n\n\n\n<li>Geschmacksver\u00e4nderungen, metallischer Geschmack<\/li>\n\n\n\n<li>Glieder- und Muskelschmerzen<\/li>\n\n\n\n<li>teilweise Luftnot bei Anstrengung<\/li>\n\n\n\n<li>Haarausfall (17 Tage nach der ersten Chemogabe), Wimpern und Augenbrauen beginnen jetzt nach der vierten Pacli erst auszufallen<\/li>\n\n\n\n<li>portbedingte Thrombose der Hals- und Armvene<\/li>\n\n\n\n<li>Gewichtsabnahme<\/li>\n\n\n\n<li>starke Hitzewallungen<\/li>\n<\/ul>\n\n\n\n<p>Das alles tritt unregelm\u00e4\u00dfig auf, aber man gew\u00f6hnt sich daran. Ich habe weder \u00dcbelkeit noch Erbrechen, kann alles essen, worauf ich Lust habe und treibe zwei bis dreimal pro Woche Sport zu Hause. Wir bem\u00fchen uns t\u00e4glich an der frischen Luft spazieren zu gehen und so bleibe ich in Bewegung. Es k\u00f6nnte mich auch schlimmer treffen, wenn ich so manche Patienten in der onkologischen Ambulanz sehe. Also bin ich einfach zufrieden mit der jetzigen Situation und mache das Beste daraus. Meine Priorit\u00e4t ist in diesem Jahr krebsfrei zu werden und daf\u00fcr nehme ich alles in Kauf, was es daf\u00fcr braucht. <\/p>\n\n\n\n<p>Und ebenfalls eine &#8222;Nebenwirkung&#8220; ist die Ver\u00e4nderung meiner Person und meiner Sichtweise auf meine Krankheit, meine Therapie, mein Leben und mein Umfeld. Das ist durchaus positiv aus meiner Sicht und ich sp\u00fcre diese Ver\u00e4nderung auch selbst. Mir nahestehende Menschen haben mir das jetzt schon mehrfach widergespiegelt. Das ist f\u00fcr mich selbst sehr spannend, da ich mich frage, was diese ganze &#8222;Reise&#8220; mit mir machen wird und welchen Weg ich danach einschlagen werde. Somit sehe ich das Ganze auch als eine Chance f\u00fcr Ver\u00e4nderung, die ich nur ergreifen muss oder teilweise sogar schon ergreife. Ich \u00e4ndere mein Mindset und versuche das Positive zu sehen. Nach vorn schauen und nicht aufgeben ist die Devise. <\/p>\n","protected":false},"excerpt":{"rendered":"<p class=\"text-justify\">Man k\u00f6nnte meinen, bei mir gibt es keine Nebenwirkungen. Meine Fotos und meine Beitr\u00e4ge in Social Media vermitteln sicher manchmal den Eindruck, [&hellip;]<\/p>\n","protected":false},"author":1,"featured_media":57,"comment_status":"closed","ping_status":"open","sticky":false,"template":"","format":"standard","meta":{"footnotes":""},"categories":[1],"tags":[43,2,11,35,16,85,18,86],"class_list":["post-725","post","type-post","status-publish","format-standard","has-post-thumbnail","hentry","category-allgemein","tag-alltag","tag-brustkrebs","tag-chemotherapie","tag-cortisontabletten","tag-mentale-staerke","tag-mindset","tag-nebenwirkungen","tag-nichtaufgeben"],"yoast_head":"<!-- This site is optimized with the Yoast SEO plugin v24.1 - https:\/\/yoast.com\/wordpress\/plugins\/seo\/ -->\n<title>Nebenwirkungen - einfach.zufrieden.sein.<\/title>\n<meta name=\"description\" content=\"Eine Chemotherapie geht nicht ohne Nebenwirkungen einher. Fraglich ist nur welche Nebenwirkungen einen selbst treffen.\" \/>\n<meta name=\"robots\" content=\"index, follow, max-snippet:-1, max-image-preview:large, max-video-preview:-1\" \/>\n<link rel=\"canonical\" href=\"https:\/\/einfachzufriedensein.de\/?p=725\" \/>\n<meta property=\"og:locale\" content=\"de_DE\" \/>\n<meta property=\"og:type\" content=\"article\" \/>\n<meta property=\"og:title\" content=\"Nebenwirkungen - einfach.zufrieden.sein.\" \/>\n<meta property=\"og:description\" content=\"Eine Chemotherapie geht nicht ohne Nebenwirkungen einher. Fraglich ist nur welche Nebenwirkungen einen selbst treffen.\" \/>\n<meta property=\"og:url\" content=\"https:\/\/einfachzufriedensein.de\/?p=725\" \/>\n<meta property=\"og:site_name\" content=\"einfach.zufrieden.sein.\" \/>\n<meta property=\"article:published_time\" content=\"2025-02-28T05:21:29+00:00\" \/>\n<meta property=\"article:modified_time\" content=\"2025-02-28T05:21:31+00:00\" \/>\n<meta property=\"og:image\" content=\"https:\/\/einfachzufriedensein.de\/wp-content\/uploads\/2024\/10\/einfach.-zufrieden.-sein-2.png\" \/>\n\t<meta property=\"og:image:width\" content=\"500\" \/>\n\t<meta property=\"og:image:height\" content=\"500\" \/>\n\t<meta property=\"og:image:type\" content=\"image\/png\" \/>\n<meta name=\"author\" content=\"sfiedler\" \/>\n<meta name=\"twitter:card\" content=\"summary_large_image\" \/>\n<meta name=\"twitter:label1\" content=\"Verfasst von\" \/>\n\t<meta name=\"twitter:data1\" content=\"sfiedler\" \/>\n\t<meta name=\"twitter:label2\" content=\"Gesch\u00e4tzte Lesezeit\" \/>\n\t<meta name=\"twitter:data2\" content=\"5\u00a0Minuten\" \/>\n<script type=\"application\/ld+json\" class=\"yoast-schema-graph\">{\"@context\":\"https:\/\/schema.org\",\"@graph\":[{\"@type\":\"Article\",\"@id\":\"https:\/\/einfachzufriedensein.de\/?p=725#article\",\"isPartOf\":{\"@id\":\"https:\/\/einfachzufriedensein.de\/?p=725\"},\"author\":{\"name\":\"sfiedler\",\"@id\":\"https:\/\/einfachzufriedensein.de\/#\/schema\/person\/1c305a44404a7ae00e2ad15fb51bb53c\"},\"headline\":\"Nebenwirkungen\",\"datePublished\":\"2025-02-28T05:21:29+00:00\",\"dateModified\":\"2025-02-28T05:21:31+00:00\",\"mainEntityOfPage\":{\"@id\":\"https:\/\/einfachzufriedensein.de\/?p=725\"},\"wordCount\":811,\"publisher\":{\"@id\":\"https:\/\/einfachzufriedensein.de\/#\/schema\/person\/1c305a44404a7ae00e2ad15fb51bb53c\"},\"image\":{\"@id\":\"https:\/\/einfachzufriedensein.de\/?p=725#primaryimage\"},\"thumbnailUrl\":\"https:\/\/einfachzufriedensein.de\/wp-content\/uploads\/2024\/10\/einfach.-zufrieden.-sein-2.png\",\"keywords\":[\"Alltag\",\"Brustkrebs\",\"Chemotherapie\",\"Cortisontabletten\",\"mentale St\u00e4rke\",\"Mindset\",\"Nebenwirkungen\",\"Nichtaufgeben\"],\"inLanguage\":\"de\"},{\"@type\":\"WebPage\",\"@id\":\"https:\/\/einfachzufriedensein.de\/?p=725\",\"url\":\"https:\/\/einfachzufriedensein.de\/?p=725\",\"name\":\"Nebenwirkungen - einfach.zufrieden.sein.\",\"isPartOf\":{\"@id\":\"https:\/\/einfachzufriedensein.de\/#website\"},\"primaryImageOfPage\":{\"@id\":\"https:\/\/einfachzufriedensein.de\/?p=725#primaryimage\"},\"image\":{\"@id\":\"https:\/\/einfachzufriedensein.de\/?p=725#primaryimage\"},\"thumbnailUrl\":\"https:\/\/einfachzufriedensein.de\/wp-content\/uploads\/2024\/10\/einfach.-zufrieden.-sein-2.png\",\"datePublished\":\"2025-02-28T05:21:29+00:00\",\"dateModified\":\"2025-02-28T05:21:31+00:00\",\"description\":\"Eine Chemotherapie geht nicht ohne Nebenwirkungen einher. Fraglich ist nur welche Nebenwirkungen einen selbst treffen.\",\"breadcrumb\":{\"@id\":\"https:\/\/einfachzufriedensein.de\/?p=725#breadcrumb\"},\"inLanguage\":\"de\",\"potentialAction\":[{\"@type\":\"ReadAction\",\"target\":[\"https:\/\/einfachzufriedensein.de\/?p=725\"]}]},{\"@type\":\"ImageObject\",\"inLanguage\":\"de\",\"@id\":\"https:\/\/einfachzufriedensein.de\/?p=725#primaryimage\",\"url\":\"https:\/\/einfachzufriedensein.de\/wp-content\/uploads\/2024\/10\/einfach.-zufrieden.-sein-2.png\",\"contentUrl\":\"https:\/\/einfachzufriedensein.de\/wp-content\/uploads\/2024\/10\/einfach.-zufrieden.-sein-2.png\",\"width\":500,\"height\":500},{\"@type\":\"BreadcrumbList\",\"@id\":\"https:\/\/einfachzufriedensein.de\/?p=725#breadcrumb\",\"itemListElement\":[{\"@type\":\"ListItem\",\"position\":1,\"name\":\"Startseite\",\"item\":\"https:\/\/einfachzufriedensein.de\/\"},{\"@type\":\"ListItem\",\"position\":2,\"name\":\"Nebenwirkungen\"}]},{\"@type\":\"WebSite\",\"@id\":\"https:\/\/einfachzufriedensein.de\/#website\",\"url\":\"https:\/\/einfachzufriedensein.de\/\",\"name\":\"einfach.zufrieden.sein.\",\"description\":\"Der Brustkrebs &amp; ich  - das Tagebuch einer Brustkrebspatientin\",\"publisher\":{\"@id\":\"https:\/\/einfachzufriedensein.de\/#\/schema\/person\/1c305a44404a7ae00e2ad15fb51bb53c\"},\"potentialAction\":[{\"@type\":\"SearchAction\",\"target\":{\"@type\":\"EntryPoint\",\"urlTemplate\":\"https:\/\/einfachzufriedensein.de\/?s={search_term_string}\"},\"query-input\":{\"@type\":\"PropertyValueSpecification\",\"valueRequired\":true,\"valueName\":\"search_term_string\"}}],\"inLanguage\":\"de\"},{\"@type\":[\"Person\",\"Organization\"],\"@id\":\"https:\/\/einfachzufriedensein.de\/#\/schema\/person\/1c305a44404a7ae00e2ad15fb51bb53c\",\"name\":\"sfiedler\",\"image\":{\"@type\":\"ImageObject\",\"inLanguage\":\"de\",\"@id\":\"https:\/\/einfachzufriedensein.de\/#\/schema\/person\/image\/\",\"url\":\"https:\/\/einfachzufriedensein.de\/wp-content\/uploads\/2024\/10\/IMG20240928112843-scaled.jpg\",\"contentUrl\":\"https:\/\/einfachzufriedensein.de\/wp-content\/uploads\/2024\/10\/IMG20240928112843-scaled.jpg\",\"width\":1927,\"height\":2560,\"caption\":\"sfiedler\"},\"logo\":{\"@id\":\"https:\/\/einfachzufriedensein.de\/#\/schema\/person\/image\/\"},\"sameAs\":[\"https:\/\/einfachzufriedensein.de\"],\"url\":\"https:\/\/einfachzufriedensein.de\/?author=1\"}]}<\/script>\n<!-- \/ Yoast SEO plugin. -->","yoast_head_json":{"title":"Nebenwirkungen - einfach.zufrieden.sein.","description":"Eine Chemotherapie geht nicht ohne Nebenwirkungen einher. Fraglich ist nur welche Nebenwirkungen einen selbst treffen.","robots":{"index":"index","follow":"follow","max-snippet":"max-snippet:-1","max-image-preview":"max-image-preview:large","max-video-preview":"max-video-preview:-1"},"canonical":"https:\/\/einfachzufriedensein.de\/?p=725","og_locale":"de_DE","og_type":"article","og_title":"Nebenwirkungen - einfach.zufrieden.sein.","og_description":"Eine Chemotherapie geht nicht ohne Nebenwirkungen einher. Fraglich ist nur welche Nebenwirkungen einen selbst treffen.","og_url":"https:\/\/einfachzufriedensein.de\/?p=725","og_site_name":"einfach.zufrieden.sein.","article_published_time":"2025-02-28T05:21:29+00:00","article_modified_time":"2025-02-28T05:21:31+00:00","og_image":[{"width":500,"height":500,"url":"https:\/\/einfachzufriedensein.de\/wp-content\/uploads\/2024\/10\/einfach.-zufrieden.-sein-2.png","type":"image\/png"}],"author":"sfiedler","twitter_card":"summary_large_image","twitter_misc":{"Verfasst von":"sfiedler","Gesch\u00e4tzte Lesezeit":"5\u00a0Minuten"},"schema":{"@context":"https:\/\/schema.org","@graph":[{"@type":"Article","@id":"https:\/\/einfachzufriedensein.de\/?p=725#article","isPartOf":{"@id":"https:\/\/einfachzufriedensein.de\/?p=725"},"author":{"name":"sfiedler","@id":"https:\/\/einfachzufriedensein.de\/#\/schema\/person\/1c305a44404a7ae00e2ad15fb51bb53c"},"headline":"Nebenwirkungen","datePublished":"2025-02-28T05:21:29+00:00","dateModified":"2025-02-28T05:21:31+00:00","mainEntityOfPage":{"@id":"https:\/\/einfachzufriedensein.de\/?p=725"},"wordCount":811,"publisher":{"@id":"https:\/\/einfachzufriedensein.de\/#\/schema\/person\/1c305a44404a7ae00e2ad15fb51bb53c"},"image":{"@id":"https:\/\/einfachzufriedensein.de\/?p=725#primaryimage"},"thumbnailUrl":"https:\/\/einfachzufriedensein.de\/wp-content\/uploads\/2024\/10\/einfach.-zufrieden.-sein-2.png","keywords":["Alltag","Brustkrebs","Chemotherapie","Cortisontabletten","mentale St\u00e4rke","Mindset","Nebenwirkungen","Nichtaufgeben"],"inLanguage":"de"},{"@type":"WebPage","@id":"https:\/\/einfachzufriedensein.de\/?p=725","url":"https:\/\/einfachzufriedensein.de\/?p=725","name":"Nebenwirkungen - einfach.zufrieden.sein.","isPartOf":{"@id":"https:\/\/einfachzufriedensein.de\/#website"},"primaryImageOfPage":{"@id":"https:\/\/einfachzufriedensein.de\/?p=725#primaryimage"},"image":{"@id":"https:\/\/einfachzufriedensein.de\/?p=725#primaryimage"},"thumbnailUrl":"https:\/\/einfachzufriedensein.de\/wp-content\/uploads\/2024\/10\/einfach.-zufrieden.-sein-2.png","datePublished":"2025-02-28T05:21:29+00:00","dateModified":"2025-02-28T05:21:31+00:00","description":"Eine Chemotherapie geht nicht ohne Nebenwirkungen einher. Fraglich ist nur welche Nebenwirkungen einen selbst treffen.","breadcrumb":{"@id":"https:\/\/einfachzufriedensein.de\/?p=725#breadcrumb"},"inLanguage":"de","potentialAction":[{"@type":"ReadAction","target":["https:\/\/einfachzufriedensein.de\/?p=725"]}]},{"@type":"ImageObject","inLanguage":"de","@id":"https:\/\/einfachzufriedensein.de\/?p=725#primaryimage","url":"https:\/\/einfachzufriedensein.de\/wp-content\/uploads\/2024\/10\/einfach.-zufrieden.-sein-2.png","contentUrl":"https:\/\/einfachzufriedensein.de\/wp-content\/uploads\/2024\/10\/einfach.-zufrieden.-sein-2.png","width":500,"height":500},{"@type":"BreadcrumbList","@id":"https:\/\/einfachzufriedensein.de\/?p=725#breadcrumb","itemListElement":[{"@type":"ListItem","position":1,"name":"Startseite","item":"https:\/\/einfachzufriedensein.de\/"},{"@type":"ListItem","position":2,"name":"Nebenwirkungen"}]},{"@type":"WebSite","@id":"https:\/\/einfachzufriedensein.de\/#website","url":"https:\/\/einfachzufriedensein.de\/","name":"einfach.zufrieden.sein.","description":"Der Brustkrebs &amp; ich  - das Tagebuch einer Brustkrebspatientin","publisher":{"@id":"https:\/\/einfachzufriedensein.de\/#\/schema\/person\/1c305a44404a7ae00e2ad15fb51bb53c"},"potentialAction":[{"@type":"SearchAction","target":{"@type":"EntryPoint","urlTemplate":"https:\/\/einfachzufriedensein.de\/?s={search_term_string}"},"query-input":{"@type":"PropertyValueSpecification","valueRequired":true,"valueName":"search_term_string"}}],"inLanguage":"de"},{"@type":["Person","Organization"],"@id":"https:\/\/einfachzufriedensein.de\/#\/schema\/person\/1c305a44404a7ae00e2ad15fb51bb53c","name":"sfiedler","image":{"@type":"ImageObject","inLanguage":"de","@id":"https:\/\/einfachzufriedensein.de\/#\/schema\/person\/image\/","url":"https:\/\/einfachzufriedensein.de\/wp-content\/uploads\/2024\/10\/IMG20240928112843-scaled.jpg","contentUrl":"https:\/\/einfachzufriedensein.de\/wp-content\/uploads\/2024\/10\/IMG20240928112843-scaled.jpg","width":1927,"height":2560,"caption":"sfiedler"},"logo":{"@id":"https:\/\/einfachzufriedensein.de\/#\/schema\/person\/image\/"},"sameAs":["https:\/\/einfachzufriedensein.de"],"url":"https:\/\/einfachzufriedensein.de\/?author=1"}]}},"_links":{"self":[{"href":"https:\/\/einfachzufriedensein.de\/index.php?rest_route=\/wp\/v2\/posts\/725","targetHints":{"allow":["GET"]}}],"collection":[{"href":"https:\/\/einfachzufriedensein.de\/index.php?rest_route=\/wp\/v2\/posts"}],"about":[{"href":"https:\/\/einfachzufriedensein.de\/index.php?rest_route=\/wp\/v2\/types\/post"}],"author":[{"embeddable":true,"href":"https:\/\/einfachzufriedensein.de\/index.php?rest_route=\/wp\/v2\/users\/1"}],"replies":[{"embeddable":true,"href":"https:\/\/einfachzufriedensein.de\/index.php?rest_route=%2Fwp%2Fv2%2Fcomments&post=725"}],"version-history":[{"count":3,"href":"https:\/\/einfachzufriedensein.de\/index.php?rest_route=\/wp\/v2\/posts\/725\/revisions"}],"predecessor-version":[{"id":749,"href":"https:\/\/einfachzufriedensein.de\/index.php?rest_route=\/wp\/v2\/posts\/725\/revisions\/749"}],"wp:featuredmedia":[{"embeddable":true,"href":"https:\/\/einfachzufriedensein.de\/index.php?rest_route=\/wp\/v2\/media\/57"}],"wp:attachment":[{"href":"https:\/\/einfachzufriedensein.de\/index.php?rest_route=%2Fwp%2Fv2%2Fmedia&parent=725"}],"wp:term":[{"taxonomy":"category","embeddable":true,"href":"https:\/\/einfachzufriedensein.de\/index.php?rest_route=%2Fwp%2Fv2%2Fcategories&post=725"},{"taxonomy":"post_tag","embeddable":true,"href":"https:\/\/einfachzufriedensein.de\/index.php?rest_route=%2Fwp%2Fv2%2Ftags&post=725"}],"curies":[{"name":"wp","href":"https:\/\/api.w.org\/{rel}","templated":true}]}}