{"id":71,"date":"2024-10-15T12:18:45","date_gmt":"2024-10-15T10:18:45","guid":{"rendered":"https:\/\/einfachzufriedensein.de\/?p=71"},"modified":"2024-11-06T15:40:06","modified_gmt":"2024-11-06T14:40:06","slug":"warten","status":"publish","type":"post","link":"https:\/\/einfachzufriedensein.de\/?p=71","title":{"rendered":"Warten"},"content":{"rendered":"\n<p>Die Tage sind lang und die Zeit des Wartens auf den Termin der Befundbesprechung ebenfalls. Am Wochenende haben Carsten und ich viel geredet. Jeder hat seine eigenen Gedanken, was eine Brustkrebsdiagnose wohl mit uns und unserem Leben machen w\u00fcrde. Was bedeutet das f\u00fcr unsere Familie, unser Umfeld? Wie geht jeder einzelne damit um? Das Leben hat sich in den letzten Tagen dahingehend ver\u00e4ndert, dass eine \u00c4rztin eine Verdachtsdiagnose ge\u00e4u\u00dfert hat, mit der ich absolut nicht gerechnet habe. Vielleicht habe ich diese Option aber auch nur verdr\u00e4ngt.<\/p>\n\n\n\n<p>Am Wochenende hatten wir eine gute Ablenkung \u2013 unsere Enkelin war spontan \u00fcber Nacht zu Besuch. Mit ihren zweieinhalb Jahren wirbelt sie unseren kompletten Alltag durcheinander, aber genau das ist das Sch\u00f6ne daran \u2013 ein wenig weg vom Alltag. Unsere Tochter wunderte sich dar\u00fcber, dass ich vorgeschlagen habe, dass die Kleine bei uns bleibt, aber das konnte ich nach dem Urlaub und dem langen Nichtsehen ganz gut mit Sehnsucht abtun. Als wir sie am Sonntag zu ihren Eltern zur\u00fcckbrachten, hatte ich schon die Gedanken daran, dass das Leben nach dem n\u00e4chsten Wochenende, wenn sich die Diagnose best\u00e4tigt, wohl ein anderes sein wird. Wie gehen die Kinder damit um? Sie werden Verlust\u00e4ngste haben, schlie\u00dflich geht es hier um die Mama, die ich nun mal bin, auch wenn sie mittlerweile alle erwachsen sind und eigene Familien haben. Aber unsere Familienbande ist so stark, dass wir das alle gemeinsam durchstehen, was mir sicher oft auch Kraft geben wird.<\/p>\n\n\n\n<p>Es ist nun wochentags, sodass wir beide wieder mit Arbeit besch\u00e4ftigt sind. Ich habe in dieser Woche noch einen Augenarzttermin und einen Kontrolltermin bei meiner Haus\u00e4rztin wegen der Schilddr\u00fcsenentz\u00fcndung und ich habe leichte Halsschmerzen. Hoffentlich wird das nicht die erste Erk\u00e4ltung f\u00fcr mich in dieser Saison. In drei Tagen ist Freitag \u2013 der Tag der Befundbesprechung.<\/p>\n\n\n\n<p>Heute habe ich auch mit meiner Ex-Schwiegermutter telefoniert, die vor wenigen Wochen die Diagnose Knochenkrebs mit wenig Aussicht auf Heilung in ihrem Alter mit 78 Jahren erhalten hat. Sie musste in k\u00fcrzester Zeit von ihrem selbstbestimmten Leben in einer eigenen Wohnung Abschied nehmen und sich auf einen Pflegeheimplatz einstellen. Sie tr\u00e4gt das mit solch einer Fassung und verliert kein negatives Wort. Sie freut sich \u00fcber jede Nachricht ihrer Enkelkinder und Videos ihrer Urenkelin. Sie ist so stark in so einer schwierigen Situation, dass teilweise das Umfeld nicht wei\u00df, wie es damit umgehen soll. Aber genau das finde ich so toll an ihr und an dem Umgang mit solch einer negativen Diagnose. Das best\u00e4rkt auch mich in meinem Tun, wenn sich am Freitag die Verdachtsdiagnose best\u00e4tigt.<\/p>\n","protected":false},"excerpt":{"rendered":"<p class=\"text-justify\">Die Tage sind lang und die Zeit des Wartens auf den Termin der Befundbesprechung ebenfalls. Am Wochenende haben Carsten und ich viel [&hellip;]<\/p>\n","protected":false},"author":1,"featured_media":57,"comment_status":"closed","ping_status":"closed","sticky":false,"template":"","format":"standard","meta":{"footnotes":""},"categories":[1],"tags":[],"class_list":["post-71","post","type-post","status-publish","format-standard","has-post-thumbnail","hentry","category-allgemein"],"yoast_head":"<!-- This site is optimized with the Yoast SEO plugin v24.1 - https:\/\/yoast.com\/wordpress\/plugins\/seo\/ -->\n<title>Warten - einfach.zufrieden.sein.<\/title>\n<meta name=\"description\" content=\"Das Warten auf die endg\u00fcltige Diagnose erscheint unendlich lang. Die Verdachtsdiagnose lautete ja bereits b\u00f6sartiger Tumor.\" \/>\n<meta name=\"robots\" content=\"index, follow, max-snippet:-1, max-image-preview:large, max-video-preview:-1\" \/>\n<link rel=\"canonical\" href=\"https:\/\/einfachzufriedensein.de\/?p=71\" \/>\n<meta property=\"og:locale\" content=\"de_DE\" \/>\n<meta property=\"og:type\" content=\"article\" \/>\n<meta property=\"og:title\" content=\"Warten - einfach.zufrieden.sein.\" \/>\n<meta property=\"og:description\" content=\"Das Warten auf die endg\u00fcltige Diagnose erscheint unendlich lang. Die Verdachtsdiagnose lautete ja bereits b\u00f6sartiger Tumor.\" \/>\n<meta property=\"og:url\" content=\"https:\/\/einfachzufriedensein.de\/?p=71\" \/>\n<meta property=\"og:site_name\" content=\"einfach.zufrieden.sein.\" \/>\n<meta property=\"article:published_time\" content=\"2024-10-15T10:18:45+00:00\" \/>\n<meta property=\"article:modified_time\" content=\"2024-11-06T14:40:06+00:00\" \/>\n<meta property=\"og:image\" content=\"https:\/\/einfachzufriedensein.de\/wp-content\/uploads\/2024\/10\/einfach.-zufrieden.-sein-2.png\" \/>\n\t<meta property=\"og:image:width\" content=\"500\" \/>\n\t<meta property=\"og:image:height\" content=\"500\" \/>\n\t<meta property=\"og:image:type\" content=\"image\/png\" \/>\n<meta name=\"author\" content=\"sfiedler\" \/>\n<meta name=\"twitter:card\" content=\"summary_large_image\" \/>\n<meta name=\"twitter:label1\" content=\"Verfasst von\" \/>\n\t<meta name=\"twitter:data1\" content=\"sfiedler\" \/>\n\t<meta name=\"twitter:label2\" content=\"Gesch\u00e4tzte Lesezeit\" \/>\n\t<meta name=\"twitter:data2\" content=\"3\u00a0Minuten\" \/>\n<script type=\"application\/ld+json\" class=\"yoast-schema-graph\">{\"@context\":\"https:\/\/schema.org\",\"@graph\":[{\"@type\":\"Article\",\"@id\":\"https:\/\/einfachzufriedensein.de\/?p=71#article\",\"isPartOf\":{\"@id\":\"https:\/\/einfachzufriedensein.de\/?p=71\"},\"author\":{\"name\":\"sfiedler\",\"@id\":\"https:\/\/einfachzufriedensein.de\/#\/schema\/person\/1c305a44404a7ae00e2ad15fb51bb53c\"},\"headline\":\"Warten\",\"datePublished\":\"2024-10-15T10:18:45+00:00\",\"dateModified\":\"2024-11-06T14:40:06+00:00\",\"mainEntityOfPage\":{\"@id\":\"https:\/\/einfachzufriedensein.de\/?p=71\"},\"wordCount\":442,\"publisher\":{\"@id\":\"https:\/\/einfachzufriedensein.de\/#\/schema\/person\/1c305a44404a7ae00e2ad15fb51bb53c\"},\"image\":{\"@id\":\"https:\/\/einfachzufriedensein.de\/?p=71#primaryimage\"},\"thumbnailUrl\":\"https:\/\/einfachzufriedensein.de\/wp-content\/uploads\/2024\/10\/einfach.-zufrieden.-sein-2.png\",\"inLanguage\":\"de\"},{\"@type\":\"WebPage\",\"@id\":\"https:\/\/einfachzufriedensein.de\/?p=71\",\"url\":\"https:\/\/einfachzufriedensein.de\/?p=71\",\"name\":\"Warten - einfach.zufrieden.sein.\",\"isPartOf\":{\"@id\":\"https:\/\/einfachzufriedensein.de\/#website\"},\"primaryImageOfPage\":{\"@id\":\"https:\/\/einfachzufriedensein.de\/?p=71#primaryimage\"},\"image\":{\"@id\":\"https:\/\/einfachzufriedensein.de\/?p=71#primaryimage\"},\"thumbnailUrl\":\"https:\/\/einfachzufriedensein.de\/wp-content\/uploads\/2024\/10\/einfach.-zufrieden.-sein-2.png\",\"datePublished\":\"2024-10-15T10:18:45+00:00\",\"dateModified\":\"2024-11-06T14:40:06+00:00\",\"description\":\"Das Warten auf die endg\u00fcltige Diagnose erscheint unendlich lang. Die Verdachtsdiagnose lautete ja bereits b\u00f6sartiger Tumor.\",\"breadcrumb\":{\"@id\":\"https:\/\/einfachzufriedensein.de\/?p=71#breadcrumb\"},\"inLanguage\":\"de\",\"potentialAction\":[{\"@type\":\"ReadAction\",\"target\":[\"https:\/\/einfachzufriedensein.de\/?p=71\"]}]},{\"@type\":\"ImageObject\",\"inLanguage\":\"de\",\"@id\":\"https:\/\/einfachzufriedensein.de\/?p=71#primaryimage\",\"url\":\"https:\/\/einfachzufriedensein.de\/wp-content\/uploads\/2024\/10\/einfach.-zufrieden.-sein-2.png\",\"contentUrl\":\"https:\/\/einfachzufriedensein.de\/wp-content\/uploads\/2024\/10\/einfach.-zufrieden.-sein-2.png\",\"width\":500,\"height\":500},{\"@type\":\"BreadcrumbList\",\"@id\":\"https:\/\/einfachzufriedensein.de\/?p=71#breadcrumb\",\"itemListElement\":[{\"@type\":\"ListItem\",\"position\":1,\"name\":\"Startseite\",\"item\":\"https:\/\/einfachzufriedensein.de\/\"},{\"@type\":\"ListItem\",\"position\":2,\"name\":\"Warten\"}]},{\"@type\":\"WebSite\",\"@id\":\"https:\/\/einfachzufriedensein.de\/#website\",\"url\":\"https:\/\/einfachzufriedensein.de\/\",\"name\":\"einfach.zufrieden.sein.\",\"description\":\"Der Brustkrebs &amp; ich  - das Tagebuch einer Brustkrebspatientin\",\"publisher\":{\"@id\":\"https:\/\/einfachzufriedensein.de\/#\/schema\/person\/1c305a44404a7ae00e2ad15fb51bb53c\"},\"potentialAction\":[{\"@type\":\"SearchAction\",\"target\":{\"@type\":\"EntryPoint\",\"urlTemplate\":\"https:\/\/einfachzufriedensein.de\/?s={search_term_string}\"},\"query-input\":{\"@type\":\"PropertyValueSpecification\",\"valueRequired\":true,\"valueName\":\"search_term_string\"}}],\"inLanguage\":\"de\"},{\"@type\":[\"Person\",\"Organization\"],\"@id\":\"https:\/\/einfachzufriedensein.de\/#\/schema\/person\/1c305a44404a7ae00e2ad15fb51bb53c\",\"name\":\"sfiedler\",\"image\":{\"@type\":\"ImageObject\",\"inLanguage\":\"de\",\"@id\":\"https:\/\/einfachzufriedensein.de\/#\/schema\/person\/image\/\",\"url\":\"https:\/\/einfachzufriedensein.de\/wp-content\/uploads\/2024\/10\/IMG20240928112843-scaled.jpg\",\"contentUrl\":\"https:\/\/einfachzufriedensein.de\/wp-content\/uploads\/2024\/10\/IMG20240928112843-scaled.jpg\",\"width\":1927,\"height\":2560,\"caption\":\"sfiedler\"},\"logo\":{\"@id\":\"https:\/\/einfachzufriedensein.de\/#\/schema\/person\/image\/\"},\"sameAs\":[\"https:\/\/einfachzufriedensein.de\"],\"url\":\"https:\/\/einfachzufriedensein.de\/?author=1\"}]}<\/script>\n<!-- \/ Yoast SEO plugin. -->","yoast_head_json":{"title":"Warten - einfach.zufrieden.sein.","description":"Das Warten auf die endg\u00fcltige Diagnose erscheint unendlich lang. Die Verdachtsdiagnose lautete ja bereits b\u00f6sartiger Tumor.","robots":{"index":"index","follow":"follow","max-snippet":"max-snippet:-1","max-image-preview":"max-image-preview:large","max-video-preview":"max-video-preview:-1"},"canonical":"https:\/\/einfachzufriedensein.de\/?p=71","og_locale":"de_DE","og_type":"article","og_title":"Warten - einfach.zufrieden.sein.","og_description":"Das Warten auf die endg\u00fcltige Diagnose erscheint unendlich lang. Die Verdachtsdiagnose lautete ja bereits b\u00f6sartiger Tumor.","og_url":"https:\/\/einfachzufriedensein.de\/?p=71","og_site_name":"einfach.zufrieden.sein.","article_published_time":"2024-10-15T10:18:45+00:00","article_modified_time":"2024-11-06T14:40:06+00:00","og_image":[{"width":500,"height":500,"url":"https:\/\/einfachzufriedensein.de\/wp-content\/uploads\/2024\/10\/einfach.-zufrieden.-sein-2.png","type":"image\/png"}],"author":"sfiedler","twitter_card":"summary_large_image","twitter_misc":{"Verfasst von":"sfiedler","Gesch\u00e4tzte Lesezeit":"3\u00a0Minuten"},"schema":{"@context":"https:\/\/schema.org","@graph":[{"@type":"Article","@id":"https:\/\/einfachzufriedensein.de\/?p=71#article","isPartOf":{"@id":"https:\/\/einfachzufriedensein.de\/?p=71"},"author":{"name":"sfiedler","@id":"https:\/\/einfachzufriedensein.de\/#\/schema\/person\/1c305a44404a7ae00e2ad15fb51bb53c"},"headline":"Warten","datePublished":"2024-10-15T10:18:45+00:00","dateModified":"2024-11-06T14:40:06+00:00","mainEntityOfPage":{"@id":"https:\/\/einfachzufriedensein.de\/?p=71"},"wordCount":442,"publisher":{"@id":"https:\/\/einfachzufriedensein.de\/#\/schema\/person\/1c305a44404a7ae00e2ad15fb51bb53c"},"image":{"@id":"https:\/\/einfachzufriedensein.de\/?p=71#primaryimage"},"thumbnailUrl":"https:\/\/einfachzufriedensein.de\/wp-content\/uploads\/2024\/10\/einfach.-zufrieden.-sein-2.png","inLanguage":"de"},{"@type":"WebPage","@id":"https:\/\/einfachzufriedensein.de\/?p=71","url":"https:\/\/einfachzufriedensein.de\/?p=71","name":"Warten - einfach.zufrieden.sein.","isPartOf":{"@id":"https:\/\/einfachzufriedensein.de\/#website"},"primaryImageOfPage":{"@id":"https:\/\/einfachzufriedensein.de\/?p=71#primaryimage"},"image":{"@id":"https:\/\/einfachzufriedensein.de\/?p=71#primaryimage"},"thumbnailUrl":"https:\/\/einfachzufriedensein.de\/wp-content\/uploads\/2024\/10\/einfach.-zufrieden.-sein-2.png","datePublished":"2024-10-15T10:18:45+00:00","dateModified":"2024-11-06T14:40:06+00:00","description":"Das Warten auf die endg\u00fcltige Diagnose erscheint unendlich lang. Die Verdachtsdiagnose lautete ja bereits b\u00f6sartiger Tumor.","breadcrumb":{"@id":"https:\/\/einfachzufriedensein.de\/?p=71#breadcrumb"},"inLanguage":"de","potentialAction":[{"@type":"ReadAction","target":["https:\/\/einfachzufriedensein.de\/?p=71"]}]},{"@type":"ImageObject","inLanguage":"de","@id":"https:\/\/einfachzufriedensein.de\/?p=71#primaryimage","url":"https:\/\/einfachzufriedensein.de\/wp-content\/uploads\/2024\/10\/einfach.-zufrieden.-sein-2.png","contentUrl":"https:\/\/einfachzufriedensein.de\/wp-content\/uploads\/2024\/10\/einfach.-zufrieden.-sein-2.png","width":500,"height":500},{"@type":"BreadcrumbList","@id":"https:\/\/einfachzufriedensein.de\/?p=71#breadcrumb","itemListElement":[{"@type":"ListItem","position":1,"name":"Startseite","item":"https:\/\/einfachzufriedensein.de\/"},{"@type":"ListItem","position":2,"name":"Warten"}]},{"@type":"WebSite","@id":"https:\/\/einfachzufriedensein.de\/#website","url":"https:\/\/einfachzufriedensein.de\/","name":"einfach.zufrieden.sein.","description":"Der Brustkrebs &amp; ich  - das Tagebuch einer Brustkrebspatientin","publisher":{"@id":"https:\/\/einfachzufriedensein.de\/#\/schema\/person\/1c305a44404a7ae00e2ad15fb51bb53c"},"potentialAction":[{"@type":"SearchAction","target":{"@type":"EntryPoint","urlTemplate":"https:\/\/einfachzufriedensein.de\/?s={search_term_string}"},"query-input":{"@type":"PropertyValueSpecification","valueRequired":true,"valueName":"search_term_string"}}],"inLanguage":"de"},{"@type":["Person","Organization"],"@id":"https:\/\/einfachzufriedensein.de\/#\/schema\/person\/1c305a44404a7ae00e2ad15fb51bb53c","name":"sfiedler","image":{"@type":"ImageObject","inLanguage":"de","@id":"https:\/\/einfachzufriedensein.de\/#\/schema\/person\/image\/","url":"https:\/\/einfachzufriedensein.de\/wp-content\/uploads\/2024\/10\/IMG20240928112843-scaled.jpg","contentUrl":"https:\/\/einfachzufriedensein.de\/wp-content\/uploads\/2024\/10\/IMG20240928112843-scaled.jpg","width":1927,"height":2560,"caption":"sfiedler"},"logo":{"@id":"https:\/\/einfachzufriedensein.de\/#\/schema\/person\/image\/"},"sameAs":["https:\/\/einfachzufriedensein.de"],"url":"https:\/\/einfachzufriedensein.de\/?author=1"}]}},"_links":{"self":[{"href":"https:\/\/einfachzufriedensein.de\/index.php?rest_route=\/wp\/v2\/posts\/71","targetHints":{"allow":["GET"]}}],"collection":[{"href":"https:\/\/einfachzufriedensein.de\/index.php?rest_route=\/wp\/v2\/posts"}],"about":[{"href":"https:\/\/einfachzufriedensein.de\/index.php?rest_route=\/wp\/v2\/types\/post"}],"author":[{"embeddable":true,"href":"https:\/\/einfachzufriedensein.de\/index.php?rest_route=\/wp\/v2\/users\/1"}],"replies":[{"embeddable":true,"href":"https:\/\/einfachzufriedensein.de\/index.php?rest_route=%2Fwp%2Fv2%2Fcomments&post=71"}],"version-history":[{"count":2,"href":"https:\/\/einfachzufriedensein.de\/index.php?rest_route=\/wp\/v2\/posts\/71\/revisions"}],"predecessor-version":[{"id":127,"href":"https:\/\/einfachzufriedensein.de\/index.php?rest_route=\/wp\/v2\/posts\/71\/revisions\/127"}],"wp:featuredmedia":[{"embeddable":true,"href":"https:\/\/einfachzufriedensein.de\/index.php?rest_route=\/wp\/v2\/media\/57"}],"wp:attachment":[{"href":"https:\/\/einfachzufriedensein.de\/index.php?rest_route=%2Fwp%2Fv2%2Fmedia&parent=71"}],"wp:term":[{"taxonomy":"category","embeddable":true,"href":"https:\/\/einfachzufriedensein.de\/index.php?rest_route=%2Fwp%2Fv2%2Fcategories&post=71"},{"taxonomy":"post_tag","embeddable":true,"href":"https:\/\/einfachzufriedensein.de\/index.php?rest_route=%2Fwp%2Fv2%2Ftags&post=71"}],"curies":[{"name":"wp","href":"https:\/\/api.w.org\/{rel}","templated":true}]}}