{"id":663,"date":"2025-02-09T21:46:22","date_gmt":"2025-02-09T20:46:22","guid":{"rendered":"https:\/\/einfachzufriedensein.de\/?p=663"},"modified":"2025-02-16T19:18:49","modified_gmt":"2025-02-16T18:18:49","slug":"wie-geht-es-dir","status":"publish","type":"post","link":"https:\/\/einfachzufriedensein.de\/?p=663","title":{"rendered":"Wie geht es Dir?"},"content":{"rendered":"\n<p>So beginnen oft viele Gespr\u00e4che und es freut mich, dass mein Umfeld sich daf\u00fcr interessiert. Gr\u00f6\u00dftenteils geht es mir wirklich gut. Aber es gibt auch Tage, an denen ich einfach keine Power habe, schnell au\u00dfer Atem bin, mein Kreislauf verr\u00fcckt spielt und ich einfach keine Lust habe mich farbenfroh zu kleiden geschweige denn mich zu schminken. An manchen Tagen kann ich mich nicht einmal aufraffen nach drau\u00dfen zu gehen. Mein Bild in der \u00d6ffentlichkeit ist sicher oftmals ein anderes, denn wenn ich unterwegs bin und mich aufgepimpt habe, sieht man mir die letzten schlechten Tage sicher nicht mehr an. <\/p>\n\n\n\n<p>Wie erging es mir nun in den letzten Tagen? Der Tod eines Familienmitgliedes hat den Geburtstag meines Mannes am Freitag \u00fcberschattet. Dennoch sind alle Kinder zu uns gekommen und wir hatten doch einen sch\u00f6nen, den Umst\u00e4nden entsprechenden, Abend. Wir haben gemeinsam mit den Kindern einen Luftballon mit pers\u00f6nlichen Gr\u00fc\u00dfen in den Himmel geschickt, uns weinend in den Armen gelegen, Trost gespendet, aber auch Gespr\u00e4che gef\u00fchrt, die nichts mit dem Tod und schon gar nicht mit meiner aktuellen Situation zu tun haben. Normalit\u00e4t ist f\u00fcr uns alle wichtig. Der Abend war f\u00fcr mich dann doch recht anstrengend, da ich die Nacht zuvor wieder sehr schlecht geschlafen hatte und ich bin, nachdem alle gefahren waren, direkt auf der Couch eingeschlafen. Hier zeigt mir mein K\u00f6rper doch immer wieder auf, dass es Grenzen gibt. Au\u00dferdem habe ich seit \u00fcber einer Woche nachts Halsschmerzen und tiefes Einatmen f\u00e4llt mir teilweise schwer, da es direkt einen Hustenreiz ausl\u00f6st. Eine Erk\u00e4ltung bricht aber nicht richtig aus. Bisher habe ich versucht es mit Ingwer und Zitrone zu bek\u00e4mpfen, jetzt gehe ich zu Grippostad \u00fcber in der Hoffnung es nun endlich in den Griff zu bekommen, bevor ich zu meiner Haus\u00e4rztin gehen werde.<\/p>\n\n\n\n<p>In diesem, dem zweiten Chemozyklus, h\u00e4lt sich in den ersten Tagen sehr hartn\u00e4ckig der metallische Geschmack im Mund. Das \u00e4ndert sich oft auch im Laufe des Tages. Wer das selbst noch nicht erlebt hat, kann es eigentlich nicht nachvollziehen. Corona hatte als Nebenwirkung den Verlust des gesamten Geschmacks &#8211; auch nicht sch\u00f6n. Aber wenn alles inklusive Wasser nach Metall schmeckt, dann vergeht einem f\u00f6rmlich die Lust am Essen und Trinken. Das trifft mich ebenfalls und ich habe in den letzten zwei Monaten bereits sieben Kilo abgenommen. In meinen gesunden Zeiten h\u00e4tte ich mich sehr dar\u00fcber gefreut, aber im Moment ist jedes Kilo weniger nicht gut f\u00fcr meinen K\u00f6rper, da wichtige Energie f\u00fcr das Durchhalten der Therapie und Abwehren von Krankheiten fehlt. Das aktuelle Gewicht muss jede Woche im Brustzentrum angegeben werden und bei Bedarf hat man die M\u00f6glichkeit eine Ern\u00e4hrungsberatung hinzuziehen zu k\u00f6nnen, wenn es kritisch werden sollte. Bisher habe ich das noch nicht in Anspruch genommen, denn Appetit habe ich, aber das Essen schmeckt manchmal eben nicht so wie ich es kenne.<\/p>\n\n\n\n<p>Es liegen jetzt noch insgesamt zehn Chemos vor mir. Meine H\u00e4nde und F\u00fc\u00dfe sind unver\u00e4ndert &#8211; noch keine Anzeichen f\u00fcr eine Verst\u00e4rkung der Polyneuropathie. Hoffen wir, dass es so bleibt. Und noch eine sch\u00f6ne Nachricht in Richtung Verbindung zu anderen Krebspatientinnen. Zur Chemo am letzten Donnerstag erhielt ich von der Brustschwester Heike, die mich von Anfang an betreut, einen Flyer zu einem Auftakt-Patiententreffen f\u00fcr Krebspatienten der gyn\u00e4kologischen Ambulanz. Geplant ist das Ganze f\u00fcr Ende April und sie hatte mich bereits im Vorfeld gefragt, ob ich Lust h\u00e4tte daran teilzunehmen. Nat\u00fcrlich habe ich gro\u00dfes Interesse daran. Es ist au\u00dferhalb unserer aller Therapiezeit und ebenfalls au\u00dferhalb der R\u00e4umlichkeiten der Ambulanz. Ich erhoffe mir davon, mit anderen Patientinnen intensiver in Kontakt zu kommen und Schwester Heike w\u00fcnscht sich, dass ich anderen Mitpatientinnen ein wenig Mut mache und von meinem eigenen offenen Umgang mit der Diagnose und der Therapie erz\u00e4hle. Ich hatte ihr von meiner Teilnahme am Schminkkurs f\u00fcr Krebspatienten und meinem geplanten professionellem Fotoshooting in M\u00fcnchen erz\u00e4hlt. Wenn das Auftakttreffen gut l\u00e4uft und das Interesse weiterhin besteht, dann wird es eine Fortsetzung geben. Solche Treffen gab es vor vielen Jahren schon einmal, aber aufgrund fehlender R\u00e4umlichkeiten nach dem Umzug in das neue Klinikgeb\u00e4ude mangelte es an einem ungest\u00f6rten und sch\u00f6nen Ort. Das Caf\u00e9 der gr\u00fcnen Damen des Hauses bietet jetzt die M\u00f6glichkeit und eignet sich wohl perfekt daf\u00fcr. Ich bin gespannt und freue mich sehr darauf.<\/p>\n\n\n\n<p> <img loading=\"lazy\" decoding=\"async\" width=\"297\" height=\"444\" class=\"wp-image-668\" style=\"width: 297px;\" src=\"https:\/\/einfachzufriedensein.de\/wp-content\/uploads\/2025\/02\/Bildschirmfoto-2025-02-09-um-20.41.09.png\" alt=\"\" srcset=\"https:\/\/einfachzufriedensein.de\/wp-content\/uploads\/2025\/02\/Bildschirmfoto-2025-02-09-um-20.41.09.png 664w, https:\/\/einfachzufriedensein.de\/wp-content\/uploads\/2025\/02\/Bildschirmfoto-2025-02-09-um-20.41.09-201x300.png 201w\" sizes=\"auto, (max-width: 297px) 100vw, 297px\" \/><\/p>\n","protected":false},"excerpt":{"rendered":"<p class=\"text-justify\">So beginnen oft viele Gespr\u00e4che und es freut mich, dass mein Umfeld sich daf\u00fcr interessiert. Gr\u00f6\u00dftenteils geht es mir wirklich gut. Aber [&hellip;]<\/p>\n","protected":false},"author":1,"featured_media":57,"comment_status":"closed","ping_status":"open","sticky":false,"template":"","format":"standard","meta":{"footnotes":""},"categories":[1],"tags":[2,11,17,16],"class_list":["post-663","post","type-post","status-publish","format-standard","has-post-thumbnail","hentry","category-allgemein","tag-brustkrebs","tag-chemotherapie","tag-familie","tag-mentale-staerke"],"yoast_head":"<!-- This site is optimized with the Yoast SEO plugin v24.1 - https:\/\/yoast.com\/wordpress\/plugins\/seo\/ -->\n<title>Wie geht es Dir? - einfach.zufrieden.sein.<\/title>\n<meta name=\"description\" content=\"Wie es mir geht, werde ich oft gefragt und freue mich sehr \u00fcber das Interesse an meinem aktuellen Zustand.\" \/>\n<meta name=\"robots\" content=\"index, follow, max-snippet:-1, max-image-preview:large, max-video-preview:-1\" \/>\n<link rel=\"canonical\" href=\"https:\/\/einfachzufriedensein.de\/?p=663\" \/>\n<meta property=\"og:locale\" content=\"de_DE\" \/>\n<meta property=\"og:type\" content=\"article\" \/>\n<meta property=\"og:title\" content=\"Wie geht es Dir? - einfach.zufrieden.sein.\" \/>\n<meta property=\"og:description\" content=\"Wie es mir geht, werde ich oft gefragt und freue mich sehr \u00fcber das Interesse an meinem aktuellen Zustand.\" \/>\n<meta property=\"og:url\" content=\"https:\/\/einfachzufriedensein.de\/?p=663\" \/>\n<meta property=\"og:site_name\" content=\"einfach.zufrieden.sein.\" \/>\n<meta property=\"article:published_time\" content=\"2025-02-09T20:46:22+00:00\" \/>\n<meta property=\"article:modified_time\" content=\"2025-02-16T18:18:49+00:00\" \/>\n<meta property=\"og:image\" content=\"https:\/\/einfachzufriedensein.de\/wp-content\/uploads\/2024\/10\/einfach.-zufrieden.-sein-2.png\" \/>\n\t<meta property=\"og:image:width\" content=\"500\" \/>\n\t<meta property=\"og:image:height\" content=\"500\" \/>\n\t<meta property=\"og:image:type\" content=\"image\/png\" \/>\n<meta name=\"author\" content=\"sfiedler\" \/>\n<meta name=\"twitter:card\" content=\"summary_large_image\" \/>\n<meta name=\"twitter:label1\" content=\"Verfasst von\" \/>\n\t<meta name=\"twitter:data1\" content=\"sfiedler\" \/>\n\t<meta name=\"twitter:label2\" content=\"Gesch\u00e4tzte Lesezeit\" \/>\n\t<meta name=\"twitter:data2\" content=\"5\u00a0Minuten\" \/>\n<script type=\"application\/ld+json\" class=\"yoast-schema-graph\">{\"@context\":\"https:\/\/schema.org\",\"@graph\":[{\"@type\":\"Article\",\"@id\":\"https:\/\/einfachzufriedensein.de\/?p=663#article\",\"isPartOf\":{\"@id\":\"https:\/\/einfachzufriedensein.de\/?p=663\"},\"author\":{\"name\":\"sfiedler\",\"@id\":\"https:\/\/einfachzufriedensein.de\/#\/schema\/person\/1c305a44404a7ae00e2ad15fb51bb53c\"},\"headline\":\"Wie geht es Dir?\",\"datePublished\":\"2025-02-09T20:46:22+00:00\",\"dateModified\":\"2025-02-16T18:18:49+00:00\",\"mainEntityOfPage\":{\"@id\":\"https:\/\/einfachzufriedensein.de\/?p=663\"},\"wordCount\":766,\"publisher\":{\"@id\":\"https:\/\/einfachzufriedensein.de\/#\/schema\/person\/1c305a44404a7ae00e2ad15fb51bb53c\"},\"image\":{\"@id\":\"https:\/\/einfachzufriedensein.de\/?p=663#primaryimage\"},\"thumbnailUrl\":\"https:\/\/einfachzufriedensein.de\/wp-content\/uploads\/2024\/10\/einfach.-zufrieden.-sein-2.png\",\"keywords\":[\"Brustkrebs\",\"Chemotherapie\",\"Familie\",\"mentale St\u00e4rke\"],\"inLanguage\":\"de\"},{\"@type\":\"WebPage\",\"@id\":\"https:\/\/einfachzufriedensein.de\/?p=663\",\"url\":\"https:\/\/einfachzufriedensein.de\/?p=663\",\"name\":\"Wie geht es Dir? - einfach.zufrieden.sein.\",\"isPartOf\":{\"@id\":\"https:\/\/einfachzufriedensein.de\/#website\"},\"primaryImageOfPage\":{\"@id\":\"https:\/\/einfachzufriedensein.de\/?p=663#primaryimage\"},\"image\":{\"@id\":\"https:\/\/einfachzufriedensein.de\/?p=663#primaryimage\"},\"thumbnailUrl\":\"https:\/\/einfachzufriedensein.de\/wp-content\/uploads\/2024\/10\/einfach.-zufrieden.-sein-2.png\",\"datePublished\":\"2025-02-09T20:46:22+00:00\",\"dateModified\":\"2025-02-16T18:18:49+00:00\",\"description\":\"Wie es mir geht, werde ich oft gefragt und freue mich sehr \u00fcber das Interesse an meinem aktuellen Zustand.\",\"breadcrumb\":{\"@id\":\"https:\/\/einfachzufriedensein.de\/?p=663#breadcrumb\"},\"inLanguage\":\"de\",\"potentialAction\":[{\"@type\":\"ReadAction\",\"target\":[\"https:\/\/einfachzufriedensein.de\/?p=663\"]}]},{\"@type\":\"ImageObject\",\"inLanguage\":\"de\",\"@id\":\"https:\/\/einfachzufriedensein.de\/?p=663#primaryimage\",\"url\":\"https:\/\/einfachzufriedensein.de\/wp-content\/uploads\/2024\/10\/einfach.-zufrieden.-sein-2.png\",\"contentUrl\":\"https:\/\/einfachzufriedensein.de\/wp-content\/uploads\/2024\/10\/einfach.-zufrieden.-sein-2.png\",\"width\":500,\"height\":500},{\"@type\":\"BreadcrumbList\",\"@id\":\"https:\/\/einfachzufriedensein.de\/?p=663#breadcrumb\",\"itemListElement\":[{\"@type\":\"ListItem\",\"position\":1,\"name\":\"Startseite\",\"item\":\"https:\/\/einfachzufriedensein.de\/\"},{\"@type\":\"ListItem\",\"position\":2,\"name\":\"Wie geht es Dir?\"}]},{\"@type\":\"WebSite\",\"@id\":\"https:\/\/einfachzufriedensein.de\/#website\",\"url\":\"https:\/\/einfachzufriedensein.de\/\",\"name\":\"einfach.zufrieden.sein.\",\"description\":\"Der Brustkrebs &amp; ich  - das Tagebuch einer Brustkrebspatientin\",\"publisher\":{\"@id\":\"https:\/\/einfachzufriedensein.de\/#\/schema\/person\/1c305a44404a7ae00e2ad15fb51bb53c\"},\"potentialAction\":[{\"@type\":\"SearchAction\",\"target\":{\"@type\":\"EntryPoint\",\"urlTemplate\":\"https:\/\/einfachzufriedensein.de\/?s={search_term_string}\"},\"query-input\":{\"@type\":\"PropertyValueSpecification\",\"valueRequired\":true,\"valueName\":\"search_term_string\"}}],\"inLanguage\":\"de\"},{\"@type\":[\"Person\",\"Organization\"],\"@id\":\"https:\/\/einfachzufriedensein.de\/#\/schema\/person\/1c305a44404a7ae00e2ad15fb51bb53c\",\"name\":\"sfiedler\",\"image\":{\"@type\":\"ImageObject\",\"inLanguage\":\"de\",\"@id\":\"https:\/\/einfachzufriedensein.de\/#\/schema\/person\/image\/\",\"url\":\"https:\/\/einfachzufriedensein.de\/wp-content\/uploads\/2024\/10\/IMG20240928112843-scaled.jpg\",\"contentUrl\":\"https:\/\/einfachzufriedensein.de\/wp-content\/uploads\/2024\/10\/IMG20240928112843-scaled.jpg\",\"width\":1927,\"height\":2560,\"caption\":\"sfiedler\"},\"logo\":{\"@id\":\"https:\/\/einfachzufriedensein.de\/#\/schema\/person\/image\/\"},\"sameAs\":[\"https:\/\/einfachzufriedensein.de\"],\"url\":\"https:\/\/einfachzufriedensein.de\/?author=1\"}]}<\/script>\n<!-- \/ Yoast SEO plugin. -->","yoast_head_json":{"title":"Wie geht es Dir? - einfach.zufrieden.sein.","description":"Wie es mir geht, werde ich oft gefragt und freue mich sehr \u00fcber das Interesse an meinem aktuellen Zustand.","robots":{"index":"index","follow":"follow","max-snippet":"max-snippet:-1","max-image-preview":"max-image-preview:large","max-video-preview":"max-video-preview:-1"},"canonical":"https:\/\/einfachzufriedensein.de\/?p=663","og_locale":"de_DE","og_type":"article","og_title":"Wie geht es Dir? - einfach.zufrieden.sein.","og_description":"Wie es mir geht, werde ich oft gefragt und freue mich sehr \u00fcber das Interesse an meinem aktuellen Zustand.","og_url":"https:\/\/einfachzufriedensein.de\/?p=663","og_site_name":"einfach.zufrieden.sein.","article_published_time":"2025-02-09T20:46:22+00:00","article_modified_time":"2025-02-16T18:18:49+00:00","og_image":[{"width":500,"height":500,"url":"https:\/\/einfachzufriedensein.de\/wp-content\/uploads\/2024\/10\/einfach.-zufrieden.-sein-2.png","type":"image\/png"}],"author":"sfiedler","twitter_card":"summary_large_image","twitter_misc":{"Verfasst von":"sfiedler","Gesch\u00e4tzte Lesezeit":"5\u00a0Minuten"},"schema":{"@context":"https:\/\/schema.org","@graph":[{"@type":"Article","@id":"https:\/\/einfachzufriedensein.de\/?p=663#article","isPartOf":{"@id":"https:\/\/einfachzufriedensein.de\/?p=663"},"author":{"name":"sfiedler","@id":"https:\/\/einfachzufriedensein.de\/#\/schema\/person\/1c305a44404a7ae00e2ad15fb51bb53c"},"headline":"Wie geht es Dir?","datePublished":"2025-02-09T20:46:22+00:00","dateModified":"2025-02-16T18:18:49+00:00","mainEntityOfPage":{"@id":"https:\/\/einfachzufriedensein.de\/?p=663"},"wordCount":766,"publisher":{"@id":"https:\/\/einfachzufriedensein.de\/#\/schema\/person\/1c305a44404a7ae00e2ad15fb51bb53c"},"image":{"@id":"https:\/\/einfachzufriedensein.de\/?p=663#primaryimage"},"thumbnailUrl":"https:\/\/einfachzufriedensein.de\/wp-content\/uploads\/2024\/10\/einfach.-zufrieden.-sein-2.png","keywords":["Brustkrebs","Chemotherapie","Familie","mentale St\u00e4rke"],"inLanguage":"de"},{"@type":"WebPage","@id":"https:\/\/einfachzufriedensein.de\/?p=663","url":"https:\/\/einfachzufriedensein.de\/?p=663","name":"Wie geht es Dir? - einfach.zufrieden.sein.","isPartOf":{"@id":"https:\/\/einfachzufriedensein.de\/#website"},"primaryImageOfPage":{"@id":"https:\/\/einfachzufriedensein.de\/?p=663#primaryimage"},"image":{"@id":"https:\/\/einfachzufriedensein.de\/?p=663#primaryimage"},"thumbnailUrl":"https:\/\/einfachzufriedensein.de\/wp-content\/uploads\/2024\/10\/einfach.-zufrieden.-sein-2.png","datePublished":"2025-02-09T20:46:22+00:00","dateModified":"2025-02-16T18:18:49+00:00","description":"Wie es mir geht, werde ich oft gefragt und freue mich sehr \u00fcber das Interesse an meinem aktuellen Zustand.","breadcrumb":{"@id":"https:\/\/einfachzufriedensein.de\/?p=663#breadcrumb"},"inLanguage":"de","potentialAction":[{"@type":"ReadAction","target":["https:\/\/einfachzufriedensein.de\/?p=663"]}]},{"@type":"ImageObject","inLanguage":"de","@id":"https:\/\/einfachzufriedensein.de\/?p=663#primaryimage","url":"https:\/\/einfachzufriedensein.de\/wp-content\/uploads\/2024\/10\/einfach.-zufrieden.-sein-2.png","contentUrl":"https:\/\/einfachzufriedensein.de\/wp-content\/uploads\/2024\/10\/einfach.-zufrieden.-sein-2.png","width":500,"height":500},{"@type":"BreadcrumbList","@id":"https:\/\/einfachzufriedensein.de\/?p=663#breadcrumb","itemListElement":[{"@type":"ListItem","position":1,"name":"Startseite","item":"https:\/\/einfachzufriedensein.de\/"},{"@type":"ListItem","position":2,"name":"Wie geht es Dir?"}]},{"@type":"WebSite","@id":"https:\/\/einfachzufriedensein.de\/#website","url":"https:\/\/einfachzufriedensein.de\/","name":"einfach.zufrieden.sein.","description":"Der Brustkrebs &amp; ich  - das Tagebuch einer Brustkrebspatientin","publisher":{"@id":"https:\/\/einfachzufriedensein.de\/#\/schema\/person\/1c305a44404a7ae00e2ad15fb51bb53c"},"potentialAction":[{"@type":"SearchAction","target":{"@type":"EntryPoint","urlTemplate":"https:\/\/einfachzufriedensein.de\/?s={search_term_string}"},"query-input":{"@type":"PropertyValueSpecification","valueRequired":true,"valueName":"search_term_string"}}],"inLanguage":"de"},{"@type":["Person","Organization"],"@id":"https:\/\/einfachzufriedensein.de\/#\/schema\/person\/1c305a44404a7ae00e2ad15fb51bb53c","name":"sfiedler","image":{"@type":"ImageObject","inLanguage":"de","@id":"https:\/\/einfachzufriedensein.de\/#\/schema\/person\/image\/","url":"https:\/\/einfachzufriedensein.de\/wp-content\/uploads\/2024\/10\/IMG20240928112843-scaled.jpg","contentUrl":"https:\/\/einfachzufriedensein.de\/wp-content\/uploads\/2024\/10\/IMG20240928112843-scaled.jpg","width":1927,"height":2560,"caption":"sfiedler"},"logo":{"@id":"https:\/\/einfachzufriedensein.de\/#\/schema\/person\/image\/"},"sameAs":["https:\/\/einfachzufriedensein.de"],"url":"https:\/\/einfachzufriedensein.de\/?author=1"}]}},"_links":{"self":[{"href":"https:\/\/einfachzufriedensein.de\/index.php?rest_route=\/wp\/v2\/posts\/663","targetHints":{"allow":["GET"]}}],"collection":[{"href":"https:\/\/einfachzufriedensein.de\/index.php?rest_route=\/wp\/v2\/posts"}],"about":[{"href":"https:\/\/einfachzufriedensein.de\/index.php?rest_route=\/wp\/v2\/types\/post"}],"author":[{"embeddable":true,"href":"https:\/\/einfachzufriedensein.de\/index.php?rest_route=\/wp\/v2\/users\/1"}],"replies":[{"embeddable":true,"href":"https:\/\/einfachzufriedensein.de\/index.php?rest_route=%2Fwp%2Fv2%2Fcomments&post=663"}],"version-history":[{"count":6,"href":"https:\/\/einfachzufriedensein.de\/index.php?rest_route=\/wp\/v2\/posts\/663\/revisions"}],"predecessor-version":[{"id":688,"href":"https:\/\/einfachzufriedensein.de\/index.php?rest_route=\/wp\/v2\/posts\/663\/revisions\/688"}],"wp:featuredmedia":[{"embeddable":true,"href":"https:\/\/einfachzufriedensein.de\/index.php?rest_route=\/wp\/v2\/media\/57"}],"wp:attachment":[{"href":"https:\/\/einfachzufriedensein.de\/index.php?rest_route=%2Fwp%2Fv2%2Fmedia&parent=663"}],"wp:term":[{"taxonomy":"category","embeddable":true,"href":"https:\/\/einfachzufriedensein.de\/index.php?rest_route=%2Fwp%2Fv2%2Fcategories&post=663"},{"taxonomy":"post_tag","embeddable":true,"href":"https:\/\/einfachzufriedensein.de\/index.php?rest_route=%2Fwp%2Fv2%2Ftags&post=663"}],"curies":[{"name":"wp","href":"https:\/\/api.w.org\/{rel}","templated":true}]}}