{"id":61,"date":"2024-10-10T09:29:02","date_gmt":"2024-10-10T07:29:02","guid":{"rendered":"https:\/\/einfachzufriedensein.de\/?p=61"},"modified":"2024-10-22T09:29:23","modified_gmt":"2024-10-22T07:29:23","slug":"24-stunden-spaeter-der-tag-danach","status":"publish","type":"post","link":"https:\/\/einfachzufriedensein.de\/?p=61","title":{"rendered":"24 Stunden sp\u00e4ter \u2013 der Tag danach"},"content":{"rendered":"\n<p>Wir haben viel geredet, haben versucht zum Alltag zur\u00fcckzukehren, aber die Gedanken lassen sich nicht verdr\u00e4ngen. Ich habe schlecht geschlafen und bin fr\u00fchzeitig wieder wach. Ich h\u00f6re in meinen K\u00f6rper hinein, taste immer wieder an der Brust, wo noch der Druckverband vom Vortag klebt. Der Knoten ist noch da und ich versp\u00fcre einen leichten Schmerz in der linken Schulter, aber das kommt sicher vom Liegen. Mein Entschluss steht fest \u2013 wenn sich die Vermutung der \u00c4rztin best\u00e4tigt, werde ich sehr offen damit umgehen. Jeder soll wissen, was ich habe. Ich hoffe, dass mein Umfeld dies versteht und mich genauso behandelt wie vorher. Ich bin zwar krank, aber es ist nicht ansteckend. Den Kindern werden wir beim n\u00e4chsten Familientreffen, einen Tag nach der Befundbesprechung davon erz\u00e4hlen. Unsere beiden T\u00f6chter wissen, dass ich etwas in der Brust habe und dass es derzeit abgekl\u00e4rt wird. Ich hoffe, sie fragen mich in den n\u00e4chsten Tagen nicht danach, dann brauche ich eine gute Ausrede.<\/p>\n\n\n\n<p>Es kommt, wie es kommen musste. Im Gespr\u00e4ch mit unserer \u00e4ltesten Tochter, die derzeit im Urlaub ist, dr\u00fcckt sie mir die Daumen f\u00fcr die bevorstehende Untersuchung im Brustzentrum. Sie hat sich im Termin vertan und ich erz\u00e4hle, dass der Termin gestern war, aber es noch kein Ergebnis gibt, da die Gewebeproben erst eingeschickt werden m\u00fcssen. Puh, das war knapp und ich hoffe sie hat nix bemerkt. Diese Notl\u00fcge war einfach notwendig. Ich will niemanden beunruhigen, bevor kein Ergebnis vorliegt. Ob das richtig ist? Keine Ahnung, aber das ist der Weg, den ich f\u00fcr mich gew\u00e4hlt habe. Carsten, mein Mann, sieht das zum Gl\u00fcck ebenso. Wir sind seit fast 20 Jahren zusammen und seit 11 Jahren verheiratet und sind uns in so vielen Dingen einfach so \u00e4hnlich \u2013 ein Perfect Match w\u00fcrde ich sagen.<\/p>\n\n\n\n<p>Wir versuchen den Alltag so zu leben wie bisher. Ich habe Online-Termine in meinem Ehrenamt. Ich begleite seit einem Jahr eine Mentee \u00fcber ein Mentoringprogramm und heute ist unser letzter Termin. Sie bedankt sich f\u00fcr die Zeit und die guten Impulse. Sp\u00e4ter wartet noch eine \u00dcberraschung Ihrerseits auf mich, was ich zu diesem Zeitpunkt aber noch nicht wei\u00df. Nach dem Gespr\u00e4ch f\u00fchle ich mich wieder richtig gut und f\u00fcr den Moment waren die Worte der \u00c4rztin kurz aus meinem Kopf. Es ist alles wie bisher und das m\u00f6chte ich auch so beibehalten, auch wenn ich n\u00e4chste Woche eine negative Diagnose bekomme. Meine Schw\u00e4gerin hatte vor genau einem Jahr ebenfalls eine Brustkrebsdiagnose erhalten und war trotz Chemo k\u00f6rperlich nicht so geschw\u00e4cht und w\u00e4re am liebsten arbeiten gegangen. Darauf hoffe ich auch, egal welche Diagnose, welche Therapie \u2013 ich w\u00fcrde meinen Alltag gern nahezu so weiterleben.<\/p>\n\n\n\n<p>W\u00e4hrend meinem zweiten Online-Termin klingelt es an der T\u00fcr und Carsten kommt mit einer Box eines Blumenversandes zur\u00fcck, der f\u00fcr mich bestimmt ist. Von wem kann das sein? Richtig \u2013 von meiner Mentee. Die beiliegende Karte mit einem dicken Danke und ganz lieben Worten, die gerade in der jetzigen Situation und nach dem gestrigen Tag richtig guttun, einfach Balsam f\u00fcr die Seele. Ich habe ihr nichts von dem Verdacht der \u00c4rztin erz\u00e4hlt und sie hat unbewusst eine gute Tat vollbracht. Die warmen Worte der Anerkennung kamen genau im richtigen Moment und best\u00e4rken mich darin, auch mit einer negativen Diagnose mich nicht unterkriegen zu lassen, offen damit umzugehen und mein gutes Leben weitestgehend weiterzuf\u00fchren. Ich m\u00f6chte nichts anders machen, aber ich wei\u00df das das Leben sich zwangsl\u00e4ufig mit einer Krebsdiagnose \u00e4ndern wird.<\/p>\n\n\n\n<p>Diese Gedanken f\u00fchren dazu, dass ich noch am selben Tag beginne dieses Tagebuch zu schreiben. Ich will alles von Anfang an festhalten und sp\u00e4ter auf einem Blog ver\u00f6ffentlichen. Es ist vielleicht auch Teil meiner Eigentherapie, um den Einstieg in das Thema zu finden und mich damit auseinanderzusetzen, denn ich bin davon \u00fcberzeugt, dass der Kopf und die Gedanken eine gro\u00dfe Rolle bei der Heilung einer Krankheit spielen. Ich google nicht nach Brustkrebs, sondern suche nach einem Domainnamen f\u00fcr meinen Blog. Ist es Verdr\u00e4ngungstaktik? Kann sein, aber ich muss auch irgendwie die ungewisse Zeit bis zur Befundverk\u00fcndung \u00fcberstehen.<\/p>\n","protected":false},"excerpt":{"rendered":"<p class=\"text-justify\">Wir haben viel geredet, haben versucht zum Alltag zur\u00fcckzukehren, aber die Gedanken lassen sich nicht verdr\u00e4ngen. Ich habe schlecht geschlafen und bin [&hellip;]<\/p>\n","protected":false},"author":1,"featured_media":57,"comment_status":"closed","ping_status":"closed","sticky":false,"template":"","format":"standard","meta":{"footnotes":""},"categories":[1],"tags":[],"class_list":["post-61","post","type-post","status-publish","format-standard","has-post-thumbnail","hentry","category-allgemein"],"yoast_head":"<!-- This site is optimized with the Yoast SEO plugin v24.1 - https:\/\/yoast.com\/wordpress\/plugins\/seo\/ -->\n<title>24 Stunden sp\u00e4ter \u2013 der Tag danach - einfach.zufrieden.sein.<\/title>\n<meta name=\"robots\" content=\"index, follow, max-snippet:-1, max-image-preview:large, max-video-preview:-1\" \/>\n<link rel=\"canonical\" href=\"https:\/\/einfachzufriedensein.de\/?p=61\" \/>\n<meta property=\"og:locale\" content=\"de_DE\" \/>\n<meta property=\"og:type\" content=\"article\" \/>\n<meta property=\"og:title\" content=\"24 Stunden sp\u00e4ter \u2013 der Tag danach - einfach.zufrieden.sein.\" \/>\n<meta property=\"og:description\" content=\"Wir haben viel geredet, haben versucht zum Alltag zur\u00fcckzukehren, aber die Gedanken lassen sich nicht verdr\u00e4ngen. Ich habe schlecht geschlafen und bin [&hellip;]\" \/>\n<meta property=\"og:url\" content=\"https:\/\/einfachzufriedensein.de\/?p=61\" \/>\n<meta property=\"og:site_name\" content=\"einfach.zufrieden.sein.\" \/>\n<meta property=\"article:published_time\" content=\"2024-10-10T07:29:02+00:00\" \/>\n<meta property=\"article:modified_time\" content=\"2024-10-22T07:29:23+00:00\" \/>\n<meta property=\"og:image\" content=\"https:\/\/einfachzufriedensein.de\/wp-content\/uploads\/2024\/10\/einfach.-zufrieden.-sein-2.png\" \/>\n\t<meta property=\"og:image:width\" content=\"500\" \/>\n\t<meta property=\"og:image:height\" content=\"500\" \/>\n\t<meta property=\"og:image:type\" content=\"image\/png\" \/>\n<meta name=\"author\" content=\"sfiedler\" \/>\n<meta name=\"twitter:card\" content=\"summary_large_image\" \/>\n<meta name=\"twitter:label1\" content=\"Verfasst von\" \/>\n\t<meta name=\"twitter:data1\" content=\"sfiedler\" \/>\n\t<meta name=\"twitter:label2\" content=\"Gesch\u00e4tzte Lesezeit\" \/>\n\t<meta name=\"twitter:data2\" content=\"4\u00a0Minuten\" \/>\n<script type=\"application\/ld+json\" class=\"yoast-schema-graph\">{\"@context\":\"https:\/\/schema.org\",\"@graph\":[{\"@type\":\"Article\",\"@id\":\"https:\/\/einfachzufriedensein.de\/?p=61#article\",\"isPartOf\":{\"@id\":\"https:\/\/einfachzufriedensein.de\/?p=61\"},\"author\":{\"name\":\"sfiedler\",\"@id\":\"https:\/\/einfachzufriedensein.de\/#\/schema\/person\/1c305a44404a7ae00e2ad15fb51bb53c\"},\"headline\":\"24 Stunden sp\u00e4ter \u2013 der Tag danach\",\"datePublished\":\"2024-10-10T07:29:02+00:00\",\"dateModified\":\"2024-10-22T07:29:23+00:00\",\"mainEntityOfPage\":{\"@id\":\"https:\/\/einfachzufriedensein.de\/?p=61\"},\"wordCount\":715,\"publisher\":{\"@id\":\"https:\/\/einfachzufriedensein.de\/#\/schema\/person\/1c305a44404a7ae00e2ad15fb51bb53c\"},\"image\":{\"@id\":\"https:\/\/einfachzufriedensein.de\/?p=61#primaryimage\"},\"thumbnailUrl\":\"https:\/\/einfachzufriedensein.de\/wp-content\/uploads\/2024\/10\/einfach.-zufrieden.-sein-2.png\",\"inLanguage\":\"de\"},{\"@type\":\"WebPage\",\"@id\":\"https:\/\/einfachzufriedensein.de\/?p=61\",\"url\":\"https:\/\/einfachzufriedensein.de\/?p=61\",\"name\":\"24 Stunden sp\u00e4ter \u2013 der Tag danach - einfach.zufrieden.sein.\",\"isPartOf\":{\"@id\":\"https:\/\/einfachzufriedensein.de\/#website\"},\"primaryImageOfPage\":{\"@id\":\"https:\/\/einfachzufriedensein.de\/?p=61#primaryimage\"},\"image\":{\"@id\":\"https:\/\/einfachzufriedensein.de\/?p=61#primaryimage\"},\"thumbnailUrl\":\"https:\/\/einfachzufriedensein.de\/wp-content\/uploads\/2024\/10\/einfach.-zufrieden.-sein-2.png\",\"datePublished\":\"2024-10-10T07:29:02+00:00\",\"dateModified\":\"2024-10-22T07:29:23+00:00\",\"breadcrumb\":{\"@id\":\"https:\/\/einfachzufriedensein.de\/?p=61#breadcrumb\"},\"inLanguage\":\"de\",\"potentialAction\":[{\"@type\":\"ReadAction\",\"target\":[\"https:\/\/einfachzufriedensein.de\/?p=61\"]}]},{\"@type\":\"ImageObject\",\"inLanguage\":\"de\",\"@id\":\"https:\/\/einfachzufriedensein.de\/?p=61#primaryimage\",\"url\":\"https:\/\/einfachzufriedensein.de\/wp-content\/uploads\/2024\/10\/einfach.-zufrieden.-sein-2.png\",\"contentUrl\":\"https:\/\/einfachzufriedensein.de\/wp-content\/uploads\/2024\/10\/einfach.-zufrieden.-sein-2.png\",\"width\":500,\"height\":500},{\"@type\":\"BreadcrumbList\",\"@id\":\"https:\/\/einfachzufriedensein.de\/?p=61#breadcrumb\",\"itemListElement\":[{\"@type\":\"ListItem\",\"position\":1,\"name\":\"Startseite\",\"item\":\"https:\/\/einfachzufriedensein.de\/\"},{\"@type\":\"ListItem\",\"position\":2,\"name\":\"24 Stunden sp\u00e4ter \u2013 der Tag danach\"}]},{\"@type\":\"WebSite\",\"@id\":\"https:\/\/einfachzufriedensein.de\/#website\",\"url\":\"https:\/\/einfachzufriedensein.de\/\",\"name\":\"einfach.zufrieden.sein.\",\"description\":\"Der Brustkrebs &amp; ich  - das Tagebuch einer Brustkrebspatientin\",\"publisher\":{\"@id\":\"https:\/\/einfachzufriedensein.de\/#\/schema\/person\/1c305a44404a7ae00e2ad15fb51bb53c\"},\"potentialAction\":[{\"@type\":\"SearchAction\",\"target\":{\"@type\":\"EntryPoint\",\"urlTemplate\":\"https:\/\/einfachzufriedensein.de\/?s={search_term_string}\"},\"query-input\":{\"@type\":\"PropertyValueSpecification\",\"valueRequired\":true,\"valueName\":\"search_term_string\"}}],\"inLanguage\":\"de\"},{\"@type\":[\"Person\",\"Organization\"],\"@id\":\"https:\/\/einfachzufriedensein.de\/#\/schema\/person\/1c305a44404a7ae00e2ad15fb51bb53c\",\"name\":\"sfiedler\",\"image\":{\"@type\":\"ImageObject\",\"inLanguage\":\"de\",\"@id\":\"https:\/\/einfachzufriedensein.de\/#\/schema\/person\/image\/\",\"url\":\"https:\/\/einfachzufriedensein.de\/wp-content\/uploads\/2024\/10\/IMG20240928112843-scaled.jpg\",\"contentUrl\":\"https:\/\/einfachzufriedensein.de\/wp-content\/uploads\/2024\/10\/IMG20240928112843-scaled.jpg\",\"width\":1927,\"height\":2560,\"caption\":\"sfiedler\"},\"logo\":{\"@id\":\"https:\/\/einfachzufriedensein.de\/#\/schema\/person\/image\/\"},\"sameAs\":[\"https:\/\/einfachzufriedensein.de\"],\"url\":\"https:\/\/einfachzufriedensein.de\/?author=1\"}]}<\/script>\n<!-- \/ Yoast SEO plugin. -->","yoast_head_json":{"title":"24 Stunden sp\u00e4ter \u2013 der Tag danach - einfach.zufrieden.sein.","robots":{"index":"index","follow":"follow","max-snippet":"max-snippet:-1","max-image-preview":"max-image-preview:large","max-video-preview":"max-video-preview:-1"},"canonical":"https:\/\/einfachzufriedensein.de\/?p=61","og_locale":"de_DE","og_type":"article","og_title":"24 Stunden sp\u00e4ter \u2013 der Tag danach - einfach.zufrieden.sein.","og_description":"Wir haben viel geredet, haben versucht zum Alltag zur\u00fcckzukehren, aber die Gedanken lassen sich nicht verdr\u00e4ngen. Ich habe schlecht geschlafen und bin [&hellip;]","og_url":"https:\/\/einfachzufriedensein.de\/?p=61","og_site_name":"einfach.zufrieden.sein.","article_published_time":"2024-10-10T07:29:02+00:00","article_modified_time":"2024-10-22T07:29:23+00:00","og_image":[{"width":500,"height":500,"url":"https:\/\/einfachzufriedensein.de\/wp-content\/uploads\/2024\/10\/einfach.-zufrieden.-sein-2.png","type":"image\/png"}],"author":"sfiedler","twitter_card":"summary_large_image","twitter_misc":{"Verfasst von":"sfiedler","Gesch\u00e4tzte Lesezeit":"4\u00a0Minuten"},"schema":{"@context":"https:\/\/schema.org","@graph":[{"@type":"Article","@id":"https:\/\/einfachzufriedensein.de\/?p=61#article","isPartOf":{"@id":"https:\/\/einfachzufriedensein.de\/?p=61"},"author":{"name":"sfiedler","@id":"https:\/\/einfachzufriedensein.de\/#\/schema\/person\/1c305a44404a7ae00e2ad15fb51bb53c"},"headline":"24 Stunden sp\u00e4ter \u2013 der Tag danach","datePublished":"2024-10-10T07:29:02+00:00","dateModified":"2024-10-22T07:29:23+00:00","mainEntityOfPage":{"@id":"https:\/\/einfachzufriedensein.de\/?p=61"},"wordCount":715,"publisher":{"@id":"https:\/\/einfachzufriedensein.de\/#\/schema\/person\/1c305a44404a7ae00e2ad15fb51bb53c"},"image":{"@id":"https:\/\/einfachzufriedensein.de\/?p=61#primaryimage"},"thumbnailUrl":"https:\/\/einfachzufriedensein.de\/wp-content\/uploads\/2024\/10\/einfach.-zufrieden.-sein-2.png","inLanguage":"de"},{"@type":"WebPage","@id":"https:\/\/einfachzufriedensein.de\/?p=61","url":"https:\/\/einfachzufriedensein.de\/?p=61","name":"24 Stunden sp\u00e4ter \u2013 der Tag danach - einfach.zufrieden.sein.","isPartOf":{"@id":"https:\/\/einfachzufriedensein.de\/#website"},"primaryImageOfPage":{"@id":"https:\/\/einfachzufriedensein.de\/?p=61#primaryimage"},"image":{"@id":"https:\/\/einfachzufriedensein.de\/?p=61#primaryimage"},"thumbnailUrl":"https:\/\/einfachzufriedensein.de\/wp-content\/uploads\/2024\/10\/einfach.-zufrieden.-sein-2.png","datePublished":"2024-10-10T07:29:02+00:00","dateModified":"2024-10-22T07:29:23+00:00","breadcrumb":{"@id":"https:\/\/einfachzufriedensein.de\/?p=61#breadcrumb"},"inLanguage":"de","potentialAction":[{"@type":"ReadAction","target":["https:\/\/einfachzufriedensein.de\/?p=61"]}]},{"@type":"ImageObject","inLanguage":"de","@id":"https:\/\/einfachzufriedensein.de\/?p=61#primaryimage","url":"https:\/\/einfachzufriedensein.de\/wp-content\/uploads\/2024\/10\/einfach.-zufrieden.-sein-2.png","contentUrl":"https:\/\/einfachzufriedensein.de\/wp-content\/uploads\/2024\/10\/einfach.-zufrieden.-sein-2.png","width":500,"height":500},{"@type":"BreadcrumbList","@id":"https:\/\/einfachzufriedensein.de\/?p=61#breadcrumb","itemListElement":[{"@type":"ListItem","position":1,"name":"Startseite","item":"https:\/\/einfachzufriedensein.de\/"},{"@type":"ListItem","position":2,"name":"24 Stunden sp\u00e4ter \u2013 der Tag danach"}]},{"@type":"WebSite","@id":"https:\/\/einfachzufriedensein.de\/#website","url":"https:\/\/einfachzufriedensein.de\/","name":"einfach.zufrieden.sein.","description":"Der Brustkrebs &amp; ich  - das Tagebuch einer Brustkrebspatientin","publisher":{"@id":"https:\/\/einfachzufriedensein.de\/#\/schema\/person\/1c305a44404a7ae00e2ad15fb51bb53c"},"potentialAction":[{"@type":"SearchAction","target":{"@type":"EntryPoint","urlTemplate":"https:\/\/einfachzufriedensein.de\/?s={search_term_string}"},"query-input":{"@type":"PropertyValueSpecification","valueRequired":true,"valueName":"search_term_string"}}],"inLanguage":"de"},{"@type":["Person","Organization"],"@id":"https:\/\/einfachzufriedensein.de\/#\/schema\/person\/1c305a44404a7ae00e2ad15fb51bb53c","name":"sfiedler","image":{"@type":"ImageObject","inLanguage":"de","@id":"https:\/\/einfachzufriedensein.de\/#\/schema\/person\/image\/","url":"https:\/\/einfachzufriedensein.de\/wp-content\/uploads\/2024\/10\/IMG20240928112843-scaled.jpg","contentUrl":"https:\/\/einfachzufriedensein.de\/wp-content\/uploads\/2024\/10\/IMG20240928112843-scaled.jpg","width":1927,"height":2560,"caption":"sfiedler"},"logo":{"@id":"https:\/\/einfachzufriedensein.de\/#\/schema\/person\/image\/"},"sameAs":["https:\/\/einfachzufriedensein.de"],"url":"https:\/\/einfachzufriedensein.de\/?author=1"}]}},"_links":{"self":[{"href":"https:\/\/einfachzufriedensein.de\/index.php?rest_route=\/wp\/v2\/posts\/61","targetHints":{"allow":["GET"]}}],"collection":[{"href":"https:\/\/einfachzufriedensein.de\/index.php?rest_route=\/wp\/v2\/posts"}],"about":[{"href":"https:\/\/einfachzufriedensein.de\/index.php?rest_route=\/wp\/v2\/types\/post"}],"author":[{"embeddable":true,"href":"https:\/\/einfachzufriedensein.de\/index.php?rest_route=\/wp\/v2\/users\/1"}],"replies":[{"embeddable":true,"href":"https:\/\/einfachzufriedensein.de\/index.php?rest_route=%2Fwp%2Fv2%2Fcomments&post=61"}],"version-history":[{"count":1,"href":"https:\/\/einfachzufriedensein.de\/index.php?rest_route=\/wp\/v2\/posts\/61\/revisions"}],"predecessor-version":[{"id":62,"href":"https:\/\/einfachzufriedensein.de\/index.php?rest_route=\/wp\/v2\/posts\/61\/revisions\/62"}],"wp:featuredmedia":[{"embeddable":true,"href":"https:\/\/einfachzufriedensein.de\/index.php?rest_route=\/wp\/v2\/media\/57"}],"wp:attachment":[{"href":"https:\/\/einfachzufriedensein.de\/index.php?rest_route=%2Fwp%2Fv2%2Fmedia&parent=61"}],"wp:term":[{"taxonomy":"category","embeddable":true,"href":"https:\/\/einfachzufriedensein.de\/index.php?rest_route=%2Fwp%2Fv2%2Fcategories&post=61"},{"taxonomy":"post_tag","embeddable":true,"href":"https:\/\/einfachzufriedensein.de\/index.php?rest_route=%2Fwp%2Fv2%2Ftags&post=61"}],"curies":[{"name":"wp","href":"https:\/\/api.w.org\/{rel}","templated":true}]}}