{"id":551,"date":"2025-01-19T14:27:44","date_gmt":"2025-01-19T13:27:44","guid":{"rendered":"https:\/\/einfachzufriedensein.de\/?p=551"},"modified":"2025-01-22T16:11:42","modified_gmt":"2025-01-22T15:11:42","slug":"wochenend-sonnenschein-2","status":"publish","type":"post","link":"https:\/\/einfachzufriedensein.de\/?p=551","title":{"rendered":"Balsam f\u00fcr die Seele &#8211; die Sonne"},"content":{"rendered":"\n<p>Da ich wei\u00df, was auf mich zukommt, graute es mir schon ein wenig vor den Tagen nach der Chemo. Wie zu erwarten war, sind die ersten beiden N\u00e4chte recht schlaflos. Nach der 3-Uhr-Cortison-Tablette komme ich nicht wieder in den Schlaf und verkr\u00fcmel mich auf die Couch. Mittlerweile ist Carsten auch wieder im Schlafzimmer &#8222;eingezogen&#8220;, da die Erk\u00e4ltung vorbei ist und ich wirklich sehr gut drumrumgekommen bin. Am Freitag kamen noch zwei unverhoffte, aber heftige Nasenblutenereignisse im Laufe des Tages hinzu. Es ist nur zu stoppen mit einer Nasentamponade, hinlegen und einem K\u00fchlakku im Nacken. Ich hoffe, das passiert nun nicht \u00f6fter.<\/p>\n\n\n\n<p>Ein Vorteil hat das fr\u00fche Aufstehen dennoch &#8211; man hat mehr vom Tag. Ich war am Samstagmorgen um 6 Uhr die erste Kundin bei unserem Dorfmetzger. Die Verk\u00e4uferin war selbst ganz erstaunt, als sie mich sah, aber als ich erz\u00e4hlte, dass ich auf Cortison bin, war ihr alles klar. Sie hatte das selbst alles vor Jahren durchgemacht und kann meine Situation sehr gut nachvollziehen. Wir plaudern noch ein wenig und es tut so gut sich mit Menschen auszutauschen, die ein \u00e4hnliches Schicksal haben wie ich und den Krebs bereits besiegt haben. Das macht auch mir immer wieder Mut und Hoffnung gut aus der ganzen Sache herauszukommen. Mich plagen keine Selbstzweifel, aber die Gedanken daran, dass es Krebs ist, der auch wiederkommen kann, sind schon da. Auch wenn ich versuche das weit von mir zu schieben, kommen sie doch immer mal wieder auf. <\/p>\n\n\n\n<p>Das Wochenende war dank meines sehr guten Energielevels gepr\u00e4gt von ein wenig, wirklich wenig, Hausarbeit, dem Wochenendeinkauf, der Abholung eines neuen Bettes f\u00fcr unser G\u00e4stezimmer und wundersch\u00f6nen ausgiebigen Spazierg\u00e4ngen bei herrlichem Winter-Sonnen-Wetter. Die Sonne tut so gut und ist echter Balsam f\u00fcr die Seele, egal in welcher Lebenssituation man sich gerade befindet. <\/p>\n\n\n\n<p>Ab Sonntagnachmittag ging es, wie zu erwarten war, mit meiner k\u00f6rperlichen Verfassung wieder bergab &#8211; Muskelschmerzen sogar im Kiefer, M\u00fcdigkeit und totale Abgeschlagenheit. Es breitet sich \u00fcber den gesamten K\u00f6rper aus, man kann es richtig sp\u00fcren. Der Kopf wehrt sich noch dagegen und man hat die Hoffnung, dass es diesmal vielleicht anders wird, denn der K\u00f6rper kennt doch nun die Chemo. Es gibt kein Erbarmen und man kann dem Ganzen nichts mehr entgegensetzen, da einfach die Kraft fehlt. Ich lasse es einfach geschehen und hoffe, dass am Mittwoch wieder alles vorbei ist. <\/p>\n\n\n\n<p> <img loading=\"lazy\" decoding=\"async\" width=\"300\" height=\"399\" class=\"wp-image-565\" style=\"width: 300px;\" src=\"https:\/\/einfachzufriedensein.de\/wp-content\/uploads\/2025\/01\/IMG20250118132601klein.jpg\" alt=\"\" srcset=\"https:\/\/einfachzufriedensein.de\/wp-content\/uploads\/2025\/01\/IMG20250118132601klein.jpg 978w, https:\/\/einfachzufriedensein.de\/wp-content\/uploads\/2025\/01\/IMG20250118132601klein-226x300.jpg 226w, https:\/\/einfachzufriedensein.de\/wp-content\/uploads\/2025\/01\/IMG20250118132601klein-770x1024.jpg 770w, https:\/\/einfachzufriedensein.de\/wp-content\/uploads\/2025\/01\/IMG20250118132601klein-768x1021.jpg 768w\" sizes=\"auto, (max-width: 300px) 100vw, 300px\" \/> <img loading=\"lazy\" decoding=\"async\" width=\"300\" height=\"399\" class=\"wp-image-566\" style=\"width: 300px;\" src=\"https:\/\/einfachzufriedensein.de\/wp-content\/uploads\/2025\/01\/IMG20250118132627klein.jpg\" alt=\"\" srcset=\"https:\/\/einfachzufriedensein.de\/wp-content\/uploads\/2025\/01\/IMG20250118132627klein.jpg 978w, https:\/\/einfachzufriedensein.de\/wp-content\/uploads\/2025\/01\/IMG20250118132627klein-226x300.jpg 226w, https:\/\/einfachzufriedensein.de\/wp-content\/uploads\/2025\/01\/IMG20250118132627klein-770x1024.jpg 770w, https:\/\/einfachzufriedensein.de\/wp-content\/uploads\/2025\/01\/IMG20250118132627klein-768x1021.jpg 768w\" sizes=\"auto, (max-width: 300px) 100vw, 300px\" \/><\/p>\n","protected":false},"excerpt":{"rendered":"<p class=\"text-justify\">Da ich wei\u00df, was auf mich zukommt, graute es mir schon ein wenig vor den Tagen nach der Chemo. Wie zu erwarten [&hellip;]<\/p>\n","protected":false},"author":1,"featured_media":57,"comment_status":"closed","ping_status":"open","sticky":false,"template":"","format":"standard","meta":{"footnotes":""},"categories":[1],"tags":[2,11,16,20],"class_list":["post-551","post","type-post","status-publish","format-standard","has-post-thumbnail","hentry","category-allgemein","tag-brustkrebs","tag-chemotherapie","tag-mentale-staerke","tag-spaziergang"],"yoast_head":"<!-- This site is optimized with the Yoast SEO plugin v24.1 - https:\/\/yoast.com\/wordpress\/plugins\/seo\/ -->\n<title>Balsam f\u00fcr die Seele - die Sonne - einfach.zufrieden.sein.<\/title>\n<meta name=\"description\" content=\"Die Sonne l\u00e4dt zu einem ausgiebigen Spaziergang ein. Das ist Balsam f\u00fcr die Seele egal in welcher pers\u00f6nlichen Situation man sich befindet.\" \/>\n<meta name=\"robots\" content=\"index, follow, max-snippet:-1, max-image-preview:large, max-video-preview:-1\" \/>\n<link rel=\"canonical\" href=\"https:\/\/einfachzufriedensein.de\/?p=551\" \/>\n<meta property=\"og:locale\" content=\"de_DE\" \/>\n<meta property=\"og:type\" content=\"article\" \/>\n<meta property=\"og:title\" content=\"Balsam f\u00fcr die Seele - die Sonne - einfach.zufrieden.sein.\" \/>\n<meta property=\"og:description\" content=\"Die Sonne l\u00e4dt zu einem ausgiebigen Spaziergang ein. Das ist Balsam f\u00fcr die Seele egal in welcher pers\u00f6nlichen Situation man sich befindet.\" \/>\n<meta property=\"og:url\" content=\"https:\/\/einfachzufriedensein.de\/?p=551\" \/>\n<meta property=\"og:site_name\" content=\"einfach.zufrieden.sein.\" \/>\n<meta property=\"article:published_time\" content=\"2025-01-19T13:27:44+00:00\" \/>\n<meta property=\"article:modified_time\" content=\"2025-01-22T15:11:42+00:00\" \/>\n<meta property=\"og:image\" content=\"https:\/\/einfachzufriedensein.de\/wp-content\/uploads\/2024\/10\/einfach.-zufrieden.-sein-2.png\" \/>\n\t<meta property=\"og:image:width\" content=\"500\" \/>\n\t<meta property=\"og:image:height\" content=\"500\" \/>\n\t<meta property=\"og:image:type\" content=\"image\/png\" \/>\n<meta name=\"author\" content=\"sfiedler\" \/>\n<meta name=\"twitter:card\" content=\"summary_large_image\" \/>\n<meta name=\"twitter:label1\" content=\"Verfasst von\" \/>\n\t<meta name=\"twitter:data1\" content=\"sfiedler\" \/>\n\t<meta name=\"twitter:label2\" content=\"Gesch\u00e4tzte Lesezeit\" \/>\n\t<meta name=\"twitter:data2\" content=\"3\u00a0Minuten\" \/>\n<script type=\"application\/ld+json\" class=\"yoast-schema-graph\">{\"@context\":\"https:\/\/schema.org\",\"@graph\":[{\"@type\":\"Article\",\"@id\":\"https:\/\/einfachzufriedensein.de\/?p=551#article\",\"isPartOf\":{\"@id\":\"https:\/\/einfachzufriedensein.de\/?p=551\"},\"author\":{\"name\":\"sfiedler\",\"@id\":\"https:\/\/einfachzufriedensein.de\/#\/schema\/person\/1c305a44404a7ae00e2ad15fb51bb53c\"},\"headline\":\"Balsam f\u00fcr die Seele &#8211; die Sonne\",\"datePublished\":\"2025-01-19T13:27:44+00:00\",\"dateModified\":\"2025-01-22T15:11:42+00:00\",\"mainEntityOfPage\":{\"@id\":\"https:\/\/einfachzufriedensein.de\/?p=551\"},\"wordCount\":412,\"publisher\":{\"@id\":\"https:\/\/einfachzufriedensein.de\/#\/schema\/person\/1c305a44404a7ae00e2ad15fb51bb53c\"},\"image\":{\"@id\":\"https:\/\/einfachzufriedensein.de\/?p=551#primaryimage\"},\"thumbnailUrl\":\"https:\/\/einfachzufriedensein.de\/wp-content\/uploads\/2024\/10\/einfach.-zufrieden.-sein-2.png\",\"keywords\":[\"Brustkrebs\",\"Chemotherapie\",\"mentale St\u00e4rke\",\"Spaziergang\"],\"inLanguage\":\"de\"},{\"@type\":\"WebPage\",\"@id\":\"https:\/\/einfachzufriedensein.de\/?p=551\",\"url\":\"https:\/\/einfachzufriedensein.de\/?p=551\",\"name\":\"Balsam f\u00fcr die Seele - die Sonne - einfach.zufrieden.sein.\",\"isPartOf\":{\"@id\":\"https:\/\/einfachzufriedensein.de\/#website\"},\"primaryImageOfPage\":{\"@id\":\"https:\/\/einfachzufriedensein.de\/?p=551#primaryimage\"},\"image\":{\"@id\":\"https:\/\/einfachzufriedensein.de\/?p=551#primaryimage\"},\"thumbnailUrl\":\"https:\/\/einfachzufriedensein.de\/wp-content\/uploads\/2024\/10\/einfach.-zufrieden.-sein-2.png\",\"datePublished\":\"2025-01-19T13:27:44+00:00\",\"dateModified\":\"2025-01-22T15:11:42+00:00\",\"description\":\"Die Sonne l\u00e4dt zu einem ausgiebigen Spaziergang ein. Das ist Balsam f\u00fcr die Seele egal in welcher pers\u00f6nlichen Situation man sich befindet.\",\"breadcrumb\":{\"@id\":\"https:\/\/einfachzufriedensein.de\/?p=551#breadcrumb\"},\"inLanguage\":\"de\",\"potentialAction\":[{\"@type\":\"ReadAction\",\"target\":[\"https:\/\/einfachzufriedensein.de\/?p=551\"]}]},{\"@type\":\"ImageObject\",\"inLanguage\":\"de\",\"@id\":\"https:\/\/einfachzufriedensein.de\/?p=551#primaryimage\",\"url\":\"https:\/\/einfachzufriedensein.de\/wp-content\/uploads\/2024\/10\/einfach.-zufrieden.-sein-2.png\",\"contentUrl\":\"https:\/\/einfachzufriedensein.de\/wp-content\/uploads\/2024\/10\/einfach.-zufrieden.-sein-2.png\",\"width\":500,\"height\":500},{\"@type\":\"BreadcrumbList\",\"@id\":\"https:\/\/einfachzufriedensein.de\/?p=551#breadcrumb\",\"itemListElement\":[{\"@type\":\"ListItem\",\"position\":1,\"name\":\"Startseite\",\"item\":\"https:\/\/einfachzufriedensein.de\/\"},{\"@type\":\"ListItem\",\"position\":2,\"name\":\"Balsam f\u00fcr die Seele &#8211; die Sonne\"}]},{\"@type\":\"WebSite\",\"@id\":\"https:\/\/einfachzufriedensein.de\/#website\",\"url\":\"https:\/\/einfachzufriedensein.de\/\",\"name\":\"einfach.zufrieden.sein.\",\"description\":\"Der Brustkrebs &amp; ich  - das Tagebuch einer Brustkrebspatientin\",\"publisher\":{\"@id\":\"https:\/\/einfachzufriedensein.de\/#\/schema\/person\/1c305a44404a7ae00e2ad15fb51bb53c\"},\"potentialAction\":[{\"@type\":\"SearchAction\",\"target\":{\"@type\":\"EntryPoint\",\"urlTemplate\":\"https:\/\/einfachzufriedensein.de\/?s={search_term_string}\"},\"query-input\":{\"@type\":\"PropertyValueSpecification\",\"valueRequired\":true,\"valueName\":\"search_term_string\"}}],\"inLanguage\":\"de\"},{\"@type\":[\"Person\",\"Organization\"],\"@id\":\"https:\/\/einfachzufriedensein.de\/#\/schema\/person\/1c305a44404a7ae00e2ad15fb51bb53c\",\"name\":\"sfiedler\",\"image\":{\"@type\":\"ImageObject\",\"inLanguage\":\"de\",\"@id\":\"https:\/\/einfachzufriedensein.de\/#\/schema\/person\/image\/\",\"url\":\"https:\/\/einfachzufriedensein.de\/wp-content\/uploads\/2024\/10\/IMG20240928112843-scaled.jpg\",\"contentUrl\":\"https:\/\/einfachzufriedensein.de\/wp-content\/uploads\/2024\/10\/IMG20240928112843-scaled.jpg\",\"width\":1927,\"height\":2560,\"caption\":\"sfiedler\"},\"logo\":{\"@id\":\"https:\/\/einfachzufriedensein.de\/#\/schema\/person\/image\/\"},\"sameAs\":[\"https:\/\/einfachzufriedensein.de\"],\"url\":\"https:\/\/einfachzufriedensein.de\/?author=1\"}]}<\/script>\n<!-- \/ Yoast SEO plugin. -->","yoast_head_json":{"title":"Balsam f\u00fcr die Seele - die Sonne - einfach.zufrieden.sein.","description":"Die Sonne l\u00e4dt zu einem ausgiebigen Spaziergang ein. Das ist Balsam f\u00fcr die Seele egal in welcher pers\u00f6nlichen Situation man sich befindet.","robots":{"index":"index","follow":"follow","max-snippet":"max-snippet:-1","max-image-preview":"max-image-preview:large","max-video-preview":"max-video-preview:-1"},"canonical":"https:\/\/einfachzufriedensein.de\/?p=551","og_locale":"de_DE","og_type":"article","og_title":"Balsam f\u00fcr die Seele - die Sonne - einfach.zufrieden.sein.","og_description":"Die Sonne l\u00e4dt zu einem ausgiebigen Spaziergang ein. Das ist Balsam f\u00fcr die Seele egal in welcher pers\u00f6nlichen Situation man sich befindet.","og_url":"https:\/\/einfachzufriedensein.de\/?p=551","og_site_name":"einfach.zufrieden.sein.","article_published_time":"2025-01-19T13:27:44+00:00","article_modified_time":"2025-01-22T15:11:42+00:00","og_image":[{"width":500,"height":500,"url":"https:\/\/einfachzufriedensein.de\/wp-content\/uploads\/2024\/10\/einfach.-zufrieden.-sein-2.png","type":"image\/png"}],"author":"sfiedler","twitter_card":"summary_large_image","twitter_misc":{"Verfasst von":"sfiedler","Gesch\u00e4tzte Lesezeit":"3\u00a0Minuten"},"schema":{"@context":"https:\/\/schema.org","@graph":[{"@type":"Article","@id":"https:\/\/einfachzufriedensein.de\/?p=551#article","isPartOf":{"@id":"https:\/\/einfachzufriedensein.de\/?p=551"},"author":{"name":"sfiedler","@id":"https:\/\/einfachzufriedensein.de\/#\/schema\/person\/1c305a44404a7ae00e2ad15fb51bb53c"},"headline":"Balsam f\u00fcr die Seele &#8211; die Sonne","datePublished":"2025-01-19T13:27:44+00:00","dateModified":"2025-01-22T15:11:42+00:00","mainEntityOfPage":{"@id":"https:\/\/einfachzufriedensein.de\/?p=551"},"wordCount":412,"publisher":{"@id":"https:\/\/einfachzufriedensein.de\/#\/schema\/person\/1c305a44404a7ae00e2ad15fb51bb53c"},"image":{"@id":"https:\/\/einfachzufriedensein.de\/?p=551#primaryimage"},"thumbnailUrl":"https:\/\/einfachzufriedensein.de\/wp-content\/uploads\/2024\/10\/einfach.-zufrieden.-sein-2.png","keywords":["Brustkrebs","Chemotherapie","mentale St\u00e4rke","Spaziergang"],"inLanguage":"de"},{"@type":"WebPage","@id":"https:\/\/einfachzufriedensein.de\/?p=551","url":"https:\/\/einfachzufriedensein.de\/?p=551","name":"Balsam f\u00fcr die Seele - die Sonne - einfach.zufrieden.sein.","isPartOf":{"@id":"https:\/\/einfachzufriedensein.de\/#website"},"primaryImageOfPage":{"@id":"https:\/\/einfachzufriedensein.de\/?p=551#primaryimage"},"image":{"@id":"https:\/\/einfachzufriedensein.de\/?p=551#primaryimage"},"thumbnailUrl":"https:\/\/einfachzufriedensein.de\/wp-content\/uploads\/2024\/10\/einfach.-zufrieden.-sein-2.png","datePublished":"2025-01-19T13:27:44+00:00","dateModified":"2025-01-22T15:11:42+00:00","description":"Die Sonne l\u00e4dt zu einem ausgiebigen Spaziergang ein. Das ist Balsam f\u00fcr die Seele egal in welcher pers\u00f6nlichen Situation man sich befindet.","breadcrumb":{"@id":"https:\/\/einfachzufriedensein.de\/?p=551#breadcrumb"},"inLanguage":"de","potentialAction":[{"@type":"ReadAction","target":["https:\/\/einfachzufriedensein.de\/?p=551"]}]},{"@type":"ImageObject","inLanguage":"de","@id":"https:\/\/einfachzufriedensein.de\/?p=551#primaryimage","url":"https:\/\/einfachzufriedensein.de\/wp-content\/uploads\/2024\/10\/einfach.-zufrieden.-sein-2.png","contentUrl":"https:\/\/einfachzufriedensein.de\/wp-content\/uploads\/2024\/10\/einfach.-zufrieden.-sein-2.png","width":500,"height":500},{"@type":"BreadcrumbList","@id":"https:\/\/einfachzufriedensein.de\/?p=551#breadcrumb","itemListElement":[{"@type":"ListItem","position":1,"name":"Startseite","item":"https:\/\/einfachzufriedensein.de\/"},{"@type":"ListItem","position":2,"name":"Balsam f\u00fcr die Seele &#8211; die Sonne"}]},{"@type":"WebSite","@id":"https:\/\/einfachzufriedensein.de\/#website","url":"https:\/\/einfachzufriedensein.de\/","name":"einfach.zufrieden.sein.","description":"Der Brustkrebs &amp; ich  - das Tagebuch einer Brustkrebspatientin","publisher":{"@id":"https:\/\/einfachzufriedensein.de\/#\/schema\/person\/1c305a44404a7ae00e2ad15fb51bb53c"},"potentialAction":[{"@type":"SearchAction","target":{"@type":"EntryPoint","urlTemplate":"https:\/\/einfachzufriedensein.de\/?s={search_term_string}"},"query-input":{"@type":"PropertyValueSpecification","valueRequired":true,"valueName":"search_term_string"}}],"inLanguage":"de"},{"@type":["Person","Organization"],"@id":"https:\/\/einfachzufriedensein.de\/#\/schema\/person\/1c305a44404a7ae00e2ad15fb51bb53c","name":"sfiedler","image":{"@type":"ImageObject","inLanguage":"de","@id":"https:\/\/einfachzufriedensein.de\/#\/schema\/person\/image\/","url":"https:\/\/einfachzufriedensein.de\/wp-content\/uploads\/2024\/10\/IMG20240928112843-scaled.jpg","contentUrl":"https:\/\/einfachzufriedensein.de\/wp-content\/uploads\/2024\/10\/IMG20240928112843-scaled.jpg","width":1927,"height":2560,"caption":"sfiedler"},"logo":{"@id":"https:\/\/einfachzufriedensein.de\/#\/schema\/person\/image\/"},"sameAs":["https:\/\/einfachzufriedensein.de"],"url":"https:\/\/einfachzufriedensein.de\/?author=1"}]}},"_links":{"self":[{"href":"https:\/\/einfachzufriedensein.de\/index.php?rest_route=\/wp\/v2\/posts\/551","targetHints":{"allow":["GET"]}}],"collection":[{"href":"https:\/\/einfachzufriedensein.de\/index.php?rest_route=\/wp\/v2\/posts"}],"about":[{"href":"https:\/\/einfachzufriedensein.de\/index.php?rest_route=\/wp\/v2\/types\/post"}],"author":[{"embeddable":true,"href":"https:\/\/einfachzufriedensein.de\/index.php?rest_route=\/wp\/v2\/users\/1"}],"replies":[{"embeddable":true,"href":"https:\/\/einfachzufriedensein.de\/index.php?rest_route=%2Fwp%2Fv2%2Fcomments&post=551"}],"version-history":[{"count":10,"href":"https:\/\/einfachzufriedensein.de\/index.php?rest_route=\/wp\/v2\/posts\/551\/revisions"}],"predecessor-version":[{"id":568,"href":"https:\/\/einfachzufriedensein.de\/index.php?rest_route=\/wp\/v2\/posts\/551\/revisions\/568"}],"wp:featuredmedia":[{"embeddable":true,"href":"https:\/\/einfachzufriedensein.de\/index.php?rest_route=\/wp\/v2\/media\/57"}],"wp:attachment":[{"href":"https:\/\/einfachzufriedensein.de\/index.php?rest_route=%2Fwp%2Fv2%2Fmedia&parent=551"}],"wp:term":[{"taxonomy":"category","embeddable":true,"href":"https:\/\/einfachzufriedensein.de\/index.php?rest_route=%2Fwp%2Fv2%2Fcategories&post=551"},{"taxonomy":"post_tag","embeddable":true,"href":"https:\/\/einfachzufriedensein.de\/index.php?rest_route=%2Fwp%2Fv2%2Ftags&post=551"}],"curies":[{"name":"wp","href":"https:\/\/api.w.org\/{rel}","templated":true}]}}