{"id":444,"date":"2025-01-02T12:49:29","date_gmt":"2025-01-02T11:49:29","guid":{"rendered":"https:\/\/einfachzufriedensein.de\/?p=444"},"modified":"2025-01-04T04:54:50","modified_gmt":"2025-01-04T03:54:50","slug":"der-dritte-chemozyklus","status":"publish","type":"post","link":"https:\/\/einfachzufriedensein.de\/?p=444","title":{"rendered":"Der dritte Chemozyklus"},"content":{"rendered":"\n<p>Heute holt mich kein Taxi am morgen ab, denn wir haben in K\u00f6nigstein bei unserer Tochter \u00fcbernachtet und Carsten f\u00e4hrt mich in die Klinik. Von hier aus sind es nur zwanzig Minuten. Wir fr\u00fchst\u00fccken alle gemeinsam und meine Enkeltochter hilft mir anschlie\u00dfend beim Schminken. Wir sitzen beide im Schneidersitz vor dem gro\u00dfen Spiegel im Ankleidezimmer und sie packt s\u00e4mtliche Schminkuntensilien aus und fragt bei jedem einzelnen &#8222;Was ist das?&#8220;. Es ist so s\u00fc\u00df. Ich beginne mich zu schminken und erkl\u00e4re jeden einzelnen Schritt. Sie reicht mir daf\u00fcr die Utensilien. Zum Abschluss kommt nat\u00fcrlich noch f\u00fcr uns beide der Lippenstift. Das war ein so sch\u00f6ner und friedlicher Moment f\u00fcr mich, ein guter Start in den Tag. So ein kleiner Mensch kann einem so viel geben. <\/p>\n\n\n\n<p>Gest\u00e4rkt vom Fr\u00fchst\u00fcck brechen wir in die Klinik auf und ich komme p\u00fcnktlich dort an. Es sind schon fast alle Chemopl\u00e4tze belegt &#8211; bekannte Gesichter und auch neue Gesichter. Da alle unterschiedliche Pausen zwischen den Chemos haben, trifft man  auch nicht immer wieder die gleichen Patientinnen. Ich mache mir noch schnell einen Tee und dann geht\u00b4s los. Ich unterhalte mich ein wenig mit meinen beiden Nachbarinnen, denn die bekommen beide die Pacli-Chemo, die ich ab Ende Januar bekommen werde. Mich interessiert die Vertr\u00e4glichkeit, die sie mir beide best\u00e4tigen k\u00f6nnen. Es geht ihnen gut und sie haben kaum Nebenwirkungen. Das gibt mir ein wenig Hoffnung, denn die Pacli wird f\u00fcr mich dann w\u00f6chentlich sein. Wenn ich so an meinen aktuellen Chemozyklus von zwei Wochen denke und an die Tage, an denen ich komplett durchh\u00e4nge, w\u00fcrde mir bei einer Woche ziemlich viel Lebensqualit\u00e4t verloren gehen. <\/p>\n\n\n\n<p>Die restliche Zeit der heutigen Sitzung verbringe ich mit lesen. Die Chemo neigt sich langsam dem Ende zu, das Taxi habe ich f\u00fcr 11.30Uhr bestellt. Mit einem bangen Blick schaue ich auf den Infusionsbeutel, der langsam vor sich hin tropft und dann wieder auf meine Uhr. Ich werde definitiv nicht um 11.30Uhr fertig sein. Hoffentlich wartet das Taxi vor der T\u00fcr, denn telefonisch bin ich in der Klinik nicht erreichbar. Einen letzten Toilettengang vor der Abfahrt erledige ich noch gemeinsam mit meinem Infusionsst\u00e4nder als meinen Begleiter, dann verliere ich nach dem Abst\u00f6pseln nicht noch mehr Zeit. Ja, ich gebe es zu, ich bin effizienzgetrieben. Ich versuche viele Dinge miteinander zu verbinden und unn\u00f6tige Wege zu vermeiden. Das kann ich einfach nicht ablegen, auch jetzt mit meiner Krankheit nicht. Um 11.50Uhr verlasse ich schlie\u00dflich die Station und hoffe nun auf mein Taxi. Drei stehen vor der T\u00fcr und ich frage mich durch. Das Letzte in der Reihe ist tats\u00e4chlich meins. Puh, ich bin mega erleichtert. <\/p>\n\n\n\n<p>Den Fahrer kenne ich noch nicht, aber schnell kommen wir beide ins Gespr\u00e4ch. Er ist vor acht Jahren aus Afghanistan gefl\u00fcchtet. Nach seinem Schulabschluss wollte er eigentlich studieren, aber im eigenen Land unm\u00f6glich. Da blieb f\u00fcr ihn nur die Flucht. \u00dcber Pakistan, T\u00fcrkei, Ungarn, \u00d6sterreich kam er nach \u00fcber zwei Monaten Flucht nach Deutschland. Er hat 900 Dollar f\u00fcr einen Schlepper bezahlt und ist unz\u00e4hlige Kilometer stundenlang in irgendeine Richtung gelaufen, die man ihm gezeigt hatte. F\u00fcr mich immer wieder beeindruckend und unvorstellbar, was diese Menschen auf sich nehmen in der Hoffnung auf ein besseres Leben. Und in Deutschland? K\u00e4mpft er seit acht Jahren f\u00fcr die Anerkennung seiner Schulbildung, um eine Ausbildung machen zu d\u00fcrfen. Er jobt, um Geld zu verdienen, hat aber das Ziel eine Ausbildung zu machen, denn er wei\u00df, nur mit einer Ausbildung hat er in Deutschland auch die Aussicht auf einen guten Job. Bei unz\u00e4hligen Bewerbungen erh\u00e4lt er nur Absagen, da er keine Ausbildung hat. Er m\u00f6chte doch einfach nur arbeiten, um sich ein gutes Leben mit einer Familie aufbauen zu k\u00f6nnen. Das tut mir so leid f\u00fcr ihn, denn er hat wirklich einen starken Willen, spricht ein sehr gutes Deutsch und hat ein Ziel vor den Augen, aber unsere B\u00fcrokratie legt ihm dort einfach nur Steine in den Weg. Bei unserer Verabschiedung w\u00fcnsche ich ihm alles Gute f\u00fcr seinen Weg und Durchhalteverm\u00f6gen, er soll bitte nicht aufgeben. <\/p>\n\n\n\n<p>Den restlichen Tag verbringe ich ganz entspannt auf der Couch und erledige von hier aus noch paar B\u00fcroarbeiten. Die erste Coritson-Tablette nehme ich mit gemischten Gef\u00fchlen und bin gespannt auf die Wirkung. In meinem letzten Chemozyklus waren die alles andere als sch\u00f6n. <\/p>\n\n\n\n<p>Und die Thrombose? Ich trage artig meinen Armstrumpf zur Kompression mit wenigen Pausen am Tag und nehme meine Blutverd\u00fcnner in der Hoffnung, dass sich die beiden Thrombosen schnell aufl\u00f6sen und sich keine neue bildet. N\u00e4chste Woche bin ich wieder zur w\u00f6chentlichen Blutkontrolle bei meiner Haus\u00e4rztin, da werde ich sie direkt einmal fragen, wie es nun mit der Behandlung weitergeht. Denn der Gef\u00e4\u00dfchirurg in der Klinik darf mich als ambulanten Patient nicht weiterbehandeln. Es bleibt wie immer spannend.<\/p>\n\n\n\n<p> <img loading=\"lazy\" decoding=\"async\" width=\"300\" height=\"399\" class=\"wp-image-450\" style=\"width: 300px;\" src=\"https:\/\/einfachzufriedensein.de\/wp-content\/uploads\/2025\/01\/IMG20250102085939klein.jpg\" alt=\"\" srcset=\"https:\/\/einfachzufriedensein.de\/wp-content\/uploads\/2025\/01\/IMG20250102085939klein.jpg 978w, https:\/\/einfachzufriedensein.de\/wp-content\/uploads\/2025\/01\/IMG20250102085939klein-226x300.jpg 226w, https:\/\/einfachzufriedensein.de\/wp-content\/uploads\/2025\/01\/IMG20250102085939klein-770x1024.jpg 770w, https:\/\/einfachzufriedensein.de\/wp-content\/uploads\/2025\/01\/IMG20250102085939klein-768x1021.jpg 768w\" sizes=\"auto, (max-width: 300px) 100vw, 300px\" \/> <img loading=\"lazy\" decoding=\"async\" width=\"300\" height=\"398\" class=\"wp-image-451\" style=\"width: 300px;\" src=\"https:\/\/einfachzufriedensein.de\/wp-content\/uploads\/2025\/01\/IMG20250102093836klein.jpg\" alt=\"\" srcset=\"https:\/\/einfachzufriedensein.de\/wp-content\/uploads\/2025\/01\/IMG20250102093836klein.jpg 979w, https:\/\/einfachzufriedensein.de\/wp-content\/uploads\/2025\/01\/IMG20250102093836klein-226x300.jpg 226w, https:\/\/einfachzufriedensein.de\/wp-content\/uploads\/2025\/01\/IMG20250102093836klein-771x1024.jpg 771w, https:\/\/einfachzufriedensein.de\/wp-content\/uploads\/2025\/01\/IMG20250102093836klein-768x1020.jpg 768w\" sizes=\"auto, (max-width: 300px) 100vw, 300px\" \/><\/p>\n","protected":false},"excerpt":{"rendered":"<p class=\"text-justify\">Heute holt mich kein Taxi am morgen ab, denn wir haben in K\u00f6nigstein bei unserer Tochter \u00fcbernachtet und Carsten f\u00e4hrt mich in [&hellip;]<\/p>\n","protected":false},"author":1,"featured_media":57,"comment_status":"closed","ping_status":"open","sticky":false,"template":"","format":"standard","meta":{"footnotes":""},"categories":[1],"tags":[2,11,16,18],"class_list":["post-444","post","type-post","status-publish","format-standard","has-post-thumbnail","hentry","category-allgemein","tag-brustkrebs","tag-chemotherapie","tag-mentale-staerke","tag-nebenwirkungen"],"yoast_head":"<!-- This site is optimized with the Yoast SEO plugin v24.1 - https:\/\/yoast.com\/wordpress\/plugins\/seo\/ -->\n<title>Der dritte Chemozyklus - einfach.zufrieden.sein.<\/title>\n<meta name=\"description\" content=\"Der dritte Chemozyklus, mal schauen, welche Nebenwirkungen es diesmal geben wird. Insgesamt vertrage ich die Chemo aber bisher sehr gut.\" \/>\n<meta name=\"robots\" content=\"index, follow, max-snippet:-1, max-image-preview:large, max-video-preview:-1\" \/>\n<link rel=\"canonical\" href=\"https:\/\/einfachzufriedensein.de\/?p=444\" \/>\n<meta property=\"og:locale\" content=\"de_DE\" \/>\n<meta property=\"og:type\" content=\"article\" \/>\n<meta property=\"og:title\" content=\"Der dritte Chemozyklus - einfach.zufrieden.sein.\" \/>\n<meta property=\"og:description\" content=\"Der dritte Chemozyklus, mal schauen, welche Nebenwirkungen es diesmal geben wird. Insgesamt vertrage ich die Chemo aber bisher sehr gut.\" \/>\n<meta property=\"og:url\" content=\"https:\/\/einfachzufriedensein.de\/?p=444\" \/>\n<meta property=\"og:site_name\" content=\"einfach.zufrieden.sein.\" \/>\n<meta property=\"article:published_time\" content=\"2025-01-02T11:49:29+00:00\" \/>\n<meta property=\"article:modified_time\" content=\"2025-01-04T03:54:50+00:00\" \/>\n<meta property=\"og:image\" content=\"https:\/\/einfachzufriedensein.de\/wp-content\/uploads\/2024\/10\/einfach.-zufrieden.-sein-2.png\" \/>\n\t<meta property=\"og:image:width\" content=\"500\" \/>\n\t<meta property=\"og:image:height\" content=\"500\" \/>\n\t<meta property=\"og:image:type\" content=\"image\/png\" \/>\n<meta name=\"author\" content=\"sfiedler\" \/>\n<meta name=\"twitter:card\" content=\"summary_large_image\" \/>\n<meta name=\"twitter:label1\" content=\"Verfasst von\" \/>\n\t<meta name=\"twitter:data1\" content=\"sfiedler\" \/>\n\t<meta name=\"twitter:label2\" content=\"Gesch\u00e4tzte Lesezeit\" \/>\n\t<meta name=\"twitter:data2\" content=\"5\u00a0Minuten\" \/>\n<script type=\"application\/ld+json\" class=\"yoast-schema-graph\">{\"@context\":\"https:\/\/schema.org\",\"@graph\":[{\"@type\":\"Article\",\"@id\":\"https:\/\/einfachzufriedensein.de\/?p=444#article\",\"isPartOf\":{\"@id\":\"https:\/\/einfachzufriedensein.de\/?p=444\"},\"author\":{\"name\":\"sfiedler\",\"@id\":\"https:\/\/einfachzufriedensein.de\/#\/schema\/person\/1c305a44404a7ae00e2ad15fb51bb53c\"},\"headline\":\"Der dritte Chemozyklus\",\"datePublished\":\"2025-01-02T11:49:29+00:00\",\"dateModified\":\"2025-01-04T03:54:50+00:00\",\"mainEntityOfPage\":{\"@id\":\"https:\/\/einfachzufriedensein.de\/?p=444\"},\"wordCount\":848,\"publisher\":{\"@id\":\"https:\/\/einfachzufriedensein.de\/#\/schema\/person\/1c305a44404a7ae00e2ad15fb51bb53c\"},\"image\":{\"@id\":\"https:\/\/einfachzufriedensein.de\/?p=444#primaryimage\"},\"thumbnailUrl\":\"https:\/\/einfachzufriedensein.de\/wp-content\/uploads\/2024\/10\/einfach.-zufrieden.-sein-2.png\",\"keywords\":[\"Brustkrebs\",\"Chemotherapie\",\"mentale St\u00e4rke\",\"Nebenwirkungen\"],\"inLanguage\":\"de\"},{\"@type\":\"WebPage\",\"@id\":\"https:\/\/einfachzufriedensein.de\/?p=444\",\"url\":\"https:\/\/einfachzufriedensein.de\/?p=444\",\"name\":\"Der dritte Chemozyklus - einfach.zufrieden.sein.\",\"isPartOf\":{\"@id\":\"https:\/\/einfachzufriedensein.de\/#website\"},\"primaryImageOfPage\":{\"@id\":\"https:\/\/einfachzufriedensein.de\/?p=444#primaryimage\"},\"image\":{\"@id\":\"https:\/\/einfachzufriedensein.de\/?p=444#primaryimage\"},\"thumbnailUrl\":\"https:\/\/einfachzufriedensein.de\/wp-content\/uploads\/2024\/10\/einfach.-zufrieden.-sein-2.png\",\"datePublished\":\"2025-01-02T11:49:29+00:00\",\"dateModified\":\"2025-01-04T03:54:50+00:00\",\"description\":\"Der dritte Chemozyklus, mal schauen, welche Nebenwirkungen es diesmal geben wird. Insgesamt vertrage ich die Chemo aber bisher sehr gut.\",\"breadcrumb\":{\"@id\":\"https:\/\/einfachzufriedensein.de\/?p=444#breadcrumb\"},\"inLanguage\":\"de\",\"potentialAction\":[{\"@type\":\"ReadAction\",\"target\":[\"https:\/\/einfachzufriedensein.de\/?p=444\"]}]},{\"@type\":\"ImageObject\",\"inLanguage\":\"de\",\"@id\":\"https:\/\/einfachzufriedensein.de\/?p=444#primaryimage\",\"url\":\"https:\/\/einfachzufriedensein.de\/wp-content\/uploads\/2024\/10\/einfach.-zufrieden.-sein-2.png\",\"contentUrl\":\"https:\/\/einfachzufriedensein.de\/wp-content\/uploads\/2024\/10\/einfach.-zufrieden.-sein-2.png\",\"width\":500,\"height\":500},{\"@type\":\"BreadcrumbList\",\"@id\":\"https:\/\/einfachzufriedensein.de\/?p=444#breadcrumb\",\"itemListElement\":[{\"@type\":\"ListItem\",\"position\":1,\"name\":\"Startseite\",\"item\":\"https:\/\/einfachzufriedensein.de\/\"},{\"@type\":\"ListItem\",\"position\":2,\"name\":\"Der dritte Chemozyklus\"}]},{\"@type\":\"WebSite\",\"@id\":\"https:\/\/einfachzufriedensein.de\/#website\",\"url\":\"https:\/\/einfachzufriedensein.de\/\",\"name\":\"einfach.zufrieden.sein.\",\"description\":\"Der Brustkrebs &amp; ich  - das Tagebuch einer Brustkrebspatientin\",\"publisher\":{\"@id\":\"https:\/\/einfachzufriedensein.de\/#\/schema\/person\/1c305a44404a7ae00e2ad15fb51bb53c\"},\"potentialAction\":[{\"@type\":\"SearchAction\",\"target\":{\"@type\":\"EntryPoint\",\"urlTemplate\":\"https:\/\/einfachzufriedensein.de\/?s={search_term_string}\"},\"query-input\":{\"@type\":\"PropertyValueSpecification\",\"valueRequired\":true,\"valueName\":\"search_term_string\"}}],\"inLanguage\":\"de\"},{\"@type\":[\"Person\",\"Organization\"],\"@id\":\"https:\/\/einfachzufriedensein.de\/#\/schema\/person\/1c305a44404a7ae00e2ad15fb51bb53c\",\"name\":\"sfiedler\",\"image\":{\"@type\":\"ImageObject\",\"inLanguage\":\"de\",\"@id\":\"https:\/\/einfachzufriedensein.de\/#\/schema\/person\/image\/\",\"url\":\"https:\/\/einfachzufriedensein.de\/wp-content\/uploads\/2024\/10\/IMG20240928112843-scaled.jpg\",\"contentUrl\":\"https:\/\/einfachzufriedensein.de\/wp-content\/uploads\/2024\/10\/IMG20240928112843-scaled.jpg\",\"width\":1927,\"height\":2560,\"caption\":\"sfiedler\"},\"logo\":{\"@id\":\"https:\/\/einfachzufriedensein.de\/#\/schema\/person\/image\/\"},\"sameAs\":[\"https:\/\/einfachzufriedensein.de\"],\"url\":\"https:\/\/einfachzufriedensein.de\/?author=1\"}]}<\/script>\n<!-- \/ Yoast SEO plugin. -->","yoast_head_json":{"title":"Der dritte Chemozyklus - einfach.zufrieden.sein.","description":"Der dritte Chemozyklus, mal schauen, welche Nebenwirkungen es diesmal geben wird. Insgesamt vertrage ich die Chemo aber bisher sehr gut.","robots":{"index":"index","follow":"follow","max-snippet":"max-snippet:-1","max-image-preview":"max-image-preview:large","max-video-preview":"max-video-preview:-1"},"canonical":"https:\/\/einfachzufriedensein.de\/?p=444","og_locale":"de_DE","og_type":"article","og_title":"Der dritte Chemozyklus - einfach.zufrieden.sein.","og_description":"Der dritte Chemozyklus, mal schauen, welche Nebenwirkungen es diesmal geben wird. Insgesamt vertrage ich die Chemo aber bisher sehr gut.","og_url":"https:\/\/einfachzufriedensein.de\/?p=444","og_site_name":"einfach.zufrieden.sein.","article_published_time":"2025-01-02T11:49:29+00:00","article_modified_time":"2025-01-04T03:54:50+00:00","og_image":[{"width":500,"height":500,"url":"https:\/\/einfachzufriedensein.de\/wp-content\/uploads\/2024\/10\/einfach.-zufrieden.-sein-2.png","type":"image\/png"}],"author":"sfiedler","twitter_card":"summary_large_image","twitter_misc":{"Verfasst von":"sfiedler","Gesch\u00e4tzte Lesezeit":"5\u00a0Minuten"},"schema":{"@context":"https:\/\/schema.org","@graph":[{"@type":"Article","@id":"https:\/\/einfachzufriedensein.de\/?p=444#article","isPartOf":{"@id":"https:\/\/einfachzufriedensein.de\/?p=444"},"author":{"name":"sfiedler","@id":"https:\/\/einfachzufriedensein.de\/#\/schema\/person\/1c305a44404a7ae00e2ad15fb51bb53c"},"headline":"Der dritte Chemozyklus","datePublished":"2025-01-02T11:49:29+00:00","dateModified":"2025-01-04T03:54:50+00:00","mainEntityOfPage":{"@id":"https:\/\/einfachzufriedensein.de\/?p=444"},"wordCount":848,"publisher":{"@id":"https:\/\/einfachzufriedensein.de\/#\/schema\/person\/1c305a44404a7ae00e2ad15fb51bb53c"},"image":{"@id":"https:\/\/einfachzufriedensein.de\/?p=444#primaryimage"},"thumbnailUrl":"https:\/\/einfachzufriedensein.de\/wp-content\/uploads\/2024\/10\/einfach.-zufrieden.-sein-2.png","keywords":["Brustkrebs","Chemotherapie","mentale St\u00e4rke","Nebenwirkungen"],"inLanguage":"de"},{"@type":"WebPage","@id":"https:\/\/einfachzufriedensein.de\/?p=444","url":"https:\/\/einfachzufriedensein.de\/?p=444","name":"Der dritte Chemozyklus - einfach.zufrieden.sein.","isPartOf":{"@id":"https:\/\/einfachzufriedensein.de\/#website"},"primaryImageOfPage":{"@id":"https:\/\/einfachzufriedensein.de\/?p=444#primaryimage"},"image":{"@id":"https:\/\/einfachzufriedensein.de\/?p=444#primaryimage"},"thumbnailUrl":"https:\/\/einfachzufriedensein.de\/wp-content\/uploads\/2024\/10\/einfach.-zufrieden.-sein-2.png","datePublished":"2025-01-02T11:49:29+00:00","dateModified":"2025-01-04T03:54:50+00:00","description":"Der dritte Chemozyklus, mal schauen, welche Nebenwirkungen es diesmal geben wird. Insgesamt vertrage ich die Chemo aber bisher sehr gut.","breadcrumb":{"@id":"https:\/\/einfachzufriedensein.de\/?p=444#breadcrumb"},"inLanguage":"de","potentialAction":[{"@type":"ReadAction","target":["https:\/\/einfachzufriedensein.de\/?p=444"]}]},{"@type":"ImageObject","inLanguage":"de","@id":"https:\/\/einfachzufriedensein.de\/?p=444#primaryimage","url":"https:\/\/einfachzufriedensein.de\/wp-content\/uploads\/2024\/10\/einfach.-zufrieden.-sein-2.png","contentUrl":"https:\/\/einfachzufriedensein.de\/wp-content\/uploads\/2024\/10\/einfach.-zufrieden.-sein-2.png","width":500,"height":500},{"@type":"BreadcrumbList","@id":"https:\/\/einfachzufriedensein.de\/?p=444#breadcrumb","itemListElement":[{"@type":"ListItem","position":1,"name":"Startseite","item":"https:\/\/einfachzufriedensein.de\/"},{"@type":"ListItem","position":2,"name":"Der dritte Chemozyklus"}]},{"@type":"WebSite","@id":"https:\/\/einfachzufriedensein.de\/#website","url":"https:\/\/einfachzufriedensein.de\/","name":"einfach.zufrieden.sein.","description":"Der Brustkrebs &amp; ich  - das Tagebuch einer Brustkrebspatientin","publisher":{"@id":"https:\/\/einfachzufriedensein.de\/#\/schema\/person\/1c305a44404a7ae00e2ad15fb51bb53c"},"potentialAction":[{"@type":"SearchAction","target":{"@type":"EntryPoint","urlTemplate":"https:\/\/einfachzufriedensein.de\/?s={search_term_string}"},"query-input":{"@type":"PropertyValueSpecification","valueRequired":true,"valueName":"search_term_string"}}],"inLanguage":"de"},{"@type":["Person","Organization"],"@id":"https:\/\/einfachzufriedensein.de\/#\/schema\/person\/1c305a44404a7ae00e2ad15fb51bb53c","name":"sfiedler","image":{"@type":"ImageObject","inLanguage":"de","@id":"https:\/\/einfachzufriedensein.de\/#\/schema\/person\/image\/","url":"https:\/\/einfachzufriedensein.de\/wp-content\/uploads\/2024\/10\/IMG20240928112843-scaled.jpg","contentUrl":"https:\/\/einfachzufriedensein.de\/wp-content\/uploads\/2024\/10\/IMG20240928112843-scaled.jpg","width":1927,"height":2560,"caption":"sfiedler"},"logo":{"@id":"https:\/\/einfachzufriedensein.de\/#\/schema\/person\/image\/"},"sameAs":["https:\/\/einfachzufriedensein.de"],"url":"https:\/\/einfachzufriedensein.de\/?author=1"}]}},"_links":{"self":[{"href":"https:\/\/einfachzufriedensein.de\/index.php?rest_route=\/wp\/v2\/posts\/444","targetHints":{"allow":["GET"]}}],"collection":[{"href":"https:\/\/einfachzufriedensein.de\/index.php?rest_route=\/wp\/v2\/posts"}],"about":[{"href":"https:\/\/einfachzufriedensein.de\/index.php?rest_route=\/wp\/v2\/types\/post"}],"author":[{"embeddable":true,"href":"https:\/\/einfachzufriedensein.de\/index.php?rest_route=\/wp\/v2\/users\/1"}],"replies":[{"embeddable":true,"href":"https:\/\/einfachzufriedensein.de\/index.php?rest_route=%2Fwp%2Fv2%2Fcomments&post=444"}],"version-history":[{"count":8,"href":"https:\/\/einfachzufriedensein.de\/index.php?rest_route=\/wp\/v2\/posts\/444\/revisions"}],"predecessor-version":[{"id":454,"href":"https:\/\/einfachzufriedensein.de\/index.php?rest_route=\/wp\/v2\/posts\/444\/revisions\/454"}],"wp:featuredmedia":[{"embeddable":true,"href":"https:\/\/einfachzufriedensein.de\/index.php?rest_route=\/wp\/v2\/media\/57"}],"wp:attachment":[{"href":"https:\/\/einfachzufriedensein.de\/index.php?rest_route=%2Fwp%2Fv2%2Fmedia&parent=444"}],"wp:term":[{"taxonomy":"category","embeddable":true,"href":"https:\/\/einfachzufriedensein.de\/index.php?rest_route=%2Fwp%2Fv2%2Fcategories&post=444"},{"taxonomy":"post_tag","embeddable":true,"href":"https:\/\/einfachzufriedensein.de\/index.php?rest_route=%2Fwp%2Fv2%2Ftags&post=444"}],"curies":[{"name":"wp","href":"https:\/\/api.w.org\/{rel}","templated":true}]}}