{"id":440,"date":"2025-01-01T07:18:57","date_gmt":"2025-01-01T06:18:57","guid":{"rendered":"https:\/\/einfachzufriedensein.de\/?p=440"},"modified":"2025-01-03T07:19:08","modified_gmt":"2025-01-03T06:19:08","slug":"neues-jahr-neues-glueck","status":"publish","type":"post","link":"https:\/\/einfachzufriedensein.de\/?p=440","title":{"rendered":"Neues Jahr, neues Gl\u00fcck"},"content":{"rendered":"\n<p>Wir haben Silvester sehr ruhig zu zweit verbracht. Nach einem ausgiebigen Abendspaziergang und einem leckeren Abendessen haben wir es uns vor dem Fernseher gem\u00fctlich gemacht. Es lief die Silvestershow am Brandenburger Tor. Dort waren wir vor einigen Jahren auch einmal Life dabei. An den K\u00fcnstlern, die dort mittlerweile auftreten, merken wir, dass wir \u00e4lter werden. Bausa, Skiaggu oder Shirin David &#8211; das sind Namen, mit denen wir einfach nichts mehr anfangen k\u00f6nnen. Aber die Sendung war ein netter Zeitvertreib und die Zeit bis Mitternacht nicht allzu lang. Punkt zw\u00f6lf sto\u00dfen wir mit einem Glas Fruchtsecco an und mich \u00fcberkommen pl\u00f6tzlich tiefe Gef\u00fchle und ich fange an zu weinen. Das Jahr 2024 f\u00e4llt wie ein Ballst von mir ab und ich w\u00fcnsche mir f\u00fcr das neue Jahr einfach nur durchhalten und gesund werden. Wir halten uns beide eng umschlungen und Carsten gibt mir Trost. Er ist so stark und das tut mir so gut. Ich fange mich wieder und wir gehen nach drau\u00dfen, um das reichhaltige Silvesterfeuerwerk um uns herum zu bestaunen. Auf jeden Fall d\u00fcrften nun keine b\u00f6sen Geister mehr irgendwo in unserer N\u00e4he sein &#8211; 2025 kann ein gutes Jahr werden. <\/p>\n\n\n\n<p>Auf 2024 blicken wir aber durchaus auch positiv zur\u00fcck. Wir hatten viele sch\u00f6ne Momente und Erlebnisse &#8211; die Hochzeit unserer mittleren Tochter und unsere Reise nach Amerika, bei der wir die Knochenmarkempf\u00e4ngerin von Carsten nach langer Zeit wieder besucht haben. Sie ist vor 13 Jahren an einer schweren Leuk\u00e4mie erkrankt und hatte eine \u00dcberlebenschance von drei Prozent. Es ist ein wahres Wunder, dass sie diesen Kampf gewonnen hat. Ihre Kinder sind in \u00e4hnlichem Alter wie unsere und uns verbindet so viel. Es ist ein neuer Teil Familie f\u00fcr uns geworden. Sie ist ein Vorbild f\u00fcr mich. Sie hat diesen harten Kampf so tapfer durchgestanden. Und jetzt sind wir beide mit einem Krebsschicksal noch enger verbunden. <\/p>\n\n\n\n<p>Neujahr ist ein Familientreffen mit Racletteessen bei unserer \u00e4lteren Tochter geplant. Arbeits- und krankheitsbedingt k\u00f6nnen unsere mittlere Tochter und ihr Mann leider nicht dabei sein. Vor gr\u00f6\u00dferen Zusammenk\u00fcnften dieser Art m\u00fcssen wir im Vorfeld jetzt immer schauen, ob alle gesund sind. Ich m\u00f6chte mich so wenig wie m\u00f6glich irgendwelchen Erk\u00e4ltungen oder \u00e4hnlichem aussetzen. Auf dieses Treffen habe ich mich sehr gefreut, denn Weihnachten lief ja schon nicht so wie geplant. Es war ein sch\u00f6ner Abend im Kreise meiner Lieben mit reichlich Essen und vielen lustigen Gespr\u00e4chen. Den Abend lassen wir noch mit einer Runde Canasta ausklingen. Eine sch\u00f6ne Abwechslung f\u00fcr Carsten und mich in unserem Chemoalltag. Wir \u00fcbernachten wieder bei unserer Tochter, was unsere Enkelin sehr freut. Und morgen ist wieder Chemo angesagt. <\/p>\n","protected":false},"excerpt":{"rendered":"<p class=\"text-justify\">Wir haben Silvester sehr ruhig zu zweit verbracht. Nach einem ausgiebigen Abendspaziergang und einem leckeren Abendessen haben wir es uns vor dem [&hellip;]<\/p>\n","protected":false},"author":1,"featured_media":57,"comment_status":"closed","ping_status":"open","sticky":false,"template":"","format":"standard","meta":{"footnotes":""},"categories":[1],"tags":[2,17,16,49,48],"class_list":["post-440","post","type-post","status-publish","format-standard","has-post-thumbnail","hentry","category-allgemein","tag-brustkrebs","tag-familie","tag-mentale-staerke","tag-neujahr","tag-silvester"],"yoast_head":"<!-- This site is optimized with the Yoast SEO plugin v24.1 - https:\/\/yoast.com\/wordpress\/plugins\/seo\/ -->\n<title>Neues Jahr, neues Gl\u00fcck - einfach.zufrieden.sein.<\/title>\n<meta name=\"description\" content=\"Die Hoffnung, dass im neuen Jahr alles gut und ich wieder gesund werde, ist gro\u00df. Das alte Jahr verabschiede ich unter Tr\u00e4nen, aber auch mit positiven Gedanken.\" \/>\n<meta name=\"robots\" content=\"index, follow, max-snippet:-1, max-image-preview:large, max-video-preview:-1\" \/>\n<link rel=\"canonical\" href=\"https:\/\/einfachzufriedensein.de\/?p=440\" \/>\n<meta property=\"og:locale\" content=\"de_DE\" \/>\n<meta property=\"og:type\" content=\"article\" \/>\n<meta property=\"og:title\" content=\"Neues Jahr, neues Gl\u00fcck - einfach.zufrieden.sein.\" \/>\n<meta property=\"og:description\" content=\"Die Hoffnung, dass im neuen Jahr alles gut und ich wieder gesund werde, ist gro\u00df. Das alte Jahr verabschiede ich unter Tr\u00e4nen, aber auch mit positiven Gedanken.\" \/>\n<meta property=\"og:url\" content=\"https:\/\/einfachzufriedensein.de\/?p=440\" \/>\n<meta property=\"og:site_name\" content=\"einfach.zufrieden.sein.\" \/>\n<meta property=\"article:published_time\" content=\"2025-01-01T06:18:57+00:00\" \/>\n<meta property=\"article:modified_time\" content=\"2025-01-03T06:19:08+00:00\" \/>\n<meta property=\"og:image\" content=\"https:\/\/einfachzufriedensein.de\/wp-content\/uploads\/2024\/10\/einfach.-zufrieden.-sein-2.png\" \/>\n\t<meta property=\"og:image:width\" content=\"500\" \/>\n\t<meta property=\"og:image:height\" content=\"500\" \/>\n\t<meta property=\"og:image:type\" content=\"image\/png\" \/>\n<meta name=\"author\" content=\"sfiedler\" \/>\n<meta name=\"twitter:card\" content=\"summary_large_image\" \/>\n<meta name=\"twitter:label1\" content=\"Verfasst von\" \/>\n\t<meta name=\"twitter:data1\" content=\"sfiedler\" \/>\n\t<meta name=\"twitter:label2\" content=\"Gesch\u00e4tzte Lesezeit\" \/>\n\t<meta name=\"twitter:data2\" content=\"3\u00a0Minuten\" \/>\n<script type=\"application\/ld+json\" class=\"yoast-schema-graph\">{\"@context\":\"https:\/\/schema.org\",\"@graph\":[{\"@type\":\"Article\",\"@id\":\"https:\/\/einfachzufriedensein.de\/?p=440#article\",\"isPartOf\":{\"@id\":\"https:\/\/einfachzufriedensein.de\/?p=440\"},\"author\":{\"name\":\"sfiedler\",\"@id\":\"https:\/\/einfachzufriedensein.de\/#\/schema\/person\/1c305a44404a7ae00e2ad15fb51bb53c\"},\"headline\":\"Neues Jahr, neues Gl\u00fcck\",\"datePublished\":\"2025-01-01T06:18:57+00:00\",\"dateModified\":\"2025-01-03T06:19:08+00:00\",\"mainEntityOfPage\":{\"@id\":\"https:\/\/einfachzufriedensein.de\/?p=440\"},\"wordCount\":462,\"publisher\":{\"@id\":\"https:\/\/einfachzufriedensein.de\/#\/schema\/person\/1c305a44404a7ae00e2ad15fb51bb53c\"},\"image\":{\"@id\":\"https:\/\/einfachzufriedensein.de\/?p=440#primaryimage\"},\"thumbnailUrl\":\"https:\/\/einfachzufriedensein.de\/wp-content\/uploads\/2024\/10\/einfach.-zufrieden.-sein-2.png\",\"keywords\":[\"Brustkrebs\",\"Familie\",\"mentale St\u00e4rke\",\"Neujahr\",\"Silvester\"],\"inLanguage\":\"de\"},{\"@type\":\"WebPage\",\"@id\":\"https:\/\/einfachzufriedensein.de\/?p=440\",\"url\":\"https:\/\/einfachzufriedensein.de\/?p=440\",\"name\":\"Neues Jahr, neues Gl\u00fcck - einfach.zufrieden.sein.\",\"isPartOf\":{\"@id\":\"https:\/\/einfachzufriedensein.de\/#website\"},\"primaryImageOfPage\":{\"@id\":\"https:\/\/einfachzufriedensein.de\/?p=440#primaryimage\"},\"image\":{\"@id\":\"https:\/\/einfachzufriedensein.de\/?p=440#primaryimage\"},\"thumbnailUrl\":\"https:\/\/einfachzufriedensein.de\/wp-content\/uploads\/2024\/10\/einfach.-zufrieden.-sein-2.png\",\"datePublished\":\"2025-01-01T06:18:57+00:00\",\"dateModified\":\"2025-01-03T06:19:08+00:00\",\"description\":\"Die Hoffnung, dass im neuen Jahr alles gut und ich wieder gesund werde, ist gro\u00df. Das alte Jahr verabschiede ich unter Tr\u00e4nen, aber auch mit positiven Gedanken.\",\"breadcrumb\":{\"@id\":\"https:\/\/einfachzufriedensein.de\/?p=440#breadcrumb\"},\"inLanguage\":\"de\",\"potentialAction\":[{\"@type\":\"ReadAction\",\"target\":[\"https:\/\/einfachzufriedensein.de\/?p=440\"]}]},{\"@type\":\"ImageObject\",\"inLanguage\":\"de\",\"@id\":\"https:\/\/einfachzufriedensein.de\/?p=440#primaryimage\",\"url\":\"https:\/\/einfachzufriedensein.de\/wp-content\/uploads\/2024\/10\/einfach.-zufrieden.-sein-2.png\",\"contentUrl\":\"https:\/\/einfachzufriedensein.de\/wp-content\/uploads\/2024\/10\/einfach.-zufrieden.-sein-2.png\",\"width\":500,\"height\":500},{\"@type\":\"BreadcrumbList\",\"@id\":\"https:\/\/einfachzufriedensein.de\/?p=440#breadcrumb\",\"itemListElement\":[{\"@type\":\"ListItem\",\"position\":1,\"name\":\"Startseite\",\"item\":\"https:\/\/einfachzufriedensein.de\/\"},{\"@type\":\"ListItem\",\"position\":2,\"name\":\"Neues Jahr, neues Gl\u00fcck\"}]},{\"@type\":\"WebSite\",\"@id\":\"https:\/\/einfachzufriedensein.de\/#website\",\"url\":\"https:\/\/einfachzufriedensein.de\/\",\"name\":\"einfach.zufrieden.sein.\",\"description\":\"Der Brustkrebs &amp; ich  - das Tagebuch einer Brustkrebspatientin\",\"publisher\":{\"@id\":\"https:\/\/einfachzufriedensein.de\/#\/schema\/person\/1c305a44404a7ae00e2ad15fb51bb53c\"},\"potentialAction\":[{\"@type\":\"SearchAction\",\"target\":{\"@type\":\"EntryPoint\",\"urlTemplate\":\"https:\/\/einfachzufriedensein.de\/?s={search_term_string}\"},\"query-input\":{\"@type\":\"PropertyValueSpecification\",\"valueRequired\":true,\"valueName\":\"search_term_string\"}}],\"inLanguage\":\"de\"},{\"@type\":[\"Person\",\"Organization\"],\"@id\":\"https:\/\/einfachzufriedensein.de\/#\/schema\/person\/1c305a44404a7ae00e2ad15fb51bb53c\",\"name\":\"sfiedler\",\"image\":{\"@type\":\"ImageObject\",\"inLanguage\":\"de\",\"@id\":\"https:\/\/einfachzufriedensein.de\/#\/schema\/person\/image\/\",\"url\":\"https:\/\/einfachzufriedensein.de\/wp-content\/uploads\/2024\/10\/IMG20240928112843-scaled.jpg\",\"contentUrl\":\"https:\/\/einfachzufriedensein.de\/wp-content\/uploads\/2024\/10\/IMG20240928112843-scaled.jpg\",\"width\":1927,\"height\":2560,\"caption\":\"sfiedler\"},\"logo\":{\"@id\":\"https:\/\/einfachzufriedensein.de\/#\/schema\/person\/image\/\"},\"sameAs\":[\"https:\/\/einfachzufriedensein.de\"],\"url\":\"https:\/\/einfachzufriedensein.de\/?author=1\"}]}<\/script>\n<!-- \/ Yoast SEO plugin. -->","yoast_head_json":{"title":"Neues Jahr, neues Gl\u00fcck - einfach.zufrieden.sein.","description":"Die Hoffnung, dass im neuen Jahr alles gut und ich wieder gesund werde, ist gro\u00df. Das alte Jahr verabschiede ich unter Tr\u00e4nen, aber auch mit positiven Gedanken.","robots":{"index":"index","follow":"follow","max-snippet":"max-snippet:-1","max-image-preview":"max-image-preview:large","max-video-preview":"max-video-preview:-1"},"canonical":"https:\/\/einfachzufriedensein.de\/?p=440","og_locale":"de_DE","og_type":"article","og_title":"Neues Jahr, neues Gl\u00fcck - einfach.zufrieden.sein.","og_description":"Die Hoffnung, dass im neuen Jahr alles gut und ich wieder gesund werde, ist gro\u00df. Das alte Jahr verabschiede ich unter Tr\u00e4nen, aber auch mit positiven Gedanken.","og_url":"https:\/\/einfachzufriedensein.de\/?p=440","og_site_name":"einfach.zufrieden.sein.","article_published_time":"2025-01-01T06:18:57+00:00","article_modified_time":"2025-01-03T06:19:08+00:00","og_image":[{"width":500,"height":500,"url":"https:\/\/einfachzufriedensein.de\/wp-content\/uploads\/2024\/10\/einfach.-zufrieden.-sein-2.png","type":"image\/png"}],"author":"sfiedler","twitter_card":"summary_large_image","twitter_misc":{"Verfasst von":"sfiedler","Gesch\u00e4tzte Lesezeit":"3\u00a0Minuten"},"schema":{"@context":"https:\/\/schema.org","@graph":[{"@type":"Article","@id":"https:\/\/einfachzufriedensein.de\/?p=440#article","isPartOf":{"@id":"https:\/\/einfachzufriedensein.de\/?p=440"},"author":{"name":"sfiedler","@id":"https:\/\/einfachzufriedensein.de\/#\/schema\/person\/1c305a44404a7ae00e2ad15fb51bb53c"},"headline":"Neues Jahr, neues Gl\u00fcck","datePublished":"2025-01-01T06:18:57+00:00","dateModified":"2025-01-03T06:19:08+00:00","mainEntityOfPage":{"@id":"https:\/\/einfachzufriedensein.de\/?p=440"},"wordCount":462,"publisher":{"@id":"https:\/\/einfachzufriedensein.de\/#\/schema\/person\/1c305a44404a7ae00e2ad15fb51bb53c"},"image":{"@id":"https:\/\/einfachzufriedensein.de\/?p=440#primaryimage"},"thumbnailUrl":"https:\/\/einfachzufriedensein.de\/wp-content\/uploads\/2024\/10\/einfach.-zufrieden.-sein-2.png","keywords":["Brustkrebs","Familie","mentale St\u00e4rke","Neujahr","Silvester"],"inLanguage":"de"},{"@type":"WebPage","@id":"https:\/\/einfachzufriedensein.de\/?p=440","url":"https:\/\/einfachzufriedensein.de\/?p=440","name":"Neues Jahr, neues Gl\u00fcck - einfach.zufrieden.sein.","isPartOf":{"@id":"https:\/\/einfachzufriedensein.de\/#website"},"primaryImageOfPage":{"@id":"https:\/\/einfachzufriedensein.de\/?p=440#primaryimage"},"image":{"@id":"https:\/\/einfachzufriedensein.de\/?p=440#primaryimage"},"thumbnailUrl":"https:\/\/einfachzufriedensein.de\/wp-content\/uploads\/2024\/10\/einfach.-zufrieden.-sein-2.png","datePublished":"2025-01-01T06:18:57+00:00","dateModified":"2025-01-03T06:19:08+00:00","description":"Die Hoffnung, dass im neuen Jahr alles gut und ich wieder gesund werde, ist gro\u00df. Das alte Jahr verabschiede ich unter Tr\u00e4nen, aber auch mit positiven Gedanken.","breadcrumb":{"@id":"https:\/\/einfachzufriedensein.de\/?p=440#breadcrumb"},"inLanguage":"de","potentialAction":[{"@type":"ReadAction","target":["https:\/\/einfachzufriedensein.de\/?p=440"]}]},{"@type":"ImageObject","inLanguage":"de","@id":"https:\/\/einfachzufriedensein.de\/?p=440#primaryimage","url":"https:\/\/einfachzufriedensein.de\/wp-content\/uploads\/2024\/10\/einfach.-zufrieden.-sein-2.png","contentUrl":"https:\/\/einfachzufriedensein.de\/wp-content\/uploads\/2024\/10\/einfach.-zufrieden.-sein-2.png","width":500,"height":500},{"@type":"BreadcrumbList","@id":"https:\/\/einfachzufriedensein.de\/?p=440#breadcrumb","itemListElement":[{"@type":"ListItem","position":1,"name":"Startseite","item":"https:\/\/einfachzufriedensein.de\/"},{"@type":"ListItem","position":2,"name":"Neues Jahr, neues Gl\u00fcck"}]},{"@type":"WebSite","@id":"https:\/\/einfachzufriedensein.de\/#website","url":"https:\/\/einfachzufriedensein.de\/","name":"einfach.zufrieden.sein.","description":"Der Brustkrebs &amp; ich  - das Tagebuch einer Brustkrebspatientin","publisher":{"@id":"https:\/\/einfachzufriedensein.de\/#\/schema\/person\/1c305a44404a7ae00e2ad15fb51bb53c"},"potentialAction":[{"@type":"SearchAction","target":{"@type":"EntryPoint","urlTemplate":"https:\/\/einfachzufriedensein.de\/?s={search_term_string}"},"query-input":{"@type":"PropertyValueSpecification","valueRequired":true,"valueName":"search_term_string"}}],"inLanguage":"de"},{"@type":["Person","Organization"],"@id":"https:\/\/einfachzufriedensein.de\/#\/schema\/person\/1c305a44404a7ae00e2ad15fb51bb53c","name":"sfiedler","image":{"@type":"ImageObject","inLanguage":"de","@id":"https:\/\/einfachzufriedensein.de\/#\/schema\/person\/image\/","url":"https:\/\/einfachzufriedensein.de\/wp-content\/uploads\/2024\/10\/IMG20240928112843-scaled.jpg","contentUrl":"https:\/\/einfachzufriedensein.de\/wp-content\/uploads\/2024\/10\/IMG20240928112843-scaled.jpg","width":1927,"height":2560,"caption":"sfiedler"},"logo":{"@id":"https:\/\/einfachzufriedensein.de\/#\/schema\/person\/image\/"},"sameAs":["https:\/\/einfachzufriedensein.de"],"url":"https:\/\/einfachzufriedensein.de\/?author=1"}]}},"_links":{"self":[{"href":"https:\/\/einfachzufriedensein.de\/index.php?rest_route=\/wp\/v2\/posts\/440","targetHints":{"allow":["GET"]}}],"collection":[{"href":"https:\/\/einfachzufriedensein.de\/index.php?rest_route=\/wp\/v2\/posts"}],"about":[{"href":"https:\/\/einfachzufriedensein.de\/index.php?rest_route=\/wp\/v2\/types\/post"}],"author":[{"embeddable":true,"href":"https:\/\/einfachzufriedensein.de\/index.php?rest_route=\/wp\/v2\/users\/1"}],"replies":[{"embeddable":true,"href":"https:\/\/einfachzufriedensein.de\/index.php?rest_route=%2Fwp%2Fv2%2Fcomments&post=440"}],"version-history":[{"count":3,"href":"https:\/\/einfachzufriedensein.de\/index.php?rest_route=\/wp\/v2\/posts\/440\/revisions"}],"predecessor-version":[{"id":443,"href":"https:\/\/einfachzufriedensein.de\/index.php?rest_route=\/wp\/v2\/posts\/440\/revisions\/443"}],"wp:featuredmedia":[{"embeddable":true,"href":"https:\/\/einfachzufriedensein.de\/index.php?rest_route=\/wp\/v2\/media\/57"}],"wp:attachment":[{"href":"https:\/\/einfachzufriedensein.de\/index.php?rest_route=%2Fwp%2Fv2%2Fmedia&parent=440"}],"wp:term":[{"taxonomy":"category","embeddable":true,"href":"https:\/\/einfachzufriedensein.de\/index.php?rest_route=%2Fwp%2Fv2%2Fcategories&post=440"},{"taxonomy":"post_tag","embeddable":true,"href":"https:\/\/einfachzufriedensein.de\/index.php?rest_route=%2Fwp%2Fv2%2Ftags&post=440"}],"curies":[{"name":"wp","href":"https:\/\/api.w.org\/{rel}","templated":true}]}}