{"id":38,"date":"2024-06-21T20:11:25","date_gmt":"2024-06-21T18:11:25","guid":{"rendered":"https:\/\/einfachzufriedensein.de\/?p=38"},"modified":"2024-10-21T21:10:13","modified_gmt":"2024-10-21T19:10:13","slug":"ein-schoener-tag-im-juni","status":"publish","type":"post","link":"https:\/\/einfachzufriedensein.de\/?p=38","title":{"rendered":"Ein sch\u00f6ner Tag im Juni"},"content":{"rendered":"\n<p>Es war Mitte Juni 2024, Wochenende und ein perfekter Tag, um in unserem nahegelegenen Wald spazieren zu gehen. Ich zog meine Wanderschuhe an, stellte an meiner Uhr ein Workout ein und los ging es gemeinsam mit Carsten, meinem Mann. Wir drehen eine sch\u00f6ne Runde, ganz entspannt und sind auf dem Heimweg. Meist gibt es danach eine Tasse Kaffee und ein St\u00fcck Kuchen \u2013 eines unserer geliebten Rituale. <\/p>\n\n\n\n<p>Doch dieser Nachmittag war anders. Nicht wie sonst band ich die B\u00e4nder meiner Wanderschuhe bis zur letzten \u00d6se zu, sondern nur bis zur vorletzten. Die letzte \u00d6se blieb frei und das sollte mir auf dem Heimweg zum Verh\u00e4ngnis werden. An unserem letzten Berganstieg, wir konnten unser Haus schon aus der Ferne sehen, stolperte ich \u00fcber meine eigenen F\u00fc\u00dfe und meine Schn\u00fcrsenkel verhakten sich in der letzten oberen noch freien \u00d6se. Ich stellte mir quasi selbst die Beine. Es kam, wie es kommen musste \u2013 ich st\u00fcrzte zu Boden. Carsten stand hilflos und sprachlos, was selten vorkommt, neben mir. <\/p>\n\n\n\n<p>Da lag ich nun mit meinen verknoteten Beinen und hatte gehofft, dass au\u00dfer meinem Mann mich niemand gesehen hat. Ich rappelte mich wieder auf, schaute mich um und versp\u00fcrte einen Schmerz an meinem rechten Arm und der rechten Brust, auf die ich mit voller Wucht und ungebremst mit meinen 73 Kilo Lebendgewicht gest\u00fcrzt bin. Nach einem kurzen K\u00f6rpercheck waren alle Funktionen wieder hergestellt und die Schn\u00fcrsenkel, die Ausl\u00f6ser f\u00fcr meinen Sturz, verknotet und in die Schuhe gesteckt. Bis auf eine schmerzende Hand, einen abgesch\u00fcrften Finger und vermutlich ein paar geprellten Rippen bin ich wohl ganz glimpflich davongekommen. Dachte ich zumindest und hakte es unter der Rubrik \u201eHinfallen, Aufstehen, Krone richten und weitermachen\u201c ab. <\/p>\n\n\n\n<p>Dass dieser Tag aber mein Leben noch einschneidend ver\u00e4ndern w\u00fcrde, sollte ich erst zu einem viel sp\u00e4teren Zeitpunkt erfahren.<\/p>\n\n\n\n<p><\/p>\n","protected":false},"excerpt":{"rendered":"<p class=\"text-justify\">Es war Mitte Juni 2024, Wochenende und ein perfekter Tag, um in unserem nahegelegenen Wald spazieren zu gehen. Ich zog meine Wanderschuhe [&hellip;]<\/p>\n","protected":false},"author":1,"featured_media":57,"comment_status":"closed","ping_status":"closed","sticky":false,"template":"","format":"standard","meta":{"footnotes":""},"categories":[1],"tags":[],"class_list":["post-38","post","type-post","status-publish","format-standard","has-post-thumbnail","hentry","category-allgemein"],"yoast_head":"<!-- This site is optimized with the Yoast SEO plugin v24.1 - https:\/\/yoast.com\/wordpress\/plugins\/seo\/ -->\n<title>Ein sch\u00f6ner Tag im Juni - einfach.zufrieden.sein.<\/title>\n<meta name=\"robots\" content=\"index, follow, max-snippet:-1, max-image-preview:large, max-video-preview:-1\" \/>\n<link rel=\"canonical\" href=\"https:\/\/einfachzufriedensein.de\/?p=38\" \/>\n<meta property=\"og:locale\" content=\"de_DE\" \/>\n<meta property=\"og:type\" content=\"article\" \/>\n<meta property=\"og:title\" content=\"Ein sch\u00f6ner Tag im Juni - einfach.zufrieden.sein.\" \/>\n<meta property=\"og:description\" content=\"Es war Mitte Juni 2024, Wochenende und ein perfekter Tag, um in unserem nahegelegenen Wald spazieren zu gehen. Ich zog meine Wanderschuhe [&hellip;]\" \/>\n<meta property=\"og:url\" content=\"https:\/\/einfachzufriedensein.de\/?p=38\" \/>\n<meta property=\"og:site_name\" content=\"einfach.zufrieden.sein.\" \/>\n<meta property=\"article:published_time\" content=\"2024-06-21T18:11:25+00:00\" \/>\n<meta property=\"article:modified_time\" content=\"2024-10-21T19:10:13+00:00\" \/>\n<meta property=\"og:image\" content=\"https:\/\/einfachzufriedensein.de\/wp-content\/uploads\/2024\/10\/einfach.-zufrieden.-sein-2.png\" \/>\n\t<meta property=\"og:image:width\" content=\"500\" \/>\n\t<meta property=\"og:image:height\" content=\"500\" \/>\n\t<meta property=\"og:image:type\" content=\"image\/png\" \/>\n<meta name=\"author\" content=\"sfiedler\" \/>\n<meta name=\"twitter:card\" content=\"summary_large_image\" \/>\n<meta name=\"twitter:label1\" content=\"Verfasst von\" \/>\n\t<meta name=\"twitter:data1\" content=\"sfiedler\" \/>\n\t<meta name=\"twitter:label2\" content=\"Gesch\u00e4tzte Lesezeit\" \/>\n\t<meta name=\"twitter:data2\" content=\"2\u00a0Minuten\" \/>\n<script type=\"application\/ld+json\" class=\"yoast-schema-graph\">{\"@context\":\"https:\/\/schema.org\",\"@graph\":[{\"@type\":\"Article\",\"@id\":\"https:\/\/einfachzufriedensein.de\/?p=38#article\",\"isPartOf\":{\"@id\":\"https:\/\/einfachzufriedensein.de\/?p=38\"},\"author\":{\"name\":\"sfiedler\",\"@id\":\"https:\/\/einfachzufriedensein.de\/#\/schema\/person\/1c305a44404a7ae00e2ad15fb51bb53c\"},\"headline\":\"Ein sch\u00f6ner Tag im Juni\",\"datePublished\":\"2024-06-21T18:11:25+00:00\",\"dateModified\":\"2024-10-21T19:10:13+00:00\",\"mainEntityOfPage\":{\"@id\":\"https:\/\/einfachzufriedensein.de\/?p=38\"},\"wordCount\":317,\"publisher\":{\"@id\":\"https:\/\/einfachzufriedensein.de\/#\/schema\/person\/1c305a44404a7ae00e2ad15fb51bb53c\"},\"image\":{\"@id\":\"https:\/\/einfachzufriedensein.de\/?p=38#primaryimage\"},\"thumbnailUrl\":\"https:\/\/einfachzufriedensein.de\/wp-content\/uploads\/2024\/10\/einfach.-zufrieden.-sein-2.png\",\"inLanguage\":\"de\"},{\"@type\":\"WebPage\",\"@id\":\"https:\/\/einfachzufriedensein.de\/?p=38\",\"url\":\"https:\/\/einfachzufriedensein.de\/?p=38\",\"name\":\"Ein sch\u00f6ner Tag im Juni - einfach.zufrieden.sein.\",\"isPartOf\":{\"@id\":\"https:\/\/einfachzufriedensein.de\/#website\"},\"primaryImageOfPage\":{\"@id\":\"https:\/\/einfachzufriedensein.de\/?p=38#primaryimage\"},\"image\":{\"@id\":\"https:\/\/einfachzufriedensein.de\/?p=38#primaryimage\"},\"thumbnailUrl\":\"https:\/\/einfachzufriedensein.de\/wp-content\/uploads\/2024\/10\/einfach.-zufrieden.-sein-2.png\",\"datePublished\":\"2024-06-21T18:11:25+00:00\",\"dateModified\":\"2024-10-21T19:10:13+00:00\",\"breadcrumb\":{\"@id\":\"https:\/\/einfachzufriedensein.de\/?p=38#breadcrumb\"},\"inLanguage\":\"de\",\"potentialAction\":[{\"@type\":\"ReadAction\",\"target\":[\"https:\/\/einfachzufriedensein.de\/?p=38\"]}]},{\"@type\":\"ImageObject\",\"inLanguage\":\"de\",\"@id\":\"https:\/\/einfachzufriedensein.de\/?p=38#primaryimage\",\"url\":\"https:\/\/einfachzufriedensein.de\/wp-content\/uploads\/2024\/10\/einfach.-zufrieden.-sein-2.png\",\"contentUrl\":\"https:\/\/einfachzufriedensein.de\/wp-content\/uploads\/2024\/10\/einfach.-zufrieden.-sein-2.png\",\"width\":500,\"height\":500},{\"@type\":\"BreadcrumbList\",\"@id\":\"https:\/\/einfachzufriedensein.de\/?p=38#breadcrumb\",\"itemListElement\":[{\"@type\":\"ListItem\",\"position\":1,\"name\":\"Startseite\",\"item\":\"https:\/\/einfachzufriedensein.de\/\"},{\"@type\":\"ListItem\",\"position\":2,\"name\":\"Ein sch\u00f6ner Tag im Juni\"}]},{\"@type\":\"WebSite\",\"@id\":\"https:\/\/einfachzufriedensein.de\/#website\",\"url\":\"https:\/\/einfachzufriedensein.de\/\",\"name\":\"einfach.zufrieden.sein.\",\"description\":\"Der Brustkrebs &amp; ich  - das Tagebuch einer Brustkrebspatientin\",\"publisher\":{\"@id\":\"https:\/\/einfachzufriedensein.de\/#\/schema\/person\/1c305a44404a7ae00e2ad15fb51bb53c\"},\"potentialAction\":[{\"@type\":\"SearchAction\",\"target\":{\"@type\":\"EntryPoint\",\"urlTemplate\":\"https:\/\/einfachzufriedensein.de\/?s={search_term_string}\"},\"query-input\":{\"@type\":\"PropertyValueSpecification\",\"valueRequired\":true,\"valueName\":\"search_term_string\"}}],\"inLanguage\":\"de\"},{\"@type\":[\"Person\",\"Organization\"],\"@id\":\"https:\/\/einfachzufriedensein.de\/#\/schema\/person\/1c305a44404a7ae00e2ad15fb51bb53c\",\"name\":\"sfiedler\",\"image\":{\"@type\":\"ImageObject\",\"inLanguage\":\"de\",\"@id\":\"https:\/\/einfachzufriedensein.de\/#\/schema\/person\/image\/\",\"url\":\"https:\/\/einfachzufriedensein.de\/wp-content\/uploads\/2024\/10\/IMG20240928112843-scaled.jpg\",\"contentUrl\":\"https:\/\/einfachzufriedensein.de\/wp-content\/uploads\/2024\/10\/IMG20240928112843-scaled.jpg\",\"width\":1927,\"height\":2560,\"caption\":\"sfiedler\"},\"logo\":{\"@id\":\"https:\/\/einfachzufriedensein.de\/#\/schema\/person\/image\/\"},\"sameAs\":[\"https:\/\/einfachzufriedensein.de\"],\"url\":\"https:\/\/einfachzufriedensein.de\/?author=1\"}]}<\/script>\n<!-- \/ Yoast SEO plugin. -->","yoast_head_json":{"title":"Ein sch\u00f6ner Tag im Juni - einfach.zufrieden.sein.","robots":{"index":"index","follow":"follow","max-snippet":"max-snippet:-1","max-image-preview":"max-image-preview:large","max-video-preview":"max-video-preview:-1"},"canonical":"https:\/\/einfachzufriedensein.de\/?p=38","og_locale":"de_DE","og_type":"article","og_title":"Ein sch\u00f6ner Tag im Juni - einfach.zufrieden.sein.","og_description":"Es war Mitte Juni 2024, Wochenende und ein perfekter Tag, um in unserem nahegelegenen Wald spazieren zu gehen. Ich zog meine Wanderschuhe [&hellip;]","og_url":"https:\/\/einfachzufriedensein.de\/?p=38","og_site_name":"einfach.zufrieden.sein.","article_published_time":"2024-06-21T18:11:25+00:00","article_modified_time":"2024-10-21T19:10:13+00:00","og_image":[{"width":500,"height":500,"url":"https:\/\/einfachzufriedensein.de\/wp-content\/uploads\/2024\/10\/einfach.-zufrieden.-sein-2.png","type":"image\/png"}],"author":"sfiedler","twitter_card":"summary_large_image","twitter_misc":{"Verfasst von":"sfiedler","Gesch\u00e4tzte Lesezeit":"2\u00a0Minuten"},"schema":{"@context":"https:\/\/schema.org","@graph":[{"@type":"Article","@id":"https:\/\/einfachzufriedensein.de\/?p=38#article","isPartOf":{"@id":"https:\/\/einfachzufriedensein.de\/?p=38"},"author":{"name":"sfiedler","@id":"https:\/\/einfachzufriedensein.de\/#\/schema\/person\/1c305a44404a7ae00e2ad15fb51bb53c"},"headline":"Ein sch\u00f6ner Tag im Juni","datePublished":"2024-06-21T18:11:25+00:00","dateModified":"2024-10-21T19:10:13+00:00","mainEntityOfPage":{"@id":"https:\/\/einfachzufriedensein.de\/?p=38"},"wordCount":317,"publisher":{"@id":"https:\/\/einfachzufriedensein.de\/#\/schema\/person\/1c305a44404a7ae00e2ad15fb51bb53c"},"image":{"@id":"https:\/\/einfachzufriedensein.de\/?p=38#primaryimage"},"thumbnailUrl":"https:\/\/einfachzufriedensein.de\/wp-content\/uploads\/2024\/10\/einfach.-zufrieden.-sein-2.png","inLanguage":"de"},{"@type":"WebPage","@id":"https:\/\/einfachzufriedensein.de\/?p=38","url":"https:\/\/einfachzufriedensein.de\/?p=38","name":"Ein sch\u00f6ner Tag im Juni - einfach.zufrieden.sein.","isPartOf":{"@id":"https:\/\/einfachzufriedensein.de\/#website"},"primaryImageOfPage":{"@id":"https:\/\/einfachzufriedensein.de\/?p=38#primaryimage"},"image":{"@id":"https:\/\/einfachzufriedensein.de\/?p=38#primaryimage"},"thumbnailUrl":"https:\/\/einfachzufriedensein.de\/wp-content\/uploads\/2024\/10\/einfach.-zufrieden.-sein-2.png","datePublished":"2024-06-21T18:11:25+00:00","dateModified":"2024-10-21T19:10:13+00:00","breadcrumb":{"@id":"https:\/\/einfachzufriedensein.de\/?p=38#breadcrumb"},"inLanguage":"de","potentialAction":[{"@type":"ReadAction","target":["https:\/\/einfachzufriedensein.de\/?p=38"]}]},{"@type":"ImageObject","inLanguage":"de","@id":"https:\/\/einfachzufriedensein.de\/?p=38#primaryimage","url":"https:\/\/einfachzufriedensein.de\/wp-content\/uploads\/2024\/10\/einfach.-zufrieden.-sein-2.png","contentUrl":"https:\/\/einfachzufriedensein.de\/wp-content\/uploads\/2024\/10\/einfach.-zufrieden.-sein-2.png","width":500,"height":500},{"@type":"BreadcrumbList","@id":"https:\/\/einfachzufriedensein.de\/?p=38#breadcrumb","itemListElement":[{"@type":"ListItem","position":1,"name":"Startseite","item":"https:\/\/einfachzufriedensein.de\/"},{"@type":"ListItem","position":2,"name":"Ein sch\u00f6ner Tag im Juni"}]},{"@type":"WebSite","@id":"https:\/\/einfachzufriedensein.de\/#website","url":"https:\/\/einfachzufriedensein.de\/","name":"einfach.zufrieden.sein.","description":"Der Brustkrebs &amp; ich  - das Tagebuch einer Brustkrebspatientin","publisher":{"@id":"https:\/\/einfachzufriedensein.de\/#\/schema\/person\/1c305a44404a7ae00e2ad15fb51bb53c"},"potentialAction":[{"@type":"SearchAction","target":{"@type":"EntryPoint","urlTemplate":"https:\/\/einfachzufriedensein.de\/?s={search_term_string}"},"query-input":{"@type":"PropertyValueSpecification","valueRequired":true,"valueName":"search_term_string"}}],"inLanguage":"de"},{"@type":["Person","Organization"],"@id":"https:\/\/einfachzufriedensein.de\/#\/schema\/person\/1c305a44404a7ae00e2ad15fb51bb53c","name":"sfiedler","image":{"@type":"ImageObject","inLanguage":"de","@id":"https:\/\/einfachzufriedensein.de\/#\/schema\/person\/image\/","url":"https:\/\/einfachzufriedensein.de\/wp-content\/uploads\/2024\/10\/IMG20240928112843-scaled.jpg","contentUrl":"https:\/\/einfachzufriedensein.de\/wp-content\/uploads\/2024\/10\/IMG20240928112843-scaled.jpg","width":1927,"height":2560,"caption":"sfiedler"},"logo":{"@id":"https:\/\/einfachzufriedensein.de\/#\/schema\/person\/image\/"},"sameAs":["https:\/\/einfachzufriedensein.de"],"url":"https:\/\/einfachzufriedensein.de\/?author=1"}]}},"_links":{"self":[{"href":"https:\/\/einfachzufriedensein.de\/index.php?rest_route=\/wp\/v2\/posts\/38","targetHints":{"allow":["GET"]}}],"collection":[{"href":"https:\/\/einfachzufriedensein.de\/index.php?rest_route=\/wp\/v2\/posts"}],"about":[{"href":"https:\/\/einfachzufriedensein.de\/index.php?rest_route=\/wp\/v2\/types\/post"}],"author":[{"embeddable":true,"href":"https:\/\/einfachzufriedensein.de\/index.php?rest_route=\/wp\/v2\/users\/1"}],"replies":[{"embeddable":true,"href":"https:\/\/einfachzufriedensein.de\/index.php?rest_route=%2Fwp%2Fv2%2Fcomments&post=38"}],"version-history":[{"count":1,"href":"https:\/\/einfachzufriedensein.de\/index.php?rest_route=\/wp\/v2\/posts\/38\/revisions"}],"predecessor-version":[{"id":39,"href":"https:\/\/einfachzufriedensein.de\/index.php?rest_route=\/wp\/v2\/posts\/38\/revisions\/39"}],"wp:featuredmedia":[{"embeddable":true,"href":"https:\/\/einfachzufriedensein.de\/index.php?rest_route=\/wp\/v2\/media\/57"}],"wp:attachment":[{"href":"https:\/\/einfachzufriedensein.de\/index.php?rest_route=%2Fwp%2Fv2%2Fmedia&parent=38"}],"wp:term":[{"taxonomy":"category","embeddable":true,"href":"https:\/\/einfachzufriedensein.de\/index.php?rest_route=%2Fwp%2Fv2%2Fcategories&post=38"},{"taxonomy":"post_tag","embeddable":true,"href":"https:\/\/einfachzufriedensein.de\/index.php?rest_route=%2Fwp%2Fv2%2Ftags&post=38"}],"curies":[{"name":"wp","href":"https:\/\/api.w.org\/{rel}","templated":true}]}}