{"id":376,"date":"2024-12-22T12:02:18","date_gmt":"2024-12-22T11:02:18","guid":{"rendered":"https:\/\/einfachzufriedensein.de\/?p=376"},"modified":"2024-12-25T12:02:41","modified_gmt":"2024-12-25T11:02:41","slug":"tschuess-haare","status":"publish","type":"post","link":"https:\/\/einfachzufriedensein.de\/?p=376","title":{"rendered":"Tsch\u00fc\u00df Haare&#8230;."},"content":{"rendered":"\n<p>&#8230;wir sehen uns in 2025 wieder!! Nun war es also so weit. Der Moment, vor dem ich doch etwas Bammel hatte. Zwei Tage vor Heiligabend rasieren Carsten und ich gemeinsam meinen Kopf und befreien ihn von den Haaren, die nun langsam anfangen auszufallen. Die \u00c4rztin in der Klinik hatte genau das vorausgesagt &#8211; am siebzehnten Tag nach der ersten Chemo. Ja, ich k\u00f6nnte abwarten bis sie alle von selbst ausfallen, aber ich nehme Dinge gern selbst in die Hand &#8211; wenigstens dieses Mal, ein Hauch von Selbstbestimmung. <\/p>\n\n\n\n<p>Man glaubt gar nicht, wie wichtig Haare und eine Frisur sind. Menschen bekommen dadurch eine Identit\u00e4t. Ich muss jetzt eine neue Identit\u00e4t f\u00fcr mich finden. Es ist aber auch eine M\u00f6glichkeit f\u00fcr mich in verschiedene Rollen zu springen &#8211; mit Per\u00fccke, mit M\u00fctze, auf welche Farbe habe ich heute Lust oder einfach nur ohne alles. Ich darf selbst entscheiden, je nach Gef\u00fchlszustand und meiner Verfassung. Keiner kann mir das vorschreiben. Das f\u00fchlt sich gut an, bei all dem Drama, was es bedeutet seine eigenen Haare abzurasieren.<\/p>\n\n\n\n<p>Wir sind also im Bad und bereiten alles vor, inklusive des Kamerastativs, denn ich m\u00f6chte diesen Moment festhalten. So einmalig er ist, so hoffe ich auch, dass ich ihn nie wieder erleben muss. Ich nehme auf dem Hocker Platz und Carsten beginnt mit der h\u00f6chsten Stufe des Langhaarschneiders zu rasieren. Es fallen kaum Haare, also dann doch zwei Stufen niedriger. Ich setze schlie\u00dflich selbst an und ziehe von der Stirn bis zum Hinterkopf durch. Eine Schneise des Kahlschlags zieht sich durch meine Haare. Ich habe es mir schlimmer vorgestellt, es ist irgendwie auch befreiend. Bevor alle Haare fallen, hinterl\u00e4sst Carsten noch ein Herz auf meinem Kopf &#8211; wie s\u00fc\u00df, als ich es von oben auf dem Foto betrachten kann. Ja, ich k\u00f6nnte jetzt weinen, aber das wird nichts an der Situation \u00e4ndern. Also versuche ich dem Ganzen auch etwas Positives abzuringen. <\/p>\n\n\n\n<p>Wir rasieren weiter den gesamten Kopf. Mit einem Flaum aus Haaren in zehn Millimeter L\u00e4nge stehe ich vorm Spiegel und schaue mich an. Ein ungewohntes Bild, aber nicht schockierend. Ich erkenne mich noch. Ich reguliere den Rasierer auf 2 mm &#8222;L\u00e4nge&#8220; und setze nochmals an, denn so gef\u00e4llt es mir \u00fcberhaupt nicht. Nur wird es richtig radikal bis auf die Kopfhaut und es f\u00fchlt sich gut an. Da steht es nun, mein neues ICH. Eine irre Ver\u00e4nderung, ich glaube nicht nur im Spiegel, aber das werden die n\u00e4chsten Wochen zeigen. F\u00fcr die Zeit der Chemo ist das mein neuer Look. Was danach kommt, wei\u00df ich nicht. In diversen Foren lese ich von grauem, lockigen Haarwuchs und ver\u00e4nderter Haarstruktur. Meine Gedanken jetzt daran zu verschwenden ist nicht n\u00f6tig und bringt auch nichts. <\/p>\n\n\n\n<p>F\u00fcr die Vorher &#8211; Nachher &#8211; Bilder pimpe ich mich inzwischen noch ein wenig auf. Im Schminkkurs f\u00fcr Krebspatienten habe ich einiges gelernt. Das Schminken dauert nun l\u00e4nger als die &#8222;Haarpflege&#8220;, hatte ich so auch noch nie. Mir gef\u00e4llt, was ich sehe. Mit Brille oder ohne &#8211; der Kopf hat eine sch\u00f6ne Form und die dezente Farbe im Gesicht betont es sehr gut. <\/p>\n\n\n\n<p> <img loading=\"lazy\" decoding=\"async\" width=\"350\" height=\"350\" class=\"wp-image-384\" style=\"width: 350px;\" src=\"https:\/\/einfachzufriedensein.de\/wp-content\/uploads\/2024\/12\/22.12.24-Haare-abCOLLAGE.jpg\" alt=\"\" srcset=\"https:\/\/einfachzufriedensein.de\/wp-content\/uploads\/2024\/12\/22.12.24-Haare-abCOLLAGE.jpg 2046w, https:\/\/einfachzufriedensein.de\/wp-content\/uploads\/2024\/12\/22.12.24-Haare-abCOLLAGE-300x300.jpg 300w, https:\/\/einfachzufriedensein.de\/wp-content\/uploads\/2024\/12\/22.12.24-Haare-abCOLLAGE-1024x1024.jpg 1024w, https:\/\/einfachzufriedensein.de\/wp-content\/uploads\/2024\/12\/22.12.24-Haare-abCOLLAGE-150x150.jpg 150w, https:\/\/einfachzufriedensein.de\/wp-content\/uploads\/2024\/12\/22.12.24-Haare-abCOLLAGE-768x768.jpg 768w, https:\/\/einfachzufriedensein.de\/wp-content\/uploads\/2024\/12\/22.12.24-Haare-abCOLLAGE-1536x1536.jpg 1536w\" sizes=\"auto, (max-width: 350px) 100vw, 350px\" \/> <img loading=\"lazy\" decoding=\"async\" width=\"250\" height=\"332\" class=\"wp-image-385\" style=\"width: 250px;\" src=\"https:\/\/einfachzufriedensein.de\/wp-content\/uploads\/2024\/12\/Haare-mit-Hockerklein.jpg\" alt=\"\" srcset=\"https:\/\/einfachzufriedensein.de\/wp-content\/uploads\/2024\/12\/Haare-mit-Hockerklein.jpg 979w, https:\/\/einfachzufriedensein.de\/wp-content\/uploads\/2024\/12\/Haare-mit-Hockerklein-226x300.jpg 226w, https:\/\/einfachzufriedensein.de\/wp-content\/uploads\/2024\/12\/Haare-mit-Hockerklein-771x1024.jpg 771w, https:\/\/einfachzufriedensein.de\/wp-content\/uploads\/2024\/12\/Haare-mit-Hockerklein-768x1020.jpg 768w\" sizes=\"auto, (max-width: 250px) 100vw, 250px\" \/><\/p>\n","protected":false},"excerpt":{"rendered":"<p class=\"text-justify\">&#8230;wir sehen uns in 2025 wieder!! Nun war es also so weit. Der Moment, vor dem ich doch etwas Bammel hatte. Zwei [&hellip;]<\/p>\n","protected":false},"author":1,"featured_media":57,"comment_status":"closed","ping_status":"open","sticky":false,"template":"","format":"standard","meta":{"footnotes":""},"categories":[1],"tags":[2,11,40,16,18],"class_list":["post-376","post","type-post","status-publish","format-standard","has-post-thumbnail","hentry","category-allgemein","tag-brustkrebs","tag-chemotherapie","tag-haare","tag-mentale-staerke","tag-nebenwirkungen"],"yoast_head":"<!-- This site is optimized with the Yoast SEO plugin v24.1 - https:\/\/yoast.com\/wordpress\/plugins\/seo\/ -->\n<title>Tsch\u00fc\u00df Haare.... - einfach.zufrieden.sein.<\/title>\n<meta name=\"description\" content=\"Es sind nur Haare, aber der Moment, in dem man selbst seine Haare rasiert wegen der Krankheit ist seltsam, aber auch befreiend.\" \/>\n<meta name=\"robots\" content=\"index, follow, max-snippet:-1, max-image-preview:large, max-video-preview:-1\" \/>\n<link rel=\"canonical\" href=\"https:\/\/einfachzufriedensein.de\/?p=376\" \/>\n<meta property=\"og:locale\" content=\"de_DE\" \/>\n<meta property=\"og:type\" content=\"article\" \/>\n<meta property=\"og:title\" content=\"Tsch\u00fc\u00df Haare.... - einfach.zufrieden.sein.\" \/>\n<meta property=\"og:description\" content=\"Es sind nur Haare, aber der Moment, in dem man selbst seine Haare rasiert wegen der Krankheit ist seltsam, aber auch befreiend.\" \/>\n<meta property=\"og:url\" content=\"https:\/\/einfachzufriedensein.de\/?p=376\" \/>\n<meta property=\"og:site_name\" content=\"einfach.zufrieden.sein.\" \/>\n<meta property=\"article:published_time\" content=\"2024-12-22T11:02:18+00:00\" \/>\n<meta property=\"article:modified_time\" content=\"2024-12-25T11:02:41+00:00\" \/>\n<meta property=\"og:image\" content=\"https:\/\/einfachzufriedensein.de\/wp-content\/uploads\/2024\/10\/einfach.-zufrieden.-sein-2.png\" \/>\n\t<meta property=\"og:image:width\" content=\"500\" \/>\n\t<meta property=\"og:image:height\" content=\"500\" \/>\n\t<meta property=\"og:image:type\" content=\"image\/png\" \/>\n<meta name=\"author\" content=\"sfiedler\" \/>\n<meta name=\"twitter:card\" content=\"summary_large_image\" \/>\n<meta name=\"twitter:label1\" content=\"Verfasst von\" \/>\n\t<meta name=\"twitter:data1\" content=\"sfiedler\" \/>\n\t<meta name=\"twitter:label2\" content=\"Gesch\u00e4tzte Lesezeit\" \/>\n\t<meta name=\"twitter:data2\" content=\"4\u00a0Minuten\" \/>\n<script type=\"application\/ld+json\" class=\"yoast-schema-graph\">{\"@context\":\"https:\/\/schema.org\",\"@graph\":[{\"@type\":\"Article\",\"@id\":\"https:\/\/einfachzufriedensein.de\/?p=376#article\",\"isPartOf\":{\"@id\":\"https:\/\/einfachzufriedensein.de\/?p=376\"},\"author\":{\"name\":\"sfiedler\",\"@id\":\"https:\/\/einfachzufriedensein.de\/#\/schema\/person\/1c305a44404a7ae00e2ad15fb51bb53c\"},\"headline\":\"Tsch\u00fc\u00df Haare&#8230;.\",\"datePublished\":\"2024-12-22T11:02:18+00:00\",\"dateModified\":\"2024-12-25T11:02:41+00:00\",\"mainEntityOfPage\":{\"@id\":\"https:\/\/einfachzufriedensein.de\/?p=376\"},\"wordCount\":537,\"publisher\":{\"@id\":\"https:\/\/einfachzufriedensein.de\/#\/schema\/person\/1c305a44404a7ae00e2ad15fb51bb53c\"},\"image\":{\"@id\":\"https:\/\/einfachzufriedensein.de\/?p=376#primaryimage\"},\"thumbnailUrl\":\"https:\/\/einfachzufriedensein.de\/wp-content\/uploads\/2024\/10\/einfach.-zufrieden.-sein-2.png\",\"keywords\":[\"Brustkrebs\",\"Chemotherapie\",\"Haare\",\"mentale St\u00e4rke\",\"Nebenwirkungen\"],\"inLanguage\":\"de\"},{\"@type\":\"WebPage\",\"@id\":\"https:\/\/einfachzufriedensein.de\/?p=376\",\"url\":\"https:\/\/einfachzufriedensein.de\/?p=376\",\"name\":\"Tsch\u00fc\u00df Haare.... - einfach.zufrieden.sein.\",\"isPartOf\":{\"@id\":\"https:\/\/einfachzufriedensein.de\/#website\"},\"primaryImageOfPage\":{\"@id\":\"https:\/\/einfachzufriedensein.de\/?p=376#primaryimage\"},\"image\":{\"@id\":\"https:\/\/einfachzufriedensein.de\/?p=376#primaryimage\"},\"thumbnailUrl\":\"https:\/\/einfachzufriedensein.de\/wp-content\/uploads\/2024\/10\/einfach.-zufrieden.-sein-2.png\",\"datePublished\":\"2024-12-22T11:02:18+00:00\",\"dateModified\":\"2024-12-25T11:02:41+00:00\",\"description\":\"Es sind nur Haare, aber der Moment, in dem man selbst seine Haare rasiert wegen der Krankheit ist seltsam, aber auch befreiend.\",\"breadcrumb\":{\"@id\":\"https:\/\/einfachzufriedensein.de\/?p=376#breadcrumb\"},\"inLanguage\":\"de\",\"potentialAction\":[{\"@type\":\"ReadAction\",\"target\":[\"https:\/\/einfachzufriedensein.de\/?p=376\"]}]},{\"@type\":\"ImageObject\",\"inLanguage\":\"de\",\"@id\":\"https:\/\/einfachzufriedensein.de\/?p=376#primaryimage\",\"url\":\"https:\/\/einfachzufriedensein.de\/wp-content\/uploads\/2024\/10\/einfach.-zufrieden.-sein-2.png\",\"contentUrl\":\"https:\/\/einfachzufriedensein.de\/wp-content\/uploads\/2024\/10\/einfach.-zufrieden.-sein-2.png\",\"width\":500,\"height\":500},{\"@type\":\"BreadcrumbList\",\"@id\":\"https:\/\/einfachzufriedensein.de\/?p=376#breadcrumb\",\"itemListElement\":[{\"@type\":\"ListItem\",\"position\":1,\"name\":\"Startseite\",\"item\":\"https:\/\/einfachzufriedensein.de\/\"},{\"@type\":\"ListItem\",\"position\":2,\"name\":\"Tsch\u00fc\u00df Haare&#8230;.\"}]},{\"@type\":\"WebSite\",\"@id\":\"https:\/\/einfachzufriedensein.de\/#website\",\"url\":\"https:\/\/einfachzufriedensein.de\/\",\"name\":\"einfach.zufrieden.sein.\",\"description\":\"Der Brustkrebs &amp; ich  - das Tagebuch einer Brustkrebspatientin\",\"publisher\":{\"@id\":\"https:\/\/einfachzufriedensein.de\/#\/schema\/person\/1c305a44404a7ae00e2ad15fb51bb53c\"},\"potentialAction\":[{\"@type\":\"SearchAction\",\"target\":{\"@type\":\"EntryPoint\",\"urlTemplate\":\"https:\/\/einfachzufriedensein.de\/?s={search_term_string}\"},\"query-input\":{\"@type\":\"PropertyValueSpecification\",\"valueRequired\":true,\"valueName\":\"search_term_string\"}}],\"inLanguage\":\"de\"},{\"@type\":[\"Person\",\"Organization\"],\"@id\":\"https:\/\/einfachzufriedensein.de\/#\/schema\/person\/1c305a44404a7ae00e2ad15fb51bb53c\",\"name\":\"sfiedler\",\"image\":{\"@type\":\"ImageObject\",\"inLanguage\":\"de\",\"@id\":\"https:\/\/einfachzufriedensein.de\/#\/schema\/person\/image\/\",\"url\":\"https:\/\/einfachzufriedensein.de\/wp-content\/uploads\/2024\/10\/IMG20240928112843-scaled.jpg\",\"contentUrl\":\"https:\/\/einfachzufriedensein.de\/wp-content\/uploads\/2024\/10\/IMG20240928112843-scaled.jpg\",\"width\":1927,\"height\":2560,\"caption\":\"sfiedler\"},\"logo\":{\"@id\":\"https:\/\/einfachzufriedensein.de\/#\/schema\/person\/image\/\"},\"sameAs\":[\"https:\/\/einfachzufriedensein.de\"],\"url\":\"https:\/\/einfachzufriedensein.de\/?author=1\"}]}<\/script>\n<!-- \/ Yoast SEO plugin. -->","yoast_head_json":{"title":"Tsch\u00fc\u00df Haare.... - einfach.zufrieden.sein.","description":"Es sind nur Haare, aber der Moment, in dem man selbst seine Haare rasiert wegen der Krankheit ist seltsam, aber auch befreiend.","robots":{"index":"index","follow":"follow","max-snippet":"max-snippet:-1","max-image-preview":"max-image-preview:large","max-video-preview":"max-video-preview:-1"},"canonical":"https:\/\/einfachzufriedensein.de\/?p=376","og_locale":"de_DE","og_type":"article","og_title":"Tsch\u00fc\u00df Haare.... - einfach.zufrieden.sein.","og_description":"Es sind nur Haare, aber der Moment, in dem man selbst seine Haare rasiert wegen der Krankheit ist seltsam, aber auch befreiend.","og_url":"https:\/\/einfachzufriedensein.de\/?p=376","og_site_name":"einfach.zufrieden.sein.","article_published_time":"2024-12-22T11:02:18+00:00","article_modified_time":"2024-12-25T11:02:41+00:00","og_image":[{"width":500,"height":500,"url":"https:\/\/einfachzufriedensein.de\/wp-content\/uploads\/2024\/10\/einfach.-zufrieden.-sein-2.png","type":"image\/png"}],"author":"sfiedler","twitter_card":"summary_large_image","twitter_misc":{"Verfasst von":"sfiedler","Gesch\u00e4tzte Lesezeit":"4\u00a0Minuten"},"schema":{"@context":"https:\/\/schema.org","@graph":[{"@type":"Article","@id":"https:\/\/einfachzufriedensein.de\/?p=376#article","isPartOf":{"@id":"https:\/\/einfachzufriedensein.de\/?p=376"},"author":{"name":"sfiedler","@id":"https:\/\/einfachzufriedensein.de\/#\/schema\/person\/1c305a44404a7ae00e2ad15fb51bb53c"},"headline":"Tsch\u00fc\u00df Haare&#8230;.","datePublished":"2024-12-22T11:02:18+00:00","dateModified":"2024-12-25T11:02:41+00:00","mainEntityOfPage":{"@id":"https:\/\/einfachzufriedensein.de\/?p=376"},"wordCount":537,"publisher":{"@id":"https:\/\/einfachzufriedensein.de\/#\/schema\/person\/1c305a44404a7ae00e2ad15fb51bb53c"},"image":{"@id":"https:\/\/einfachzufriedensein.de\/?p=376#primaryimage"},"thumbnailUrl":"https:\/\/einfachzufriedensein.de\/wp-content\/uploads\/2024\/10\/einfach.-zufrieden.-sein-2.png","keywords":["Brustkrebs","Chemotherapie","Haare","mentale St\u00e4rke","Nebenwirkungen"],"inLanguage":"de"},{"@type":"WebPage","@id":"https:\/\/einfachzufriedensein.de\/?p=376","url":"https:\/\/einfachzufriedensein.de\/?p=376","name":"Tsch\u00fc\u00df Haare.... - einfach.zufrieden.sein.","isPartOf":{"@id":"https:\/\/einfachzufriedensein.de\/#website"},"primaryImageOfPage":{"@id":"https:\/\/einfachzufriedensein.de\/?p=376#primaryimage"},"image":{"@id":"https:\/\/einfachzufriedensein.de\/?p=376#primaryimage"},"thumbnailUrl":"https:\/\/einfachzufriedensein.de\/wp-content\/uploads\/2024\/10\/einfach.-zufrieden.-sein-2.png","datePublished":"2024-12-22T11:02:18+00:00","dateModified":"2024-12-25T11:02:41+00:00","description":"Es sind nur Haare, aber der Moment, in dem man selbst seine Haare rasiert wegen der Krankheit ist seltsam, aber auch befreiend.","breadcrumb":{"@id":"https:\/\/einfachzufriedensein.de\/?p=376#breadcrumb"},"inLanguage":"de","potentialAction":[{"@type":"ReadAction","target":["https:\/\/einfachzufriedensein.de\/?p=376"]}]},{"@type":"ImageObject","inLanguage":"de","@id":"https:\/\/einfachzufriedensein.de\/?p=376#primaryimage","url":"https:\/\/einfachzufriedensein.de\/wp-content\/uploads\/2024\/10\/einfach.-zufrieden.-sein-2.png","contentUrl":"https:\/\/einfachzufriedensein.de\/wp-content\/uploads\/2024\/10\/einfach.-zufrieden.-sein-2.png","width":500,"height":500},{"@type":"BreadcrumbList","@id":"https:\/\/einfachzufriedensein.de\/?p=376#breadcrumb","itemListElement":[{"@type":"ListItem","position":1,"name":"Startseite","item":"https:\/\/einfachzufriedensein.de\/"},{"@type":"ListItem","position":2,"name":"Tsch\u00fc\u00df Haare&#8230;."}]},{"@type":"WebSite","@id":"https:\/\/einfachzufriedensein.de\/#website","url":"https:\/\/einfachzufriedensein.de\/","name":"einfach.zufrieden.sein.","description":"Der Brustkrebs &amp; ich  - das Tagebuch einer Brustkrebspatientin","publisher":{"@id":"https:\/\/einfachzufriedensein.de\/#\/schema\/person\/1c305a44404a7ae00e2ad15fb51bb53c"},"potentialAction":[{"@type":"SearchAction","target":{"@type":"EntryPoint","urlTemplate":"https:\/\/einfachzufriedensein.de\/?s={search_term_string}"},"query-input":{"@type":"PropertyValueSpecification","valueRequired":true,"valueName":"search_term_string"}}],"inLanguage":"de"},{"@type":["Person","Organization"],"@id":"https:\/\/einfachzufriedensein.de\/#\/schema\/person\/1c305a44404a7ae00e2ad15fb51bb53c","name":"sfiedler","image":{"@type":"ImageObject","inLanguage":"de","@id":"https:\/\/einfachzufriedensein.de\/#\/schema\/person\/image\/","url":"https:\/\/einfachzufriedensein.de\/wp-content\/uploads\/2024\/10\/IMG20240928112843-scaled.jpg","contentUrl":"https:\/\/einfachzufriedensein.de\/wp-content\/uploads\/2024\/10\/IMG20240928112843-scaled.jpg","width":1927,"height":2560,"caption":"sfiedler"},"logo":{"@id":"https:\/\/einfachzufriedensein.de\/#\/schema\/person\/image\/"},"sameAs":["https:\/\/einfachzufriedensein.de"],"url":"https:\/\/einfachzufriedensein.de\/?author=1"}]}},"_links":{"self":[{"href":"https:\/\/einfachzufriedensein.de\/index.php?rest_route=\/wp\/v2\/posts\/376","targetHints":{"allow":["GET"]}}],"collection":[{"href":"https:\/\/einfachzufriedensein.de\/index.php?rest_route=\/wp\/v2\/posts"}],"about":[{"href":"https:\/\/einfachzufriedensein.de\/index.php?rest_route=\/wp\/v2\/types\/post"}],"author":[{"embeddable":true,"href":"https:\/\/einfachzufriedensein.de\/index.php?rest_route=\/wp\/v2\/users\/1"}],"replies":[{"embeddable":true,"href":"https:\/\/einfachzufriedensein.de\/index.php?rest_route=%2Fwp%2Fv2%2Fcomments&post=376"}],"version-history":[{"count":4,"href":"https:\/\/einfachzufriedensein.de\/index.php?rest_route=\/wp\/v2\/posts\/376\/revisions"}],"predecessor-version":[{"id":386,"href":"https:\/\/einfachzufriedensein.de\/index.php?rest_route=\/wp\/v2\/posts\/376\/revisions\/386"}],"wp:featuredmedia":[{"embeddable":true,"href":"https:\/\/einfachzufriedensein.de\/index.php?rest_route=\/wp\/v2\/media\/57"}],"wp:attachment":[{"href":"https:\/\/einfachzufriedensein.de\/index.php?rest_route=%2Fwp%2Fv2%2Fmedia&parent=376"}],"wp:term":[{"taxonomy":"category","embeddable":true,"href":"https:\/\/einfachzufriedensein.de\/index.php?rest_route=%2Fwp%2Fv2%2Fcategories&post=376"},{"taxonomy":"post_tag","embeddable":true,"href":"https:\/\/einfachzufriedensein.de\/index.php?rest_route=%2Fwp%2Fv2%2Ftags&post=376"}],"curies":[{"name":"wp","href":"https:\/\/api.w.org\/{rel}","templated":true}]}}