{"id":334,"date":"2024-12-19T20:45:54","date_gmt":"2024-12-19T19:45:54","guid":{"rendered":"https:\/\/einfachzufriedensein.de\/?p=334"},"modified":"2024-12-20T08:31:28","modified_gmt":"2024-12-20T07:31:28","slug":"start-in-den-zweiten-chemozyklus","status":"publish","type":"post","link":"https:\/\/einfachzufriedensein.de\/?p=334","title":{"rendered":"Start in den zweiten Chemozyklus"},"content":{"rendered":"\n<p>Heute war wieder Chemotag und somit der Startschuss in den zweiten Zyklus. R\u00fcckblickend auf den ersten Zyklus kann ich sagen, dass es mir sehr gut gegangen ist. Ich habe die Chemo gut vertragen. Tag 4 und Tag 5 waren von extremer k\u00f6rperlicher Schw\u00e4che gepr\u00e4gt und haben mich auf die Couch verbannt. Dennoch habe ich alle drei Tage mein Yoga-Pilates-Programm durchgezogen, mal weniger und mal mehr intensiv, je nach Verfassung. T\u00e4gliche kleine, aber auch gr\u00f6\u00dfere Spazierg\u00e4nge waren ebenfalls dabei, denn Bewegung an der frischen Luft soll zur verbesserten Wirkung der Chemotherapie und des Allgemeinbefindens beitragen. Ich konnte alles essen, worauf ich Lust hatte, die Appetitlosigkeit war nur an den beiden Schw\u00e4chetagen vorhanden. Bei Zitrusfr\u00fcchten soll man etwas vorsichtiger sein, also keine Mandarinen und Apfelsinen im \u00dcberma\u00df. Jeden Tag nehme ich eine stark verd\u00fcnnte Ingwer-Zitronen-Honig-Mischung zu mir und ein Nahrungserg\u00e4nzungsmittel von Orthomol mit allen wichtigen Vitaminen zur zus\u00e4tzlichen Unterst\u00fctzung meines durch die Chemo gepl\u00e4tteten Immunsystems.<\/p>\n\n\n\n<p>Vormittags sitze ich so oft es geht an meinem Schreibtisch und erledige ein paar Dinge f\u00fcr unsere Firma wie Rechnungen, Buchhaltung, Steuern usw. Das Leben da drau\u00dfen geht ja weiter auch mit meiner Krankheit. Meine freiberufliche T\u00e4tigkeit als Vereinsberaterin habe ich vorerst auf Eis gelegt, bis ich mich wieder k\u00f6rperlich und geistig fit genug daf\u00fcr f\u00fchle und wieder Herr \u00fcber meinen Kalender sein kann. Einmal pro Woche bin ich noch in meinem Ehrenamt als startsocial Coach t\u00e4tig und berate mit meinem Co-Coach, dem lieben Burkhard, im aktuellen Stipendium eine gemeinn\u00fctzige Initiative. Das lenkt mich ab und gibt mir neuen, nicht krankheitsbezogenen Input. Es ist alles online und l\u00e4sst sich gut in meinen Tagesablauf einbauen. Es h\u00e4lt meine grauen Zellen fit und ich halte den Kontakt zur Au\u00dfenwelt.<\/p>\n\n\n\n<p>Zu meinen t\u00e4glichen Ritualen z\u00e4hlt neuerdings auch das \u00d6lziehen nach dem Aufstehen. Es soll Entz\u00fcndungen der Mundschleimhaut vorbeugen, die aufgrund der Chemo sehr empfindlich ist. Kann ja nicht schaden. Beim ersten Blick in den Spiegel erfolgt ein kurzer Bodycheck &#8211; was tut weh, was tut nicht weh, wie geht\u00b4s mir und meinem Kreislauf. Wenn mein fremdbestimmter Kalender keine Termine vorgibt, erfolgt eine grobe Tagesplanung, da ich immer in meinen K\u00f6rper hineinh\u00f6re. Sobald er mir eine Grenze aufzeigt, nehme ich diese auch wahr und gebe dem damit verbundenen Gef\u00fchl nach. Fr\u00fcher teilweise unvorstellbar, aber das hat mich die Krankheit bereits jetzt gelehrt &#8211; besser auf meinen K\u00f6rper und seine Signale achten. Tut wirklich gut, probiert\u00b4s mal aus. Wir haben nur das eine Leben und was kann wichtiger sein, als auf seine Gesundheit und sein Wohlbefinden zu achten. Oder habt ihr schon einmal auf einem Grabstein gelesen, sie war stets fleissig? Oder dass man eine besondere Anerkennung erh\u00e4lt, wenn man ein Workaholic war? Am Ende eines Lebens z\u00e4hlt, was man in den Menschen, die einem im Leben begegnet sind, hinterlassen hat und dass man sein eigenes Leben auch gelebt hat. Der Autor John Strelecky hat in einem seiner B\u00fccher das Leben als ein Museum beschrieben und jeder Mensch hat sein eigenes Museum. Jeder entscheidet selbst, wie die R\u00e4ume darin gestaltet werden und welche R\u00e4ume man selbst noch hinzuf\u00fcgen m\u00f6chte. Dieses Bild vom eigenen Leben gef\u00e4llt mir gut. Und ich denke auch der Raum, in dem ich mich jetzt mit meiner Krankheit befinde, hat einen Sinn und auch einen Ausgang zu einem neuen Raum, einem Leben nach dem Krebs.<\/p>\n\n\n\n<p>Mit diesem Wissen und neuen Erkenntnissen \u00fcber mich und meinen K\u00f6rper starte ich nun also in den zweiten Chemozyklus. Ich bin hoffnungsvoll ob der geringen Nebenwirkungen vom ersten Zyklus. Der Aufenthalt in der Klinik heute verlief gut, die Chemo lief ohne besondere Vorkommnisse in meine Blutbahnen. Es war viel los in der onkologischen Ambulanz, die Schwestern hatten wieder alle H\u00e4nde voll zu tun. Kein leichter Job. Dem Klinikpersonal habe ich noch ein kleines Weihnachtsgeschenk in Form von hochwertigen Fruchts\u00e4ften mitgebracht, sie sind immer alle so nett und freundlich &#8211; mittlerweile auch Schwester Elfriede. Auf dem  Flur begr\u00fc\u00dfte mich aus der Ferne schon die Ober\u00e4rztin und sprach mich beim N\u00e4herkommen mit meinem Namen an. Unglaublich, ich war nur wenige Male bei ihr und sie hat so viele Patienten. Solche kleinen Aufmerksamkeiten geben mir das gute Gef\u00fchl, hier in den richtigen H\u00e4nden zu sein. <\/p>\n\n\n\n<p>Einen kleinen Pulstreiber hatte ich heute allerdings schon fr\u00fch am Morgen. An den Tagen der Chemotherapie werde ich von einem Taxi in die Klinik gefahren. Die Termine hatte ich bei meiner letzten Fahrt alle mitgeteilt und die Best\u00e4tigung vom Chef pers\u00f6nlich erhalten. Da stehe ich also nun um 7.30 Uhr mit meiner gepackten Hoffnungstasche mit Buch, Brille und Broten von Carsten und warte auf das Taxi &#8211; aber es kommt nicht. Carsten, noch in seinem lockeren Morgenoutfit, springt schonmal ins Bad f\u00fcr den Fall, dass er mich fahren muss, wenn kein Taxi kommt. Der Supergau und mein Puls steigt langsam an. Nach f\u00fcnf Minuten rufe ich J\u00f6rg, den Fahrer vom letzten Mal an und er meint, er f\u00e4hrt mich heute nicht. N\u00e4chste Eskalationsstufe &#8211; ich rufe den Chef vom Taxiunternehmen an und frage, ob man mich vergessen hat. Mit ruhiger Stimme meint dieser, dass Pippi gleich bei mir sei, da sie gerade aus Limburg von einer Fahrt kommt. OK &#8211; dann warte ich mal auf Pippi, wer auch immer da kommen mag, Hauptsache ich komme p\u00fcnktlich in der Klinik an. Um 7.40 Uhr ist Pippi endlich da, die von ihren Eltern den Namen Regina bekommen hat, sich mir aber als Pippi vorstellt, weil sie alle so nennen. Wir sind schnell beim DU, reden locker \u00fcber alles M\u00f6gliche und haben das Camperleben als gemeinsames Thema f\u00fcr uns entdeckt. Das Navi sagt wenig Stau voraus, wahrscheinlich sind schon viele in den Weihnachtsferien, und die Ankunftszeit steht bei 8.38 Uhr. Passt so weit und ich entspanne mich langsam wieder. Die Fahrt ist aufgrund der gemeinsamen Gespr\u00e4chsthemen sehr kurzweilig und angenehm und wir stehen um 8.33 Uhr vor dem Haupteingang der Klinik. Diese Episode erz\u00e4hle ich Sabine, der Chemo-Schwester und erkl\u00e4re meine versp\u00e4tete Ankunft. Ganz gelassen, ruhig und mit einem L\u00e4cheln im Gesicht erkl\u00e4rt sie mir, dass sie erst ab 9.30 Uhr damit beginnen uns anzurufen und nachzufragen, wo wir denn bleiben. <\/p>\n\n\n\n<p>Also n\u00e4chstes Learning f\u00fcr mich &#8211; es gibt eine Ankommenszeit mit Toleranz wie im Kindergarten. Irgendwie f\u00fchle ich mich auch gerade so &#8211; wie ein Kindergartenkind, das noch viel lernen muss, um irgendwann zu den Gro\u00dfen auf dem Pausenhof z\u00e4hlen zu d\u00fcrfen und die zehnte Klasse erfolgreich abzuschlie\u00dfen. Viele Learnings liegen bei dieser Reise also noch vor mir. <\/p>\n\n\n\n<p><img loading=\"lazy\" decoding=\"async\" width=\"300\" height=\"300\" class=\"wp-image-347\" style=\"width: 300px;\" src=\"https:\/\/einfachzufriedensein.de\/wp-content\/uploads\/2024\/12\/2024-12-19COLLAGE.jpg\" alt=\"\" srcset=\"https:\/\/einfachzufriedensein.de\/wp-content\/uploads\/2024\/12\/2024-12-19COLLAGE.jpg 2047w, https:\/\/einfachzufriedensein.de\/wp-content\/uploads\/2024\/12\/2024-12-19COLLAGE-300x300.jpg 300w, https:\/\/einfachzufriedensein.de\/wp-content\/uploads\/2024\/12\/2024-12-19COLLAGE-1024x1024.jpg 1024w, https:\/\/einfachzufriedensein.de\/wp-content\/uploads\/2024\/12\/2024-12-19COLLAGE-150x150.jpg 150w, https:\/\/einfachzufriedensein.de\/wp-content\/uploads\/2024\/12\/2024-12-19COLLAGE-768x768.jpg 768w, https:\/\/einfachzufriedensein.de\/wp-content\/uploads\/2024\/12\/2024-12-19COLLAGE-1536x1536.jpg 1536w\" sizes=\"auto, (max-width: 300px) 100vw, 300px\" \/><img loading=\"lazy\" decoding=\"async\" width=\"220\" height=\"292\" class=\"wp-image-350\" style=\"width: 220px;\" src=\"https:\/\/einfachzufriedensein.de\/wp-content\/uploads\/2024\/12\/IMG20241218195933klein.jpg\" alt=\"\" srcset=\"https:\/\/einfachzufriedensein.de\/wp-content\/uploads\/2024\/12\/IMG20241218195933klein.jpg 979w, https:\/\/einfachzufriedensein.de\/wp-content\/uploads\/2024\/12\/IMG20241218195933klein-226x300.jpg 226w, https:\/\/einfachzufriedensein.de\/wp-content\/uploads\/2024\/12\/IMG20241218195933klein-771x1024.jpg 771w, https:\/\/einfachzufriedensein.de\/wp-content\/uploads\/2024\/12\/IMG20241218195933klein-768x1020.jpg 768w\" sizes=\"auto, (max-width: 220px) 100vw, 220px\" \/><\/p>\n","protected":false},"excerpt":{"rendered":"<p class=\"text-justify\">Heute war wieder Chemotag und somit der Startschuss in den zweiten Zyklus. R\u00fcckblickend auf den ersten Zyklus kann ich sagen, dass es [&hellip;]<\/p>\n","protected":false},"author":1,"featured_media":57,"comment_status":"closed","ping_status":"open","sticky":false,"template":"","format":"standard","meta":{"footnotes":""},"categories":[1],"tags":[2,11,31,18],"class_list":["post-334","post","type-post","status-publish","format-standard","has-post-thumbnail","hentry","category-allgemein","tag-brustkrebs","tag-chemotherapie","tag-chemozyklus","tag-nebenwirkungen"],"yoast_head":"<!-- This site is optimized with the Yoast SEO plugin v24.1 - https:\/\/yoast.com\/wordpress\/plugins\/seo\/ -->\n<title>Start in den zweiten Chemozyklus - einfach.zufrieden.sein.<\/title>\n<meta name=\"robots\" content=\"index, follow, max-snippet:-1, max-image-preview:large, max-video-preview:-1\" \/>\n<link rel=\"canonical\" href=\"https:\/\/einfachzufriedensein.de\/?p=334\" \/>\n<meta property=\"og:locale\" content=\"de_DE\" \/>\n<meta property=\"og:type\" content=\"article\" \/>\n<meta property=\"og:title\" content=\"Start in den zweiten Chemozyklus - einfach.zufrieden.sein.\" \/>\n<meta property=\"og:description\" content=\"Heute war wieder Chemotag und somit der Startschuss in den zweiten Zyklus. R\u00fcckblickend auf den ersten Zyklus kann ich sagen, dass es [&hellip;]\" \/>\n<meta property=\"og:url\" content=\"https:\/\/einfachzufriedensein.de\/?p=334\" \/>\n<meta property=\"og:site_name\" content=\"einfach.zufrieden.sein.\" \/>\n<meta property=\"article:published_time\" content=\"2024-12-19T19:45:54+00:00\" \/>\n<meta property=\"article:modified_time\" content=\"2024-12-20T07:31:28+00:00\" \/>\n<meta property=\"og:image\" content=\"https:\/\/einfachzufriedensein.de\/wp-content\/uploads\/2024\/10\/einfach.-zufrieden.-sein-2.png\" \/>\n\t<meta property=\"og:image:width\" content=\"500\" \/>\n\t<meta property=\"og:image:height\" content=\"500\" \/>\n\t<meta property=\"og:image:type\" content=\"image\/png\" \/>\n<meta name=\"author\" content=\"sfiedler\" \/>\n<meta name=\"twitter:card\" content=\"summary_large_image\" \/>\n<meta name=\"twitter:label1\" content=\"Verfasst von\" \/>\n\t<meta name=\"twitter:data1\" content=\"sfiedler\" \/>\n\t<meta name=\"twitter:label2\" content=\"Gesch\u00e4tzte Lesezeit\" \/>\n\t<meta name=\"twitter:data2\" content=\"7\u00a0Minuten\" \/>\n<script type=\"application\/ld+json\" class=\"yoast-schema-graph\">{\"@context\":\"https:\/\/schema.org\",\"@graph\":[{\"@type\":\"Article\",\"@id\":\"https:\/\/einfachzufriedensein.de\/?p=334#article\",\"isPartOf\":{\"@id\":\"https:\/\/einfachzufriedensein.de\/?p=334\"},\"author\":{\"name\":\"sfiedler\",\"@id\":\"https:\/\/einfachzufriedensein.de\/#\/schema\/person\/1c305a44404a7ae00e2ad15fb51bb53c\"},\"headline\":\"Start in den zweiten Chemozyklus\",\"datePublished\":\"2024-12-19T19:45:54+00:00\",\"dateModified\":\"2024-12-20T07:31:28+00:00\",\"mainEntityOfPage\":{\"@id\":\"https:\/\/einfachzufriedensein.de\/?p=334\"},\"wordCount\":1137,\"publisher\":{\"@id\":\"https:\/\/einfachzufriedensein.de\/#\/schema\/person\/1c305a44404a7ae00e2ad15fb51bb53c\"},\"image\":{\"@id\":\"https:\/\/einfachzufriedensein.de\/?p=334#primaryimage\"},\"thumbnailUrl\":\"https:\/\/einfachzufriedensein.de\/wp-content\/uploads\/2024\/10\/einfach.-zufrieden.-sein-2.png\",\"keywords\":[\"Brustkrebs\",\"Chemotherapie\",\"Chemozyklus\",\"Nebenwirkungen\"],\"inLanguage\":\"de\"},{\"@type\":\"WebPage\",\"@id\":\"https:\/\/einfachzufriedensein.de\/?p=334\",\"url\":\"https:\/\/einfachzufriedensein.de\/?p=334\",\"name\":\"Start in den zweiten Chemozyklus - einfach.zufrieden.sein.\",\"isPartOf\":{\"@id\":\"https:\/\/einfachzufriedensein.de\/#website\"},\"primaryImageOfPage\":{\"@id\":\"https:\/\/einfachzufriedensein.de\/?p=334#primaryimage\"},\"image\":{\"@id\":\"https:\/\/einfachzufriedensein.de\/?p=334#primaryimage\"},\"thumbnailUrl\":\"https:\/\/einfachzufriedensein.de\/wp-content\/uploads\/2024\/10\/einfach.-zufrieden.-sein-2.png\",\"datePublished\":\"2024-12-19T19:45:54+00:00\",\"dateModified\":\"2024-12-20T07:31:28+00:00\",\"breadcrumb\":{\"@id\":\"https:\/\/einfachzufriedensein.de\/?p=334#breadcrumb\"},\"inLanguage\":\"de\",\"potentialAction\":[{\"@type\":\"ReadAction\",\"target\":[\"https:\/\/einfachzufriedensein.de\/?p=334\"]}]},{\"@type\":\"ImageObject\",\"inLanguage\":\"de\",\"@id\":\"https:\/\/einfachzufriedensein.de\/?p=334#primaryimage\",\"url\":\"https:\/\/einfachzufriedensein.de\/wp-content\/uploads\/2024\/10\/einfach.-zufrieden.-sein-2.png\",\"contentUrl\":\"https:\/\/einfachzufriedensein.de\/wp-content\/uploads\/2024\/10\/einfach.-zufrieden.-sein-2.png\",\"width\":500,\"height\":500},{\"@type\":\"BreadcrumbList\",\"@id\":\"https:\/\/einfachzufriedensein.de\/?p=334#breadcrumb\",\"itemListElement\":[{\"@type\":\"ListItem\",\"position\":1,\"name\":\"Startseite\",\"item\":\"https:\/\/einfachzufriedensein.de\/\"},{\"@type\":\"ListItem\",\"position\":2,\"name\":\"Start in den zweiten Chemozyklus\"}]},{\"@type\":\"WebSite\",\"@id\":\"https:\/\/einfachzufriedensein.de\/#website\",\"url\":\"https:\/\/einfachzufriedensein.de\/\",\"name\":\"einfach.zufrieden.sein.\",\"description\":\"Der Brustkrebs &amp; ich  - das Tagebuch einer Brustkrebspatientin\",\"publisher\":{\"@id\":\"https:\/\/einfachzufriedensein.de\/#\/schema\/person\/1c305a44404a7ae00e2ad15fb51bb53c\"},\"potentialAction\":[{\"@type\":\"SearchAction\",\"target\":{\"@type\":\"EntryPoint\",\"urlTemplate\":\"https:\/\/einfachzufriedensein.de\/?s={search_term_string}\"},\"query-input\":{\"@type\":\"PropertyValueSpecification\",\"valueRequired\":true,\"valueName\":\"search_term_string\"}}],\"inLanguage\":\"de\"},{\"@type\":[\"Person\",\"Organization\"],\"@id\":\"https:\/\/einfachzufriedensein.de\/#\/schema\/person\/1c305a44404a7ae00e2ad15fb51bb53c\",\"name\":\"sfiedler\",\"image\":{\"@type\":\"ImageObject\",\"inLanguage\":\"de\",\"@id\":\"https:\/\/einfachzufriedensein.de\/#\/schema\/person\/image\/\",\"url\":\"https:\/\/einfachzufriedensein.de\/wp-content\/uploads\/2024\/10\/IMG20240928112843-scaled.jpg\",\"contentUrl\":\"https:\/\/einfachzufriedensein.de\/wp-content\/uploads\/2024\/10\/IMG20240928112843-scaled.jpg\",\"width\":1927,\"height\":2560,\"caption\":\"sfiedler\"},\"logo\":{\"@id\":\"https:\/\/einfachzufriedensein.de\/#\/schema\/person\/image\/\"},\"sameAs\":[\"https:\/\/einfachzufriedensein.de\"],\"url\":\"https:\/\/einfachzufriedensein.de\/?author=1\"}]}<\/script>\n<!-- \/ Yoast SEO plugin. -->","yoast_head_json":{"title":"Start in den zweiten Chemozyklus - einfach.zufrieden.sein.","robots":{"index":"index","follow":"follow","max-snippet":"max-snippet:-1","max-image-preview":"max-image-preview:large","max-video-preview":"max-video-preview:-1"},"canonical":"https:\/\/einfachzufriedensein.de\/?p=334","og_locale":"de_DE","og_type":"article","og_title":"Start in den zweiten Chemozyklus - einfach.zufrieden.sein.","og_description":"Heute war wieder Chemotag und somit der Startschuss in den zweiten Zyklus. R\u00fcckblickend auf den ersten Zyklus kann ich sagen, dass es [&hellip;]","og_url":"https:\/\/einfachzufriedensein.de\/?p=334","og_site_name":"einfach.zufrieden.sein.","article_published_time":"2024-12-19T19:45:54+00:00","article_modified_time":"2024-12-20T07:31:28+00:00","og_image":[{"width":500,"height":500,"url":"https:\/\/einfachzufriedensein.de\/wp-content\/uploads\/2024\/10\/einfach.-zufrieden.-sein-2.png","type":"image\/png"}],"author":"sfiedler","twitter_card":"summary_large_image","twitter_misc":{"Verfasst von":"sfiedler","Gesch\u00e4tzte Lesezeit":"7\u00a0Minuten"},"schema":{"@context":"https:\/\/schema.org","@graph":[{"@type":"Article","@id":"https:\/\/einfachzufriedensein.de\/?p=334#article","isPartOf":{"@id":"https:\/\/einfachzufriedensein.de\/?p=334"},"author":{"name":"sfiedler","@id":"https:\/\/einfachzufriedensein.de\/#\/schema\/person\/1c305a44404a7ae00e2ad15fb51bb53c"},"headline":"Start in den zweiten Chemozyklus","datePublished":"2024-12-19T19:45:54+00:00","dateModified":"2024-12-20T07:31:28+00:00","mainEntityOfPage":{"@id":"https:\/\/einfachzufriedensein.de\/?p=334"},"wordCount":1137,"publisher":{"@id":"https:\/\/einfachzufriedensein.de\/#\/schema\/person\/1c305a44404a7ae00e2ad15fb51bb53c"},"image":{"@id":"https:\/\/einfachzufriedensein.de\/?p=334#primaryimage"},"thumbnailUrl":"https:\/\/einfachzufriedensein.de\/wp-content\/uploads\/2024\/10\/einfach.-zufrieden.-sein-2.png","keywords":["Brustkrebs","Chemotherapie","Chemozyklus","Nebenwirkungen"],"inLanguage":"de"},{"@type":"WebPage","@id":"https:\/\/einfachzufriedensein.de\/?p=334","url":"https:\/\/einfachzufriedensein.de\/?p=334","name":"Start in den zweiten Chemozyklus - einfach.zufrieden.sein.","isPartOf":{"@id":"https:\/\/einfachzufriedensein.de\/#website"},"primaryImageOfPage":{"@id":"https:\/\/einfachzufriedensein.de\/?p=334#primaryimage"},"image":{"@id":"https:\/\/einfachzufriedensein.de\/?p=334#primaryimage"},"thumbnailUrl":"https:\/\/einfachzufriedensein.de\/wp-content\/uploads\/2024\/10\/einfach.-zufrieden.-sein-2.png","datePublished":"2024-12-19T19:45:54+00:00","dateModified":"2024-12-20T07:31:28+00:00","breadcrumb":{"@id":"https:\/\/einfachzufriedensein.de\/?p=334#breadcrumb"},"inLanguage":"de","potentialAction":[{"@type":"ReadAction","target":["https:\/\/einfachzufriedensein.de\/?p=334"]}]},{"@type":"ImageObject","inLanguage":"de","@id":"https:\/\/einfachzufriedensein.de\/?p=334#primaryimage","url":"https:\/\/einfachzufriedensein.de\/wp-content\/uploads\/2024\/10\/einfach.-zufrieden.-sein-2.png","contentUrl":"https:\/\/einfachzufriedensein.de\/wp-content\/uploads\/2024\/10\/einfach.-zufrieden.-sein-2.png","width":500,"height":500},{"@type":"BreadcrumbList","@id":"https:\/\/einfachzufriedensein.de\/?p=334#breadcrumb","itemListElement":[{"@type":"ListItem","position":1,"name":"Startseite","item":"https:\/\/einfachzufriedensein.de\/"},{"@type":"ListItem","position":2,"name":"Start in den zweiten Chemozyklus"}]},{"@type":"WebSite","@id":"https:\/\/einfachzufriedensein.de\/#website","url":"https:\/\/einfachzufriedensein.de\/","name":"einfach.zufrieden.sein.","description":"Der Brustkrebs &amp; ich  - das Tagebuch einer Brustkrebspatientin","publisher":{"@id":"https:\/\/einfachzufriedensein.de\/#\/schema\/person\/1c305a44404a7ae00e2ad15fb51bb53c"},"potentialAction":[{"@type":"SearchAction","target":{"@type":"EntryPoint","urlTemplate":"https:\/\/einfachzufriedensein.de\/?s={search_term_string}"},"query-input":{"@type":"PropertyValueSpecification","valueRequired":true,"valueName":"search_term_string"}}],"inLanguage":"de"},{"@type":["Person","Organization"],"@id":"https:\/\/einfachzufriedensein.de\/#\/schema\/person\/1c305a44404a7ae00e2ad15fb51bb53c","name":"sfiedler","image":{"@type":"ImageObject","inLanguage":"de","@id":"https:\/\/einfachzufriedensein.de\/#\/schema\/person\/image\/","url":"https:\/\/einfachzufriedensein.de\/wp-content\/uploads\/2024\/10\/IMG20240928112843-scaled.jpg","contentUrl":"https:\/\/einfachzufriedensein.de\/wp-content\/uploads\/2024\/10\/IMG20240928112843-scaled.jpg","width":1927,"height":2560,"caption":"sfiedler"},"logo":{"@id":"https:\/\/einfachzufriedensein.de\/#\/schema\/person\/image\/"},"sameAs":["https:\/\/einfachzufriedensein.de"],"url":"https:\/\/einfachzufriedensein.de\/?author=1"}]}},"_links":{"self":[{"href":"https:\/\/einfachzufriedensein.de\/index.php?rest_route=\/wp\/v2\/posts\/334","targetHints":{"allow":["GET"]}}],"collection":[{"href":"https:\/\/einfachzufriedensein.de\/index.php?rest_route=\/wp\/v2\/posts"}],"about":[{"href":"https:\/\/einfachzufriedensein.de\/index.php?rest_route=\/wp\/v2\/types\/post"}],"author":[{"embeddable":true,"href":"https:\/\/einfachzufriedensein.de\/index.php?rest_route=\/wp\/v2\/users\/1"}],"replies":[{"embeddable":true,"href":"https:\/\/einfachzufriedensein.de\/index.php?rest_route=%2Fwp%2Fv2%2Fcomments&post=334"}],"version-history":[{"count":15,"href":"https:\/\/einfachzufriedensein.de\/index.php?rest_route=\/wp\/v2\/posts\/334\/revisions"}],"predecessor-version":[{"id":359,"href":"https:\/\/einfachzufriedensein.de\/index.php?rest_route=\/wp\/v2\/posts\/334\/revisions\/359"}],"wp:featuredmedia":[{"embeddable":true,"href":"https:\/\/einfachzufriedensein.de\/index.php?rest_route=\/wp\/v2\/media\/57"}],"wp:attachment":[{"href":"https:\/\/einfachzufriedensein.de\/index.php?rest_route=%2Fwp%2Fv2%2Fmedia&parent=334"}],"wp:term":[{"taxonomy":"category","embeddable":true,"href":"https:\/\/einfachzufriedensein.de\/index.php?rest_route=%2Fwp%2Fv2%2Fcategories&post=334"},{"taxonomy":"post_tag","embeddable":true,"href":"https:\/\/einfachzufriedensein.de\/index.php?rest_route=%2Fwp%2Fv2%2Ftags&post=334"}],"curies":[{"name":"wp","href":"https:\/\/api.w.org\/{rel}","templated":true}]}}