{"id":191,"date":"2024-11-25T15:30:03","date_gmt":"2024-11-25T14:30:03","guid":{"rendered":"https:\/\/einfachzufriedensein.de\/?p=191"},"modified":"2024-11-27T15:30:37","modified_gmt":"2024-11-27T14:30:37","slug":"verdraengung","status":"publish","type":"post","link":"https:\/\/einfachzufriedensein.de\/?p=191","title":{"rendered":"Verdr\u00e4ngung"},"content":{"rendered":"\n<p>Es ist f\u00fcr unsere gesamte Familie eine Ausnahmesituation. Zum Gl\u00fcck hat man damit keine Erfahrung. Unser bisheriges Leben hatte nicht sehr viele Schicksalsschl\u00e4ge. Aber in diesem Jahr, in 2024, kommt diese heile Familienwelt ein wenig ins Wanken und wird auf eine harte Probe gestellt. Carsten und ich gelten immer als Fels in der Brandung, wir sehen viele Dinge sehr pragmatisch und nehmen jede H\u00fcrde mit einer gewissen Gelassenheit. Aber eine Krebsdiagnose ist nichts, worauf man sich und seine Liebsten vorbereiten kann. Bisher dachte ich, dass im engsten Familienkreis alle damit gut klarkommen, auch weil ich offen und ungesch\u00f6nt alles direkt kommuniziere. <\/p>\n\n\n\n<p>Aber als ich ein Foto von der Per\u00fcckenanprobe in die WhatsApp-Familiengruppe teilte, war mir nicht bewusst, welche Reaktionen das bei unseren Kindern ausl\u00f6sen w\u00fcrde. Sehr zur\u00fcckhaltende Reaktionen und Smileys, die mir irgendwie das Gef\u00fchl gaben, es stimmt etwas nicht. Die Kommunikation in dieser Familiengruppe l\u00e4uft sonst anders. Ein wenig \u00e4rgerte ich mich auch dar\u00fcber, da ich von der ersten Per\u00fcckenanprobe so begeistert war und erleichtert diesen Salon verlie\u00df, dass ich mich mit einem k\u00fcnstlichen Harrersatz gut anfreunden k\u00f6nne.<\/p>\n\n\n\n<p>Was ist, wenn meine Kinder mir jetzt nicht die Kraft geben k\u00f6nnen, die ich brauche, um diese Krankheit durchzustehen? Bei Carsten habe ich da keine Zweifel, das zeigt und sagt er mir auch mehrfach. Aber bei unseren Kindern kann ich das im Moment nur schwer einsch\u00e4tzen. Sicher haben sie Ber\u00fchrungs- vor allem aber Verlust\u00e4ngste. Das kann ich sehr gut verstehen. Als Angeh\u00f6riger, der nicht selbst von der Krankheit betroffen ist, kann man nur an der Seite stehen. Das macht vielleicht auch ohnm\u00e4chtig. <\/p>\n\n\n\n<p>Ein kl\u00e4rendes pers\u00f6nliches Gespr\u00e4ch mit jedem unserer Kinder schaffte Abhilfe. Alle drei gehen komplett unterschiedlich damit um. Die Per\u00fccke hat einfach die Krankheit bei der eigenen Mutter sichtbar gemacht und vor Augen gef\u00fchrt, dass es kein schlechter Traum war, der nach dem Aufwachen wieder vorbei ist. Ich m\u00f6chte sie auf meiner Reise mitnehmen und sie stehen mir bei. Wir haben offen \u00fcber die Gef\u00fchle gesprochen und sind alle gemeinsam sehr zuversichtlich. Die Kraft der eigenen Familie ist unheimlich wichtig. Auch wenn ich selbst sehr stark bin, brauche ich aber dennoch diesen R\u00fcckenhalt. <\/p>\n\n\n\n<p>Die Augen vor der Diagnose, der Krankheit zu verschlie\u00dfen hilft uns nicht. Wir m\u00fcssen uns der neuen Realit\u00e4t stellen. <\/p>\n","protected":false},"excerpt":{"rendered":"<p class=\"text-justify\">Es ist f\u00fcr unsere gesamte Familie eine Ausnahmesituation. Zum Gl\u00fcck hat man damit keine Erfahrung. Unser bisheriges Leben hatte nicht sehr viele [&hellip;]<\/p>\n","protected":false},"author":1,"featured_media":57,"comment_status":"closed","ping_status":"open","sticky":false,"template":"","format":"standard","meta":{"footnotes":""},"categories":[1],"tags":[],"class_list":["post-191","post","type-post","status-publish","format-standard","has-post-thumbnail","hentry","category-allgemein"],"yoast_head":"<!-- This site is optimized with the Yoast SEO plugin v24.1 - https:\/\/yoast.com\/wordpress\/plugins\/seo\/ -->\n<title>Verdr\u00e4ngung - einfach.zufrieden.sein.<\/title>\n<meta name=\"description\" content=\"Wir k\u00f6nnen die Augen vor dieser Diagnose nicht mehr verschlie\u00dfen. Sie ist real und wir m\u00fcssen uns als Familie dieser Herausforderung stellen.\" \/>\n<meta name=\"robots\" content=\"index, follow, max-snippet:-1, max-image-preview:large, max-video-preview:-1\" \/>\n<link rel=\"canonical\" href=\"https:\/\/einfachzufriedensein.de\/?p=191\" \/>\n<meta property=\"og:locale\" content=\"de_DE\" \/>\n<meta property=\"og:type\" content=\"article\" \/>\n<meta property=\"og:title\" content=\"Verdr\u00e4ngung - einfach.zufrieden.sein.\" \/>\n<meta property=\"og:description\" content=\"Wir k\u00f6nnen die Augen vor dieser Diagnose nicht mehr verschlie\u00dfen. Sie ist real und wir m\u00fcssen uns als Familie dieser Herausforderung stellen.\" \/>\n<meta property=\"og:url\" content=\"https:\/\/einfachzufriedensein.de\/?p=191\" \/>\n<meta property=\"og:site_name\" content=\"einfach.zufrieden.sein.\" \/>\n<meta property=\"article:published_time\" content=\"2024-11-25T14:30:03+00:00\" \/>\n<meta property=\"article:modified_time\" content=\"2024-11-27T14:30:37+00:00\" \/>\n<meta property=\"og:image\" content=\"https:\/\/einfachzufriedensein.de\/wp-content\/uploads\/2024\/10\/einfach.-zufrieden.-sein-2.png\" \/>\n\t<meta property=\"og:image:width\" content=\"500\" \/>\n\t<meta property=\"og:image:height\" content=\"500\" \/>\n\t<meta property=\"og:image:type\" content=\"image\/png\" \/>\n<meta name=\"author\" content=\"sfiedler\" \/>\n<meta name=\"twitter:card\" content=\"summary_large_image\" \/>\n<meta name=\"twitter:label1\" content=\"Verfasst von\" \/>\n\t<meta name=\"twitter:data1\" content=\"sfiedler\" \/>\n\t<meta name=\"twitter:label2\" content=\"Gesch\u00e4tzte Lesezeit\" \/>\n\t<meta name=\"twitter:data2\" content=\"3\u00a0Minuten\" \/>\n<script type=\"application\/ld+json\" class=\"yoast-schema-graph\">{\"@context\":\"https:\/\/schema.org\",\"@graph\":[{\"@type\":\"Article\",\"@id\":\"https:\/\/einfachzufriedensein.de\/?p=191#article\",\"isPartOf\":{\"@id\":\"https:\/\/einfachzufriedensein.de\/?p=191\"},\"author\":{\"name\":\"sfiedler\",\"@id\":\"https:\/\/einfachzufriedensein.de\/#\/schema\/person\/1c305a44404a7ae00e2ad15fb51bb53c\"},\"headline\":\"Verdr\u00e4ngung\",\"datePublished\":\"2024-11-25T14:30:03+00:00\",\"dateModified\":\"2024-11-27T14:30:37+00:00\",\"mainEntityOfPage\":{\"@id\":\"https:\/\/einfachzufriedensein.de\/?p=191\"},\"wordCount\":405,\"publisher\":{\"@id\":\"https:\/\/einfachzufriedensein.de\/#\/schema\/person\/1c305a44404a7ae00e2ad15fb51bb53c\"},\"image\":{\"@id\":\"https:\/\/einfachzufriedensein.de\/?p=191#primaryimage\"},\"thumbnailUrl\":\"https:\/\/einfachzufriedensein.de\/wp-content\/uploads\/2024\/10\/einfach.-zufrieden.-sein-2.png\",\"inLanguage\":\"de\"},{\"@type\":\"WebPage\",\"@id\":\"https:\/\/einfachzufriedensein.de\/?p=191\",\"url\":\"https:\/\/einfachzufriedensein.de\/?p=191\",\"name\":\"Verdr\u00e4ngung - einfach.zufrieden.sein.\",\"isPartOf\":{\"@id\":\"https:\/\/einfachzufriedensein.de\/#website\"},\"primaryImageOfPage\":{\"@id\":\"https:\/\/einfachzufriedensein.de\/?p=191#primaryimage\"},\"image\":{\"@id\":\"https:\/\/einfachzufriedensein.de\/?p=191#primaryimage\"},\"thumbnailUrl\":\"https:\/\/einfachzufriedensein.de\/wp-content\/uploads\/2024\/10\/einfach.-zufrieden.-sein-2.png\",\"datePublished\":\"2024-11-25T14:30:03+00:00\",\"dateModified\":\"2024-11-27T14:30:37+00:00\",\"description\":\"Wir k\u00f6nnen die Augen vor dieser Diagnose nicht mehr verschlie\u00dfen. Sie ist real und wir m\u00fcssen uns als Familie dieser Herausforderung stellen.\",\"breadcrumb\":{\"@id\":\"https:\/\/einfachzufriedensein.de\/?p=191#breadcrumb\"},\"inLanguage\":\"de\",\"potentialAction\":[{\"@type\":\"ReadAction\",\"target\":[\"https:\/\/einfachzufriedensein.de\/?p=191\"]}]},{\"@type\":\"ImageObject\",\"inLanguage\":\"de\",\"@id\":\"https:\/\/einfachzufriedensein.de\/?p=191#primaryimage\",\"url\":\"https:\/\/einfachzufriedensein.de\/wp-content\/uploads\/2024\/10\/einfach.-zufrieden.-sein-2.png\",\"contentUrl\":\"https:\/\/einfachzufriedensein.de\/wp-content\/uploads\/2024\/10\/einfach.-zufrieden.-sein-2.png\",\"width\":500,\"height\":500},{\"@type\":\"BreadcrumbList\",\"@id\":\"https:\/\/einfachzufriedensein.de\/?p=191#breadcrumb\",\"itemListElement\":[{\"@type\":\"ListItem\",\"position\":1,\"name\":\"Startseite\",\"item\":\"https:\/\/einfachzufriedensein.de\/\"},{\"@type\":\"ListItem\",\"position\":2,\"name\":\"Verdr\u00e4ngung\"}]},{\"@type\":\"WebSite\",\"@id\":\"https:\/\/einfachzufriedensein.de\/#website\",\"url\":\"https:\/\/einfachzufriedensein.de\/\",\"name\":\"einfach.zufrieden.sein.\",\"description\":\"Der Brustkrebs &amp; ich  - das Tagebuch einer Brustkrebspatientin\",\"publisher\":{\"@id\":\"https:\/\/einfachzufriedensein.de\/#\/schema\/person\/1c305a44404a7ae00e2ad15fb51bb53c\"},\"potentialAction\":[{\"@type\":\"SearchAction\",\"target\":{\"@type\":\"EntryPoint\",\"urlTemplate\":\"https:\/\/einfachzufriedensein.de\/?s={search_term_string}\"},\"query-input\":{\"@type\":\"PropertyValueSpecification\",\"valueRequired\":true,\"valueName\":\"search_term_string\"}}],\"inLanguage\":\"de\"},{\"@type\":[\"Person\",\"Organization\"],\"@id\":\"https:\/\/einfachzufriedensein.de\/#\/schema\/person\/1c305a44404a7ae00e2ad15fb51bb53c\",\"name\":\"sfiedler\",\"image\":{\"@type\":\"ImageObject\",\"inLanguage\":\"de\",\"@id\":\"https:\/\/einfachzufriedensein.de\/#\/schema\/person\/image\/\",\"url\":\"https:\/\/einfachzufriedensein.de\/wp-content\/uploads\/2024\/10\/IMG20240928112843-scaled.jpg\",\"contentUrl\":\"https:\/\/einfachzufriedensein.de\/wp-content\/uploads\/2024\/10\/IMG20240928112843-scaled.jpg\",\"width\":1927,\"height\":2560,\"caption\":\"sfiedler\"},\"logo\":{\"@id\":\"https:\/\/einfachzufriedensein.de\/#\/schema\/person\/image\/\"},\"sameAs\":[\"https:\/\/einfachzufriedensein.de\"],\"url\":\"https:\/\/einfachzufriedensein.de\/?author=1\"}]}<\/script>\n<!-- \/ Yoast SEO plugin. -->","yoast_head_json":{"title":"Verdr\u00e4ngung - einfach.zufrieden.sein.","description":"Wir k\u00f6nnen die Augen vor dieser Diagnose nicht mehr verschlie\u00dfen. Sie ist real und wir m\u00fcssen uns als Familie dieser Herausforderung stellen.","robots":{"index":"index","follow":"follow","max-snippet":"max-snippet:-1","max-image-preview":"max-image-preview:large","max-video-preview":"max-video-preview:-1"},"canonical":"https:\/\/einfachzufriedensein.de\/?p=191","og_locale":"de_DE","og_type":"article","og_title":"Verdr\u00e4ngung - einfach.zufrieden.sein.","og_description":"Wir k\u00f6nnen die Augen vor dieser Diagnose nicht mehr verschlie\u00dfen. Sie ist real und wir m\u00fcssen uns als Familie dieser Herausforderung stellen.","og_url":"https:\/\/einfachzufriedensein.de\/?p=191","og_site_name":"einfach.zufrieden.sein.","article_published_time":"2024-11-25T14:30:03+00:00","article_modified_time":"2024-11-27T14:30:37+00:00","og_image":[{"width":500,"height":500,"url":"https:\/\/einfachzufriedensein.de\/wp-content\/uploads\/2024\/10\/einfach.-zufrieden.-sein-2.png","type":"image\/png"}],"author":"sfiedler","twitter_card":"summary_large_image","twitter_misc":{"Verfasst von":"sfiedler","Gesch\u00e4tzte Lesezeit":"3\u00a0Minuten"},"schema":{"@context":"https:\/\/schema.org","@graph":[{"@type":"Article","@id":"https:\/\/einfachzufriedensein.de\/?p=191#article","isPartOf":{"@id":"https:\/\/einfachzufriedensein.de\/?p=191"},"author":{"name":"sfiedler","@id":"https:\/\/einfachzufriedensein.de\/#\/schema\/person\/1c305a44404a7ae00e2ad15fb51bb53c"},"headline":"Verdr\u00e4ngung","datePublished":"2024-11-25T14:30:03+00:00","dateModified":"2024-11-27T14:30:37+00:00","mainEntityOfPage":{"@id":"https:\/\/einfachzufriedensein.de\/?p=191"},"wordCount":405,"publisher":{"@id":"https:\/\/einfachzufriedensein.de\/#\/schema\/person\/1c305a44404a7ae00e2ad15fb51bb53c"},"image":{"@id":"https:\/\/einfachzufriedensein.de\/?p=191#primaryimage"},"thumbnailUrl":"https:\/\/einfachzufriedensein.de\/wp-content\/uploads\/2024\/10\/einfach.-zufrieden.-sein-2.png","inLanguage":"de"},{"@type":"WebPage","@id":"https:\/\/einfachzufriedensein.de\/?p=191","url":"https:\/\/einfachzufriedensein.de\/?p=191","name":"Verdr\u00e4ngung - einfach.zufrieden.sein.","isPartOf":{"@id":"https:\/\/einfachzufriedensein.de\/#website"},"primaryImageOfPage":{"@id":"https:\/\/einfachzufriedensein.de\/?p=191#primaryimage"},"image":{"@id":"https:\/\/einfachzufriedensein.de\/?p=191#primaryimage"},"thumbnailUrl":"https:\/\/einfachzufriedensein.de\/wp-content\/uploads\/2024\/10\/einfach.-zufrieden.-sein-2.png","datePublished":"2024-11-25T14:30:03+00:00","dateModified":"2024-11-27T14:30:37+00:00","description":"Wir k\u00f6nnen die Augen vor dieser Diagnose nicht mehr verschlie\u00dfen. Sie ist real und wir m\u00fcssen uns als Familie dieser Herausforderung stellen.","breadcrumb":{"@id":"https:\/\/einfachzufriedensein.de\/?p=191#breadcrumb"},"inLanguage":"de","potentialAction":[{"@type":"ReadAction","target":["https:\/\/einfachzufriedensein.de\/?p=191"]}]},{"@type":"ImageObject","inLanguage":"de","@id":"https:\/\/einfachzufriedensein.de\/?p=191#primaryimage","url":"https:\/\/einfachzufriedensein.de\/wp-content\/uploads\/2024\/10\/einfach.-zufrieden.-sein-2.png","contentUrl":"https:\/\/einfachzufriedensein.de\/wp-content\/uploads\/2024\/10\/einfach.-zufrieden.-sein-2.png","width":500,"height":500},{"@type":"BreadcrumbList","@id":"https:\/\/einfachzufriedensein.de\/?p=191#breadcrumb","itemListElement":[{"@type":"ListItem","position":1,"name":"Startseite","item":"https:\/\/einfachzufriedensein.de\/"},{"@type":"ListItem","position":2,"name":"Verdr\u00e4ngung"}]},{"@type":"WebSite","@id":"https:\/\/einfachzufriedensein.de\/#website","url":"https:\/\/einfachzufriedensein.de\/","name":"einfach.zufrieden.sein.","description":"Der Brustkrebs &amp; ich  - das Tagebuch einer Brustkrebspatientin","publisher":{"@id":"https:\/\/einfachzufriedensein.de\/#\/schema\/person\/1c305a44404a7ae00e2ad15fb51bb53c"},"potentialAction":[{"@type":"SearchAction","target":{"@type":"EntryPoint","urlTemplate":"https:\/\/einfachzufriedensein.de\/?s={search_term_string}"},"query-input":{"@type":"PropertyValueSpecification","valueRequired":true,"valueName":"search_term_string"}}],"inLanguage":"de"},{"@type":["Person","Organization"],"@id":"https:\/\/einfachzufriedensein.de\/#\/schema\/person\/1c305a44404a7ae00e2ad15fb51bb53c","name":"sfiedler","image":{"@type":"ImageObject","inLanguage":"de","@id":"https:\/\/einfachzufriedensein.de\/#\/schema\/person\/image\/","url":"https:\/\/einfachzufriedensein.de\/wp-content\/uploads\/2024\/10\/IMG20240928112843-scaled.jpg","contentUrl":"https:\/\/einfachzufriedensein.de\/wp-content\/uploads\/2024\/10\/IMG20240928112843-scaled.jpg","width":1927,"height":2560,"caption":"sfiedler"},"logo":{"@id":"https:\/\/einfachzufriedensein.de\/#\/schema\/person\/image\/"},"sameAs":["https:\/\/einfachzufriedensein.de"],"url":"https:\/\/einfachzufriedensein.de\/?author=1"}]}},"_links":{"self":[{"href":"https:\/\/einfachzufriedensein.de\/index.php?rest_route=\/wp\/v2\/posts\/191","targetHints":{"allow":["GET"]}}],"collection":[{"href":"https:\/\/einfachzufriedensein.de\/index.php?rest_route=\/wp\/v2\/posts"}],"about":[{"href":"https:\/\/einfachzufriedensein.de\/index.php?rest_route=\/wp\/v2\/types\/post"}],"author":[{"embeddable":true,"href":"https:\/\/einfachzufriedensein.de\/index.php?rest_route=\/wp\/v2\/users\/1"}],"replies":[{"embeddable":true,"href":"https:\/\/einfachzufriedensein.de\/index.php?rest_route=%2Fwp%2Fv2%2Fcomments&post=191"}],"version-history":[{"count":4,"href":"https:\/\/einfachzufriedensein.de\/index.php?rest_route=\/wp\/v2\/posts\/191\/revisions"}],"predecessor-version":[{"id":203,"href":"https:\/\/einfachzufriedensein.de\/index.php?rest_route=\/wp\/v2\/posts\/191\/revisions\/203"}],"wp:featuredmedia":[{"embeddable":true,"href":"https:\/\/einfachzufriedensein.de\/index.php?rest_route=\/wp\/v2\/media\/57"}],"wp:attachment":[{"href":"https:\/\/einfachzufriedensein.de\/index.php?rest_route=%2Fwp%2Fv2%2Fmedia&parent=191"}],"wp:term":[{"taxonomy":"category","embeddable":true,"href":"https:\/\/einfachzufriedensein.de\/index.php?rest_route=%2Fwp%2Fv2%2Fcategories&post=191"},{"taxonomy":"post_tag","embeddable":true,"href":"https:\/\/einfachzufriedensein.de\/index.php?rest_route=%2Fwp%2Fv2%2Ftags&post=191"}],"curies":[{"name":"wp","href":"https:\/\/api.w.org\/{rel}","templated":true}]}}