{"id":186,"date":"2024-12-03T20:22:14","date_gmt":"2024-12-03T19:22:14","guid":{"rendered":"https:\/\/einfachzufriedensein.de\/?p=186"},"modified":"2024-12-03T20:22:16","modified_gmt":"2024-12-03T19:22:16","slug":"das-neue-ich","status":"publish","type":"post","link":"https:\/\/einfachzufriedensein.de\/?p=186","title":{"rendered":"Das neue ICH"},"content":{"rendered":"\n<p>Wenn ich schon meine eigenen Haare verlieren werde, mit denen ich zugegebenerma\u00dfen auch nicht immer zufrieden war, dann will ich einen Haarersatz tragen, der meiner Traumfrisur entspricht. Im Moment trage ich einen blond gestr\u00e4hnten Kurzhaarschnitt, da ich sehr feine Haare habe und somit eine Langhaarfrisur eher ungeeignet ist. Lange Haare hatte ich bis vor f\u00fcnf Jahren, bedeuteten bei mir aber immer t\u00e4gliches F\u00f6hnen, ganz viel Haarspray, keine M\u00fctzen und blo\u00df nicht in Regen, Wind oder Nebel kommen. Sehr anstrengend und absolut nicht Wohnmobil geeignet. Eine gewisse Sehnsucht nach einer Langhaarfrisur hatte ich allerdings immer im Kopf.<\/p>\n\n\n\n<p>Durch diese Krankheit habe ich jetzt die M\u00f6glichkeit, meinem ICH einen neuen und ungewohnten Look zu verpassen. Im Haarsalon konnte ich noch weitere Per\u00fccken anprobieren, die wir gemeinsam ausgesucht hatten. Nur zwei davon kamen schlie\u00dflich in meine engere Auswahl. Selbst die Per\u00fccke der allerersten Anprobe von letzter Woche, von der wir beide so sehr angetan waren, sortierte ich aus.  Zumindest die Haarfarbe war schnell klar &#8211; ich werde bei meinem Blond bleiben. Bei der Frage nach dem Preis f\u00fcr meine beiden Favoriten hat sich wieder mein gutes H\u00e4ndchen f\u00fcr das teuerste St\u00fcck bewiesen. Beide waren preislich \u00e4hnlich teuer, auch wenn meine Krankenkasse einen gewissen Obolus mitfinanziert. Nach den letzten Wochen wird mir immer klarer, dass man sich auch das Kranksein leisten k\u00f6nnen muss. \u00dcberall darf man zuzahlen und ganz zu schweigen von den Fahrt- und Parkkosten, die so \u00fcber die Zeit anfallen. Egal &#8211; auch wenn es die teuerste Per\u00fccke ist, es ist die, die ich mir auf meinem Kopf sehr gut vorstellen kann. <\/p>\n\n\n\n<p>Ich f\u00fchle mich mit der Entscheidung f\u00fcr diese Per\u00fccke wohl, auch wenn es f\u00fcr mich noch nicht richtig greifbar ist, dass meine eigenen Haare sehr bald weg sein werden. Auf geht\u00b4s zum neuen ICH und meiner Reise mit dem Brustkrebs.<\/p>\n\n\n\n<p><img loading=\"lazy\" decoding=\"async\" width=\"268\" height=\"268\" class=\"wp-image-248\" style=\"width: 268px;\" src=\"https:\/\/einfachzufriedensein.de\/wp-content\/uploads\/2024\/12\/Das-neue-ICH-Instabeitrag.png\" alt=\"\" srcset=\"https:\/\/einfachzufriedensein.de\/wp-content\/uploads\/2024\/12\/Das-neue-ICH-Instabeitrag.png 1080w, https:\/\/einfachzufriedensein.de\/wp-content\/uploads\/2024\/12\/Das-neue-ICH-Instabeitrag-300x300.png 300w, https:\/\/einfachzufriedensein.de\/wp-content\/uploads\/2024\/12\/Das-neue-ICH-Instabeitrag-1024x1024.png 1024w, https:\/\/einfachzufriedensein.de\/wp-content\/uploads\/2024\/12\/Das-neue-ICH-Instabeitrag-150x150.png 150w, https:\/\/einfachzufriedensein.de\/wp-content\/uploads\/2024\/12\/Das-neue-ICH-Instabeitrag-768x768.png 768w\" sizes=\"auto, (max-width: 268px) 100vw, 268px\" \/> <img loading=\"lazy\" decoding=\"async\" width=\"200\" height=\"267\" class=\"wp-image-254\" style=\"width: 200px;\" src=\"https:\/\/einfachzufriedensein.de\/wp-content\/uploads\/2024\/12\/IMG20241128172000klein.jpg\" alt=\"\" srcset=\"https:\/\/einfachzufriedensein.de\/wp-content\/uploads\/2024\/12\/IMG20241128172000klein.jpg 900w, https:\/\/einfachzufriedensein.de\/wp-content\/uploads\/2024\/12\/IMG20241128172000klein-225x300.jpg 225w, https:\/\/einfachzufriedensein.de\/wp-content\/uploads\/2024\/12\/IMG20241128172000klein-768x1024.jpg 768w\" sizes=\"auto, (max-width: 200px) 100vw, 200px\" \/> <img loading=\"lazy\" decoding=\"async\" width=\"198\" height=\"264\" class=\"wp-image-255\" style=\"width: 198px;\" src=\"https:\/\/einfachzufriedensein.de\/wp-content\/uploads\/2024\/12\/IMG20241128172002klein.jpg\" alt=\"\" srcset=\"https:\/\/einfachzufriedensein.de\/wp-content\/uploads\/2024\/12\/IMG20241128172002klein.jpg 900w, https:\/\/einfachzufriedensein.de\/wp-content\/uploads\/2024\/12\/IMG20241128172002klein-225x300.jpg 225w, https:\/\/einfachzufriedensein.de\/wp-content\/uploads\/2024\/12\/IMG20241128172002klein-768x1024.jpg 768w\" sizes=\"auto, (max-width: 198px) 100vw, 198px\" \/><\/p>\n","protected":false},"excerpt":{"rendered":"<p class=\"text-justify\">Wenn ich schon meine eigenen Haare verlieren werde, mit denen ich zugegebenerma\u00dfen auch nicht immer zufrieden war, dann will ich einen Haarersatz [&hellip;]<\/p>\n","protected":false},"author":1,"featured_media":57,"comment_status":"closed","ping_status":"open","sticky":false,"template":"","format":"standard","meta":{"footnotes":""},"categories":[1],"tags":[2,11,9,10],"class_list":["post-186","post","type-post","status-publish","format-standard","has-post-thumbnail","hentry","category-allgemein","tag-brustkrebs","tag-chemotherapie","tag-haarersatz","tag-peruecke"],"yoast_head":"<!-- This site is optimized with the Yoast SEO plugin v24.1 - https:\/\/yoast.com\/wordpress\/plugins\/seo\/ -->\n<title>Das neue ICH - einfach.zufrieden.sein.<\/title>\n<meta name=\"description\" content=\"Haare sind wichtig f\u00fcr unser Aussehen - gerade bei Frauen. Wer durch eine Chemotherapie die eigenen Haare verliert, ist vielen fragenden Blicken ausgesetzt.\" \/>\n<meta name=\"robots\" content=\"index, follow, max-snippet:-1, max-image-preview:large, max-video-preview:-1\" \/>\n<link rel=\"canonical\" href=\"https:\/\/einfachzufriedensein.de\/?p=186\" \/>\n<meta property=\"og:locale\" content=\"de_DE\" \/>\n<meta property=\"og:type\" content=\"article\" \/>\n<meta property=\"og:title\" content=\"Das neue ICH - einfach.zufrieden.sein.\" \/>\n<meta property=\"og:description\" content=\"Haare sind wichtig f\u00fcr unser Aussehen - gerade bei Frauen. Wer durch eine Chemotherapie die eigenen Haare verliert, ist vielen fragenden Blicken ausgesetzt.\" \/>\n<meta property=\"og:url\" content=\"https:\/\/einfachzufriedensein.de\/?p=186\" \/>\n<meta property=\"og:site_name\" content=\"einfach.zufrieden.sein.\" \/>\n<meta property=\"article:published_time\" content=\"2024-12-03T19:22:14+00:00\" \/>\n<meta property=\"article:modified_time\" content=\"2024-12-03T19:22:16+00:00\" \/>\n<meta property=\"og:image\" content=\"https:\/\/einfachzufriedensein.de\/wp-content\/uploads\/2024\/10\/einfach.-zufrieden.-sein-2.png\" \/>\n\t<meta property=\"og:image:width\" content=\"500\" \/>\n\t<meta property=\"og:image:height\" content=\"500\" \/>\n\t<meta property=\"og:image:type\" content=\"image\/png\" \/>\n<meta name=\"author\" content=\"sfiedler\" \/>\n<meta name=\"twitter:card\" content=\"summary_large_image\" \/>\n<meta name=\"twitter:label1\" content=\"Verfasst von\" \/>\n\t<meta name=\"twitter:data1\" content=\"sfiedler\" \/>\n\t<meta name=\"twitter:label2\" content=\"Gesch\u00e4tzte Lesezeit\" \/>\n\t<meta name=\"twitter:data2\" content=\"3\u00a0Minuten\" \/>\n<script type=\"application\/ld+json\" class=\"yoast-schema-graph\">{\"@context\":\"https:\/\/schema.org\",\"@graph\":[{\"@type\":\"Article\",\"@id\":\"https:\/\/einfachzufriedensein.de\/?p=186#article\",\"isPartOf\":{\"@id\":\"https:\/\/einfachzufriedensein.de\/?p=186\"},\"author\":{\"name\":\"sfiedler\",\"@id\":\"https:\/\/einfachzufriedensein.de\/#\/schema\/person\/1c305a44404a7ae00e2ad15fb51bb53c\"},\"headline\":\"Das neue ICH\",\"datePublished\":\"2024-12-03T19:22:14+00:00\",\"dateModified\":\"2024-12-03T19:22:16+00:00\",\"mainEntityOfPage\":{\"@id\":\"https:\/\/einfachzufriedensein.de\/?p=186\"},\"wordCount\":324,\"publisher\":{\"@id\":\"https:\/\/einfachzufriedensein.de\/#\/schema\/person\/1c305a44404a7ae00e2ad15fb51bb53c\"},\"image\":{\"@id\":\"https:\/\/einfachzufriedensein.de\/?p=186#primaryimage\"},\"thumbnailUrl\":\"https:\/\/einfachzufriedensein.de\/wp-content\/uploads\/2024\/10\/einfach.-zufrieden.-sein-2.png\",\"keywords\":[\"Brustkrebs\",\"Chemotherapie\",\"Haarersatz\",\"Per\u00fccke\"],\"inLanguage\":\"de\"},{\"@type\":\"WebPage\",\"@id\":\"https:\/\/einfachzufriedensein.de\/?p=186\",\"url\":\"https:\/\/einfachzufriedensein.de\/?p=186\",\"name\":\"Das neue ICH - einfach.zufrieden.sein.\",\"isPartOf\":{\"@id\":\"https:\/\/einfachzufriedensein.de\/#website\"},\"primaryImageOfPage\":{\"@id\":\"https:\/\/einfachzufriedensein.de\/?p=186#primaryimage\"},\"image\":{\"@id\":\"https:\/\/einfachzufriedensein.de\/?p=186#primaryimage\"},\"thumbnailUrl\":\"https:\/\/einfachzufriedensein.de\/wp-content\/uploads\/2024\/10\/einfach.-zufrieden.-sein-2.png\",\"datePublished\":\"2024-12-03T19:22:14+00:00\",\"dateModified\":\"2024-12-03T19:22:16+00:00\",\"description\":\"Haare sind wichtig f\u00fcr unser Aussehen - gerade bei Frauen. Wer durch eine Chemotherapie die eigenen Haare verliert, ist vielen fragenden Blicken ausgesetzt.\",\"breadcrumb\":{\"@id\":\"https:\/\/einfachzufriedensein.de\/?p=186#breadcrumb\"},\"inLanguage\":\"de\",\"potentialAction\":[{\"@type\":\"ReadAction\",\"target\":[\"https:\/\/einfachzufriedensein.de\/?p=186\"]}]},{\"@type\":\"ImageObject\",\"inLanguage\":\"de\",\"@id\":\"https:\/\/einfachzufriedensein.de\/?p=186#primaryimage\",\"url\":\"https:\/\/einfachzufriedensein.de\/wp-content\/uploads\/2024\/10\/einfach.-zufrieden.-sein-2.png\",\"contentUrl\":\"https:\/\/einfachzufriedensein.de\/wp-content\/uploads\/2024\/10\/einfach.-zufrieden.-sein-2.png\",\"width\":500,\"height\":500},{\"@type\":\"BreadcrumbList\",\"@id\":\"https:\/\/einfachzufriedensein.de\/?p=186#breadcrumb\",\"itemListElement\":[{\"@type\":\"ListItem\",\"position\":1,\"name\":\"Startseite\",\"item\":\"https:\/\/einfachzufriedensein.de\/\"},{\"@type\":\"ListItem\",\"position\":2,\"name\":\"Das neue ICH\"}]},{\"@type\":\"WebSite\",\"@id\":\"https:\/\/einfachzufriedensein.de\/#website\",\"url\":\"https:\/\/einfachzufriedensein.de\/\",\"name\":\"einfach.zufrieden.sein.\",\"description\":\"Der Brustkrebs &amp; ich  - das Tagebuch einer Brustkrebspatientin\",\"publisher\":{\"@id\":\"https:\/\/einfachzufriedensein.de\/#\/schema\/person\/1c305a44404a7ae00e2ad15fb51bb53c\"},\"potentialAction\":[{\"@type\":\"SearchAction\",\"target\":{\"@type\":\"EntryPoint\",\"urlTemplate\":\"https:\/\/einfachzufriedensein.de\/?s={search_term_string}\"},\"query-input\":{\"@type\":\"PropertyValueSpecification\",\"valueRequired\":true,\"valueName\":\"search_term_string\"}}],\"inLanguage\":\"de\"},{\"@type\":[\"Person\",\"Organization\"],\"@id\":\"https:\/\/einfachzufriedensein.de\/#\/schema\/person\/1c305a44404a7ae00e2ad15fb51bb53c\",\"name\":\"sfiedler\",\"image\":{\"@type\":\"ImageObject\",\"inLanguage\":\"de\",\"@id\":\"https:\/\/einfachzufriedensein.de\/#\/schema\/person\/image\/\",\"url\":\"https:\/\/einfachzufriedensein.de\/wp-content\/uploads\/2024\/10\/IMG20240928112843-scaled.jpg\",\"contentUrl\":\"https:\/\/einfachzufriedensein.de\/wp-content\/uploads\/2024\/10\/IMG20240928112843-scaled.jpg\",\"width\":1927,\"height\":2560,\"caption\":\"sfiedler\"},\"logo\":{\"@id\":\"https:\/\/einfachzufriedensein.de\/#\/schema\/person\/image\/\"},\"sameAs\":[\"https:\/\/einfachzufriedensein.de\"],\"url\":\"https:\/\/einfachzufriedensein.de\/?author=1\"}]}<\/script>\n<!-- \/ Yoast SEO plugin. -->","yoast_head_json":{"title":"Das neue ICH - einfach.zufrieden.sein.","description":"Haare sind wichtig f\u00fcr unser Aussehen - gerade bei Frauen. Wer durch eine Chemotherapie die eigenen Haare verliert, ist vielen fragenden Blicken ausgesetzt.","robots":{"index":"index","follow":"follow","max-snippet":"max-snippet:-1","max-image-preview":"max-image-preview:large","max-video-preview":"max-video-preview:-1"},"canonical":"https:\/\/einfachzufriedensein.de\/?p=186","og_locale":"de_DE","og_type":"article","og_title":"Das neue ICH - einfach.zufrieden.sein.","og_description":"Haare sind wichtig f\u00fcr unser Aussehen - gerade bei Frauen. Wer durch eine Chemotherapie die eigenen Haare verliert, ist vielen fragenden Blicken ausgesetzt.","og_url":"https:\/\/einfachzufriedensein.de\/?p=186","og_site_name":"einfach.zufrieden.sein.","article_published_time":"2024-12-03T19:22:14+00:00","article_modified_time":"2024-12-03T19:22:16+00:00","og_image":[{"width":500,"height":500,"url":"https:\/\/einfachzufriedensein.de\/wp-content\/uploads\/2024\/10\/einfach.-zufrieden.-sein-2.png","type":"image\/png"}],"author":"sfiedler","twitter_card":"summary_large_image","twitter_misc":{"Verfasst von":"sfiedler","Gesch\u00e4tzte Lesezeit":"3\u00a0Minuten"},"schema":{"@context":"https:\/\/schema.org","@graph":[{"@type":"Article","@id":"https:\/\/einfachzufriedensein.de\/?p=186#article","isPartOf":{"@id":"https:\/\/einfachzufriedensein.de\/?p=186"},"author":{"name":"sfiedler","@id":"https:\/\/einfachzufriedensein.de\/#\/schema\/person\/1c305a44404a7ae00e2ad15fb51bb53c"},"headline":"Das neue ICH","datePublished":"2024-12-03T19:22:14+00:00","dateModified":"2024-12-03T19:22:16+00:00","mainEntityOfPage":{"@id":"https:\/\/einfachzufriedensein.de\/?p=186"},"wordCount":324,"publisher":{"@id":"https:\/\/einfachzufriedensein.de\/#\/schema\/person\/1c305a44404a7ae00e2ad15fb51bb53c"},"image":{"@id":"https:\/\/einfachzufriedensein.de\/?p=186#primaryimage"},"thumbnailUrl":"https:\/\/einfachzufriedensein.de\/wp-content\/uploads\/2024\/10\/einfach.-zufrieden.-sein-2.png","keywords":["Brustkrebs","Chemotherapie","Haarersatz","Per\u00fccke"],"inLanguage":"de"},{"@type":"WebPage","@id":"https:\/\/einfachzufriedensein.de\/?p=186","url":"https:\/\/einfachzufriedensein.de\/?p=186","name":"Das neue ICH - einfach.zufrieden.sein.","isPartOf":{"@id":"https:\/\/einfachzufriedensein.de\/#website"},"primaryImageOfPage":{"@id":"https:\/\/einfachzufriedensein.de\/?p=186#primaryimage"},"image":{"@id":"https:\/\/einfachzufriedensein.de\/?p=186#primaryimage"},"thumbnailUrl":"https:\/\/einfachzufriedensein.de\/wp-content\/uploads\/2024\/10\/einfach.-zufrieden.-sein-2.png","datePublished":"2024-12-03T19:22:14+00:00","dateModified":"2024-12-03T19:22:16+00:00","description":"Haare sind wichtig f\u00fcr unser Aussehen - gerade bei Frauen. Wer durch eine Chemotherapie die eigenen Haare verliert, ist vielen fragenden Blicken ausgesetzt.","breadcrumb":{"@id":"https:\/\/einfachzufriedensein.de\/?p=186#breadcrumb"},"inLanguage":"de","potentialAction":[{"@type":"ReadAction","target":["https:\/\/einfachzufriedensein.de\/?p=186"]}]},{"@type":"ImageObject","inLanguage":"de","@id":"https:\/\/einfachzufriedensein.de\/?p=186#primaryimage","url":"https:\/\/einfachzufriedensein.de\/wp-content\/uploads\/2024\/10\/einfach.-zufrieden.-sein-2.png","contentUrl":"https:\/\/einfachzufriedensein.de\/wp-content\/uploads\/2024\/10\/einfach.-zufrieden.-sein-2.png","width":500,"height":500},{"@type":"BreadcrumbList","@id":"https:\/\/einfachzufriedensein.de\/?p=186#breadcrumb","itemListElement":[{"@type":"ListItem","position":1,"name":"Startseite","item":"https:\/\/einfachzufriedensein.de\/"},{"@type":"ListItem","position":2,"name":"Das neue ICH"}]},{"@type":"WebSite","@id":"https:\/\/einfachzufriedensein.de\/#website","url":"https:\/\/einfachzufriedensein.de\/","name":"einfach.zufrieden.sein.","description":"Der Brustkrebs &amp; ich  - das Tagebuch einer Brustkrebspatientin","publisher":{"@id":"https:\/\/einfachzufriedensein.de\/#\/schema\/person\/1c305a44404a7ae00e2ad15fb51bb53c"},"potentialAction":[{"@type":"SearchAction","target":{"@type":"EntryPoint","urlTemplate":"https:\/\/einfachzufriedensein.de\/?s={search_term_string}"},"query-input":{"@type":"PropertyValueSpecification","valueRequired":true,"valueName":"search_term_string"}}],"inLanguage":"de"},{"@type":["Person","Organization"],"@id":"https:\/\/einfachzufriedensein.de\/#\/schema\/person\/1c305a44404a7ae00e2ad15fb51bb53c","name":"sfiedler","image":{"@type":"ImageObject","inLanguage":"de","@id":"https:\/\/einfachzufriedensein.de\/#\/schema\/person\/image\/","url":"https:\/\/einfachzufriedensein.de\/wp-content\/uploads\/2024\/10\/IMG20240928112843-scaled.jpg","contentUrl":"https:\/\/einfachzufriedensein.de\/wp-content\/uploads\/2024\/10\/IMG20240928112843-scaled.jpg","width":1927,"height":2560,"caption":"sfiedler"},"logo":{"@id":"https:\/\/einfachzufriedensein.de\/#\/schema\/person\/image\/"},"sameAs":["https:\/\/einfachzufriedensein.de"],"url":"https:\/\/einfachzufriedensein.de\/?author=1"}]}},"_links":{"self":[{"href":"https:\/\/einfachzufriedensein.de\/index.php?rest_route=\/wp\/v2\/posts\/186","targetHints":{"allow":["GET"]}}],"collection":[{"href":"https:\/\/einfachzufriedensein.de\/index.php?rest_route=\/wp\/v2\/posts"}],"about":[{"href":"https:\/\/einfachzufriedensein.de\/index.php?rest_route=\/wp\/v2\/types\/post"}],"author":[{"embeddable":true,"href":"https:\/\/einfachzufriedensein.de\/index.php?rest_route=\/wp\/v2\/users\/1"}],"replies":[{"embeddable":true,"href":"https:\/\/einfachzufriedensein.de\/index.php?rest_route=%2Fwp%2Fv2%2Fcomments&post=186"}],"version-history":[{"count":14,"href":"https:\/\/einfachzufriedensein.de\/index.php?rest_route=\/wp\/v2\/posts\/186\/revisions"}],"predecessor-version":[{"id":258,"href":"https:\/\/einfachzufriedensein.de\/index.php?rest_route=\/wp\/v2\/posts\/186\/revisions\/258"}],"wp:featuredmedia":[{"embeddable":true,"href":"https:\/\/einfachzufriedensein.de\/index.php?rest_route=\/wp\/v2\/media\/57"}],"wp:attachment":[{"href":"https:\/\/einfachzufriedensein.de\/index.php?rest_route=%2Fwp%2Fv2%2Fmedia&parent=186"}],"wp:term":[{"taxonomy":"category","embeddable":true,"href":"https:\/\/einfachzufriedensein.de\/index.php?rest_route=%2Fwp%2Fv2%2Fcategories&post=186"},{"taxonomy":"post_tag","embeddable":true,"href":"https:\/\/einfachzufriedensein.de\/index.php?rest_route=%2Fwp%2Fv2%2Ftags&post=186"}],"curies":[{"name":"wp","href":"https:\/\/api.w.org\/{rel}","templated":true}]}}