{"id":176,"date":"2024-11-23T14:35:44","date_gmt":"2024-11-23T13:35:44","guid":{"rendered":"https:\/\/einfachzufriedensein.de\/?p=176"},"modified":"2024-11-25T14:36:12","modified_gmt":"2024-11-25T13:36:12","slug":"oben-ohne","status":"publish","type":"post","link":"https:\/\/einfachzufriedensein.de\/?p=176","title":{"rendered":"Oben Ohne?"},"content":{"rendered":"\n<p>Dar\u00fcber wollte ich mir eigentlich keine Gedanken machen und hatte so gehofft, dass es mir erspart bleiben wird. Bis zum Schluss, bis zum Gespr\u00e4ch letzten Donnerstag mit der \u00c4rztin. Sie sprach offen und unverbl\u00fcmt \u00fcber die Nebenwirkungen einer Chemotherapie. Am Ende steht handschriftlich auf dem Aufkl\u00e4rungsbogen &#8230;&#8230;&#8230; Das liest sich wie ein schlechter Roman und man denkt sich, ja das kann eintreten, muss aber nicht. Die Chancen nichts dergleichen zu bekommen, stehen eher schlecht. Wir reden hier von Chemikalien, die intraven\u00f6s in meinen K\u00f6rper infundiert werden, um die hartn\u00e4ckigen Krebszellen zu bek\u00e4mpfen. Das br\u00e4uchte man alles nicht tun, wenn man Krebs mit einer Aspirin behandeln k\u00f6nnte. Daher kann ich nur hoffen, dass ich die Nebenwirkungen gut ertragen werde und verabschiede mich so langsam von meinem bisher doch recht gesunden und fitten K\u00f6rper.<\/p>\n\n\n\n<p>Die Nebenwirkungen der AHT (Anti-Hormon-Therapie), ihr erinnert euch &#8211; Paul ist auf Di\u00e4t. Bis auf Muskelschmerzen und einem ver\u00e4nderten Schlafbed\u00fcrfnis h\u00e4lt es sich im Moment noch in Grenzen. Aber ich bin in st\u00e4ndiger &#8222;Alarmbereitschaft&#8220; und beobachte meinen K\u00f6rper und die Zipperlein ganz genau. Vielleicht auch gar nicht so schlecht, einfach mal besser auf sich selbst zu achten. <\/p>\n\n\n\n<p>Stichwort Nebenwirkungen &#8211; nun sitze ich also hier und muss mir Gedanken dar\u00fcber machen, ob ich in den n\u00e4chsten Monaten eine Per\u00fccke m\u00f6chte oder oben ohne unter die Menschen treten werde. Ich habe nicht gedacht, dass diese Entscheidung so schwer sein w\u00fcrde. Vor ein paar Wochen war ich noch felsenfest der Meinung, ich trage Glatze und farbige M\u00fctzen. Mittlerweile denke ich etwas anders dar\u00fcber und die \u00c4rztin gab den Impuls dazu &#8211; zum Gl\u00fcck. Denn man sollte im Idealfall noch vor dem Haarausfall eine Per\u00fcckenberatung in Anspruch nehmen. Wegen der Haarfarbe und der Frisur, die man aktuell tr\u00e4gt, denn eine Per\u00fccke wird eine Ver\u00e4nderung bringen und sie wird nicht hundertprozentig so aussehen, wie die eigenen Haare. UND &#8211; eine Per\u00fccke macht etwas mit einem, glaubt mir, ich h\u00e4tte das nicht gedacht. <\/p>\n\n\n\n<p>Wann ist der richtige Zeitpunkt daf\u00fcr, um eine Beratung f\u00fcr eine Per\u00fccke in Anspruch zu nehmen? Das kann dir keiner sagen, das musst du ganz allein entscheiden. Die \u00c4rztin weist aber ganz dezent darauf hin, dass du dir jederzeit ein Rezept daf\u00fcr geben lassen kannst. Ja, man bekommt je nach Krankenkasse einen Zuschuss und somit variiert die H\u00f6he deiner Eigenkosten. Da ich im Moment noch fit bin und meine Haare noch vorhanden sind, w\u00fcrde ich dieses Thema doch schnell angehen wollen. Aber wie finde ich jetzt einen Laden, der mich in meiner Situation gut beraten kann? Da habe ich mir vorher nie dr\u00fcber Gedanken gemacht. Internet &#8211; klar, geht, mache ich &#8211; aber da fehlen mir einfach die Empfehlungen und zufriedene Kunden. Ich sto\u00dfe auf eine Webseite <a href=\"https:\/\/www.staerkergegenkrebs.de\/\">&#8222;St\u00e4rker gegen Krebs&#8220;<\/a> und finde einen Hinweis auf einen Friseursalon in unserer N\u00e4he. Aber auch das reicht mir noch nicht. <\/p>\n\n\n\n<p>Da ich meinen bereits geplanten Friseurbesuch f\u00fcr die kommende Woche noch absagen muss, da ja bald keine Haare mehr vorhanden sein werden, frage ich kurzerhand noch meine Friseurin und auch sie empfiehlt mir den Salon, den ich bereits im Internet gefunden habe. Das best\u00e4rkt mich nun darin, dort anzurufen und einen Anprobetermin zu vereinbaren. <\/p>\n\n\n\n<p>Von sprichw\u00f6rtlich heute auf morgen finde ich mich quasi in einem Beratungsgespr\u00e4ch f\u00fcr einen Haarersatz, eine Per\u00fccke. Aber ich muss ehrlich sagen, es f\u00fchlt sich gar nicht so schlimm an, wie man sich das vorstellt. Der erste Blick in den Spiegel war sicher etwas ungewohnt, aber der Zweite und Dritte war dann schon ganz angenehm und ich versuchte sofort auch die Vorteile beim Tragen einer Per\u00fccke zu sehen. Eine etwas andere Haarfarbe, eine andere Haarl\u00e4nge und ein anderer Stil. Wenn schon eine Per\u00fccke, dann vielleicht auch ein neues ICH? <\/p>\n\n\n\n<p>Die Entscheidung ist an diesem Tag noch nicht gefallen, da ich mir noch weitere Modelle aus einem Katalog zur Anprobe aussuchen durfte. Es wird also einen zweiten Termin geben und dann lasse ich mich mal \u00fcberraschen. Ganz euphorisiert und gut gelaunt verlasse ich mit meinem Mann den Friseursalon und erwarte gespannt den R\u00fcckruf f\u00fcr den Folgetermin. <\/p>\n\n\n\n<p>&#8230;dann gibt\u00b4s auch Fotos f\u00fcr Euch \ud83d\ude09 <\/p>\n","protected":false},"excerpt":{"rendered":"<p class=\"text-justify\">Dar\u00fcber wollte ich mir eigentlich keine Gedanken machen und hatte so gehofft, dass es mir erspart bleiben wird. Bis zum Schluss, bis [&hellip;]<\/p>\n","protected":false},"author":1,"featured_media":57,"comment_status":"closed","ping_status":"open","sticky":false,"template":"","format":"standard","meta":{"footnotes":""},"categories":[1],"tags":[],"class_list":["post-176","post","type-post","status-publish","format-standard","has-post-thumbnail","hentry","category-allgemein"],"yoast_head":"<!-- This site is optimized with the Yoast SEO plugin v24.1 - https:\/\/yoast.com\/wordpress\/plugins\/seo\/ -->\n<title>Oben Ohne? - einfach.zufrieden.sein.<\/title>\n<meta name=\"description\" content=\"Der Gedanke keine eigenen Haare mehr auf dem Kopf zu haben, ist sehr schwer vorstellbar, wird aber sehr bald Realit\u00e4t werden.\" \/>\n<meta name=\"robots\" content=\"index, follow, max-snippet:-1, max-image-preview:large, max-video-preview:-1\" \/>\n<link rel=\"canonical\" href=\"https:\/\/einfachzufriedensein.de\/?p=176\" \/>\n<meta property=\"og:locale\" content=\"de_DE\" \/>\n<meta property=\"og:type\" content=\"article\" \/>\n<meta property=\"og:title\" content=\"Oben Ohne? - einfach.zufrieden.sein.\" \/>\n<meta property=\"og:description\" content=\"Der Gedanke keine eigenen Haare mehr auf dem Kopf zu haben, ist sehr schwer vorstellbar, wird aber sehr bald Realit\u00e4t werden.\" \/>\n<meta property=\"og:url\" content=\"https:\/\/einfachzufriedensein.de\/?p=176\" \/>\n<meta property=\"og:site_name\" content=\"einfach.zufrieden.sein.\" \/>\n<meta property=\"article:published_time\" content=\"2024-11-23T13:35:44+00:00\" \/>\n<meta property=\"article:modified_time\" content=\"2024-11-25T13:36:12+00:00\" \/>\n<meta property=\"og:image\" content=\"https:\/\/einfachzufriedensein.de\/wp-content\/uploads\/2024\/10\/einfach.-zufrieden.-sein-2.png\" \/>\n\t<meta property=\"og:image:width\" content=\"500\" \/>\n\t<meta property=\"og:image:height\" content=\"500\" \/>\n\t<meta property=\"og:image:type\" content=\"image\/png\" \/>\n<meta name=\"author\" content=\"sfiedler\" \/>\n<meta name=\"twitter:card\" content=\"summary_large_image\" \/>\n<meta name=\"twitter:label1\" content=\"Verfasst von\" \/>\n\t<meta name=\"twitter:data1\" content=\"sfiedler\" \/>\n\t<meta name=\"twitter:label2\" content=\"Gesch\u00e4tzte Lesezeit\" \/>\n\t<meta name=\"twitter:data2\" content=\"4\u00a0Minuten\" \/>\n<script type=\"application\/ld+json\" class=\"yoast-schema-graph\">{\"@context\":\"https:\/\/schema.org\",\"@graph\":[{\"@type\":\"Article\",\"@id\":\"https:\/\/einfachzufriedensein.de\/?p=176#article\",\"isPartOf\":{\"@id\":\"https:\/\/einfachzufriedensein.de\/?p=176\"},\"author\":{\"name\":\"sfiedler\",\"@id\":\"https:\/\/einfachzufriedensein.de\/#\/schema\/person\/1c305a44404a7ae00e2ad15fb51bb53c\"},\"headline\":\"Oben Ohne?\",\"datePublished\":\"2024-11-23T13:35:44+00:00\",\"dateModified\":\"2024-11-25T13:36:12+00:00\",\"mainEntityOfPage\":{\"@id\":\"https:\/\/einfachzufriedensein.de\/?p=176\"},\"wordCount\":729,\"publisher\":{\"@id\":\"https:\/\/einfachzufriedensein.de\/#\/schema\/person\/1c305a44404a7ae00e2ad15fb51bb53c\"},\"image\":{\"@id\":\"https:\/\/einfachzufriedensein.de\/?p=176#primaryimage\"},\"thumbnailUrl\":\"https:\/\/einfachzufriedensein.de\/wp-content\/uploads\/2024\/10\/einfach.-zufrieden.-sein-2.png\",\"inLanguage\":\"de\"},{\"@type\":\"WebPage\",\"@id\":\"https:\/\/einfachzufriedensein.de\/?p=176\",\"url\":\"https:\/\/einfachzufriedensein.de\/?p=176\",\"name\":\"Oben Ohne? - einfach.zufrieden.sein.\",\"isPartOf\":{\"@id\":\"https:\/\/einfachzufriedensein.de\/#website\"},\"primaryImageOfPage\":{\"@id\":\"https:\/\/einfachzufriedensein.de\/?p=176#primaryimage\"},\"image\":{\"@id\":\"https:\/\/einfachzufriedensein.de\/?p=176#primaryimage\"},\"thumbnailUrl\":\"https:\/\/einfachzufriedensein.de\/wp-content\/uploads\/2024\/10\/einfach.-zufrieden.-sein-2.png\",\"datePublished\":\"2024-11-23T13:35:44+00:00\",\"dateModified\":\"2024-11-25T13:36:12+00:00\",\"description\":\"Der Gedanke keine eigenen Haare mehr auf dem Kopf zu haben, ist sehr schwer vorstellbar, wird aber sehr bald Realit\u00e4t werden.\",\"breadcrumb\":{\"@id\":\"https:\/\/einfachzufriedensein.de\/?p=176#breadcrumb\"},\"inLanguage\":\"de\",\"potentialAction\":[{\"@type\":\"ReadAction\",\"target\":[\"https:\/\/einfachzufriedensein.de\/?p=176\"]}]},{\"@type\":\"ImageObject\",\"inLanguage\":\"de\",\"@id\":\"https:\/\/einfachzufriedensein.de\/?p=176#primaryimage\",\"url\":\"https:\/\/einfachzufriedensein.de\/wp-content\/uploads\/2024\/10\/einfach.-zufrieden.-sein-2.png\",\"contentUrl\":\"https:\/\/einfachzufriedensein.de\/wp-content\/uploads\/2024\/10\/einfach.-zufrieden.-sein-2.png\",\"width\":500,\"height\":500},{\"@type\":\"BreadcrumbList\",\"@id\":\"https:\/\/einfachzufriedensein.de\/?p=176#breadcrumb\",\"itemListElement\":[{\"@type\":\"ListItem\",\"position\":1,\"name\":\"Startseite\",\"item\":\"https:\/\/einfachzufriedensein.de\/\"},{\"@type\":\"ListItem\",\"position\":2,\"name\":\"Oben Ohne?\"}]},{\"@type\":\"WebSite\",\"@id\":\"https:\/\/einfachzufriedensein.de\/#website\",\"url\":\"https:\/\/einfachzufriedensein.de\/\",\"name\":\"einfach.zufrieden.sein.\",\"description\":\"Der Brustkrebs &amp; ich  - das Tagebuch einer Brustkrebspatientin\",\"publisher\":{\"@id\":\"https:\/\/einfachzufriedensein.de\/#\/schema\/person\/1c305a44404a7ae00e2ad15fb51bb53c\"},\"potentialAction\":[{\"@type\":\"SearchAction\",\"target\":{\"@type\":\"EntryPoint\",\"urlTemplate\":\"https:\/\/einfachzufriedensein.de\/?s={search_term_string}\"},\"query-input\":{\"@type\":\"PropertyValueSpecification\",\"valueRequired\":true,\"valueName\":\"search_term_string\"}}],\"inLanguage\":\"de\"},{\"@type\":[\"Person\",\"Organization\"],\"@id\":\"https:\/\/einfachzufriedensein.de\/#\/schema\/person\/1c305a44404a7ae00e2ad15fb51bb53c\",\"name\":\"sfiedler\",\"image\":{\"@type\":\"ImageObject\",\"inLanguage\":\"de\",\"@id\":\"https:\/\/einfachzufriedensein.de\/#\/schema\/person\/image\/\",\"url\":\"https:\/\/einfachzufriedensein.de\/wp-content\/uploads\/2024\/10\/IMG20240928112843-scaled.jpg\",\"contentUrl\":\"https:\/\/einfachzufriedensein.de\/wp-content\/uploads\/2024\/10\/IMG20240928112843-scaled.jpg\",\"width\":1927,\"height\":2560,\"caption\":\"sfiedler\"},\"logo\":{\"@id\":\"https:\/\/einfachzufriedensein.de\/#\/schema\/person\/image\/\"},\"sameAs\":[\"https:\/\/einfachzufriedensein.de\"],\"url\":\"https:\/\/einfachzufriedensein.de\/?author=1\"}]}<\/script>\n<!-- \/ Yoast SEO plugin. -->","yoast_head_json":{"title":"Oben Ohne? - einfach.zufrieden.sein.","description":"Der Gedanke keine eigenen Haare mehr auf dem Kopf zu haben, ist sehr schwer vorstellbar, wird aber sehr bald Realit\u00e4t werden.","robots":{"index":"index","follow":"follow","max-snippet":"max-snippet:-1","max-image-preview":"max-image-preview:large","max-video-preview":"max-video-preview:-1"},"canonical":"https:\/\/einfachzufriedensein.de\/?p=176","og_locale":"de_DE","og_type":"article","og_title":"Oben Ohne? - einfach.zufrieden.sein.","og_description":"Der Gedanke keine eigenen Haare mehr auf dem Kopf zu haben, ist sehr schwer vorstellbar, wird aber sehr bald Realit\u00e4t werden.","og_url":"https:\/\/einfachzufriedensein.de\/?p=176","og_site_name":"einfach.zufrieden.sein.","article_published_time":"2024-11-23T13:35:44+00:00","article_modified_time":"2024-11-25T13:36:12+00:00","og_image":[{"width":500,"height":500,"url":"https:\/\/einfachzufriedensein.de\/wp-content\/uploads\/2024\/10\/einfach.-zufrieden.-sein-2.png","type":"image\/png"}],"author":"sfiedler","twitter_card":"summary_large_image","twitter_misc":{"Verfasst von":"sfiedler","Gesch\u00e4tzte Lesezeit":"4\u00a0Minuten"},"schema":{"@context":"https:\/\/schema.org","@graph":[{"@type":"Article","@id":"https:\/\/einfachzufriedensein.de\/?p=176#article","isPartOf":{"@id":"https:\/\/einfachzufriedensein.de\/?p=176"},"author":{"name":"sfiedler","@id":"https:\/\/einfachzufriedensein.de\/#\/schema\/person\/1c305a44404a7ae00e2ad15fb51bb53c"},"headline":"Oben Ohne?","datePublished":"2024-11-23T13:35:44+00:00","dateModified":"2024-11-25T13:36:12+00:00","mainEntityOfPage":{"@id":"https:\/\/einfachzufriedensein.de\/?p=176"},"wordCount":729,"publisher":{"@id":"https:\/\/einfachzufriedensein.de\/#\/schema\/person\/1c305a44404a7ae00e2ad15fb51bb53c"},"image":{"@id":"https:\/\/einfachzufriedensein.de\/?p=176#primaryimage"},"thumbnailUrl":"https:\/\/einfachzufriedensein.de\/wp-content\/uploads\/2024\/10\/einfach.-zufrieden.-sein-2.png","inLanguage":"de"},{"@type":"WebPage","@id":"https:\/\/einfachzufriedensein.de\/?p=176","url":"https:\/\/einfachzufriedensein.de\/?p=176","name":"Oben Ohne? - einfach.zufrieden.sein.","isPartOf":{"@id":"https:\/\/einfachzufriedensein.de\/#website"},"primaryImageOfPage":{"@id":"https:\/\/einfachzufriedensein.de\/?p=176#primaryimage"},"image":{"@id":"https:\/\/einfachzufriedensein.de\/?p=176#primaryimage"},"thumbnailUrl":"https:\/\/einfachzufriedensein.de\/wp-content\/uploads\/2024\/10\/einfach.-zufrieden.-sein-2.png","datePublished":"2024-11-23T13:35:44+00:00","dateModified":"2024-11-25T13:36:12+00:00","description":"Der Gedanke keine eigenen Haare mehr auf dem Kopf zu haben, ist sehr schwer vorstellbar, wird aber sehr bald Realit\u00e4t werden.","breadcrumb":{"@id":"https:\/\/einfachzufriedensein.de\/?p=176#breadcrumb"},"inLanguage":"de","potentialAction":[{"@type":"ReadAction","target":["https:\/\/einfachzufriedensein.de\/?p=176"]}]},{"@type":"ImageObject","inLanguage":"de","@id":"https:\/\/einfachzufriedensein.de\/?p=176#primaryimage","url":"https:\/\/einfachzufriedensein.de\/wp-content\/uploads\/2024\/10\/einfach.-zufrieden.-sein-2.png","contentUrl":"https:\/\/einfachzufriedensein.de\/wp-content\/uploads\/2024\/10\/einfach.-zufrieden.-sein-2.png","width":500,"height":500},{"@type":"BreadcrumbList","@id":"https:\/\/einfachzufriedensein.de\/?p=176#breadcrumb","itemListElement":[{"@type":"ListItem","position":1,"name":"Startseite","item":"https:\/\/einfachzufriedensein.de\/"},{"@type":"ListItem","position":2,"name":"Oben Ohne?"}]},{"@type":"WebSite","@id":"https:\/\/einfachzufriedensein.de\/#website","url":"https:\/\/einfachzufriedensein.de\/","name":"einfach.zufrieden.sein.","description":"Der Brustkrebs &amp; ich  - das Tagebuch einer Brustkrebspatientin","publisher":{"@id":"https:\/\/einfachzufriedensein.de\/#\/schema\/person\/1c305a44404a7ae00e2ad15fb51bb53c"},"potentialAction":[{"@type":"SearchAction","target":{"@type":"EntryPoint","urlTemplate":"https:\/\/einfachzufriedensein.de\/?s={search_term_string}"},"query-input":{"@type":"PropertyValueSpecification","valueRequired":true,"valueName":"search_term_string"}}],"inLanguage":"de"},{"@type":["Person","Organization"],"@id":"https:\/\/einfachzufriedensein.de\/#\/schema\/person\/1c305a44404a7ae00e2ad15fb51bb53c","name":"sfiedler","image":{"@type":"ImageObject","inLanguage":"de","@id":"https:\/\/einfachzufriedensein.de\/#\/schema\/person\/image\/","url":"https:\/\/einfachzufriedensein.de\/wp-content\/uploads\/2024\/10\/IMG20240928112843-scaled.jpg","contentUrl":"https:\/\/einfachzufriedensein.de\/wp-content\/uploads\/2024\/10\/IMG20240928112843-scaled.jpg","width":1927,"height":2560,"caption":"sfiedler"},"logo":{"@id":"https:\/\/einfachzufriedensein.de\/#\/schema\/person\/image\/"},"sameAs":["https:\/\/einfachzufriedensein.de"],"url":"https:\/\/einfachzufriedensein.de\/?author=1"}]}},"_links":{"self":[{"href":"https:\/\/einfachzufriedensein.de\/index.php?rest_route=\/wp\/v2\/posts\/176","targetHints":{"allow":["GET"]}}],"collection":[{"href":"https:\/\/einfachzufriedensein.de\/index.php?rest_route=\/wp\/v2\/posts"}],"about":[{"href":"https:\/\/einfachzufriedensein.de\/index.php?rest_route=\/wp\/v2\/types\/post"}],"author":[{"embeddable":true,"href":"https:\/\/einfachzufriedensein.de\/index.php?rest_route=\/wp\/v2\/users\/1"}],"replies":[{"embeddable":true,"href":"https:\/\/einfachzufriedensein.de\/index.php?rest_route=%2Fwp%2Fv2%2Fcomments&post=176"}],"version-history":[{"count":13,"href":"https:\/\/einfachzufriedensein.de\/index.php?rest_route=\/wp\/v2\/posts\/176\/revisions"}],"predecessor-version":[{"id":198,"href":"https:\/\/einfachzufriedensein.de\/index.php?rest_route=\/wp\/v2\/posts\/176\/revisions\/198"}],"wp:featuredmedia":[{"embeddable":true,"href":"https:\/\/einfachzufriedensein.de\/index.php?rest_route=\/wp\/v2\/media\/57"}],"wp:attachment":[{"href":"https:\/\/einfachzufriedensein.de\/index.php?rest_route=%2Fwp%2Fv2%2Fmedia&parent=176"}],"wp:term":[{"taxonomy":"category","embeddable":true,"href":"https:\/\/einfachzufriedensein.de\/index.php?rest_route=%2Fwp%2Fv2%2Fcategories&post=176"},{"taxonomy":"post_tag","embeddable":true,"href":"https:\/\/einfachzufriedensein.de\/index.php?rest_route=%2Fwp%2Fv2%2Ftags&post=176"}],"curies":[{"name":"wp","href":"https:\/\/api.w.org\/{rel}","templated":true}]}}