{"id":173,"date":"2024-11-23T07:14:00","date_gmt":"2024-11-23T06:14:00","guid":{"rendered":"https:\/\/einfachzufriedensein.de\/?p=173"},"modified":"2024-11-24T06:42:34","modified_gmt":"2024-11-24T05:42:34","slug":"traenenlos","status":"publish","type":"post","link":"https:\/\/einfachzufriedensein.de\/?p=173","title":{"rendered":"Tr\u00e4nenlos"},"content":{"rendered":"\n<p>Ich habe noch nicht ein einziges Mal in dieser gesamten Zeit geweint, noch nicht eine Tr\u00e4ne vergossen angesichts meiner Diagnose. Und doch h\u00e4tte ich allen Grund dazu &#8211; oder? Bin ich gef\u00fchlskalt oder einfach zu kontrolliert? Unterdr\u00fccke ich unterbewusst den Impuls einfach loszuheulen und alles rauszulassen? Ja, ich bin ein Kopfmensch. Mich triggert, auch unterbewusst, ziemlich viel. Das Meiste geht mir nachts durch den Kopf und l\u00e4sst mich schlaflos im Bett von einer Seite auf die Andere w\u00e4lzen. Ich stehe zeitig auf, f\u00fcr meinen Mann definitiv immer zu fr\u00fch. Wir nennen es liebevoll die senile Bettflucht. Wobei &#8211; ein Langschl\u00e4fer war ich noch nie.<\/p>\n\n\n\n<p>Bei sch\u00f6nen und bei traurigen Dingen kann ich durchaus sehr nah am Wasser sein. Kann heulen und den Gef\u00fchlen freien Lauf lassen. Aber warum nicht jetzt? Durch meinen \u00f6ffentlichen Umgang mit meiner Diagnose bin ich ebenfalls in den sozialen Medien wie Instagram und Facebook aktiv. Dort lese ich immer wieder von Krebspatienten, die viel weinen. Und dann frage ich mich, warum bin ich so anders? Muss ich dieser Eigenart auf den Grund gehen? Ist das ein typischer Charakterzug f\u00fcr gef\u00fchlsarme Menschen? Psychologen h\u00e4tten jetzt sicher eine gute und wissenschaftlich belegte Antwort darauf.<\/p>\n\n\n\n<p>Vielleicht wird das ja auch ein Teil meiner neuen Reise. Zu mir selbst finden, mich selbst besser kennenlernen und Dinge, die ich tue einfach mehr zu hinterfragen. Versuchen, mich selbst zu verstehen. Auf der Gef\u00fchlsebene und nicht auf der Kopfebene. <\/p>\n","protected":false},"excerpt":{"rendered":"<p class=\"text-justify\">Ich habe noch nicht ein einziges Mal in dieser gesamten Zeit geweint, noch nicht eine Tr\u00e4ne vergossen angesichts meiner Diagnose. Und doch [&hellip;]<\/p>\n","protected":false},"author":1,"featured_media":57,"comment_status":"closed","ping_status":"open","sticky":false,"template":"","format":"standard","meta":{"footnotes":""},"categories":[1],"tags":[],"class_list":["post-173","post","type-post","status-publish","format-standard","has-post-thumbnail","hentry","category-allgemein"],"yoast_head":"<!-- This site is optimized with the Yoast SEO plugin v24.1 - https:\/\/yoast.com\/wordpress\/plugins\/seo\/ -->\n<title>Tr\u00e4nenlos - einfach.zufrieden.sein.<\/title>\n<meta name=\"description\" content=\"Warum kann ich nicht weinen angesichts der Krebsdiagnose? Wird der Krebs eine Reise zu mir selbst? Den Kopf einfach ausschalten?\" \/>\n<meta name=\"robots\" content=\"index, follow, max-snippet:-1, max-image-preview:large, max-video-preview:-1\" \/>\n<link rel=\"canonical\" href=\"https:\/\/einfachzufriedensein.de\/?p=173\" \/>\n<meta property=\"og:locale\" content=\"de_DE\" \/>\n<meta property=\"og:type\" content=\"article\" \/>\n<meta property=\"og:title\" content=\"Tr\u00e4nenlos - einfach.zufrieden.sein.\" \/>\n<meta property=\"og:description\" content=\"Warum kann ich nicht weinen angesichts der Krebsdiagnose? Wird der Krebs eine Reise zu mir selbst? Den Kopf einfach ausschalten?\" \/>\n<meta property=\"og:url\" content=\"https:\/\/einfachzufriedensein.de\/?p=173\" \/>\n<meta property=\"og:site_name\" content=\"einfach.zufrieden.sein.\" \/>\n<meta property=\"article:published_time\" content=\"2024-11-23T06:14:00+00:00\" \/>\n<meta property=\"article:modified_time\" content=\"2024-11-24T05:42:34+00:00\" \/>\n<meta property=\"og:image\" content=\"https:\/\/einfachzufriedensein.de\/wp-content\/uploads\/2024\/10\/einfach.-zufrieden.-sein-2.png\" \/>\n\t<meta property=\"og:image:width\" content=\"500\" \/>\n\t<meta property=\"og:image:height\" content=\"500\" \/>\n\t<meta property=\"og:image:type\" content=\"image\/png\" \/>\n<meta name=\"author\" content=\"sfiedler\" \/>\n<meta name=\"twitter:card\" content=\"summary_large_image\" \/>\n<meta name=\"twitter:label1\" content=\"Verfasst von\" \/>\n\t<meta name=\"twitter:data1\" content=\"sfiedler\" \/>\n\t<meta name=\"twitter:label2\" content=\"Gesch\u00e4tzte Lesezeit\" \/>\n\t<meta name=\"twitter:data2\" content=\"2\u00a0Minuten\" \/>\n<script type=\"application\/ld+json\" class=\"yoast-schema-graph\">{\"@context\":\"https:\/\/schema.org\",\"@graph\":[{\"@type\":\"Article\",\"@id\":\"https:\/\/einfachzufriedensein.de\/?p=173#article\",\"isPartOf\":{\"@id\":\"https:\/\/einfachzufriedensein.de\/?p=173\"},\"author\":{\"name\":\"sfiedler\",\"@id\":\"https:\/\/einfachzufriedensein.de\/#\/schema\/person\/1c305a44404a7ae00e2ad15fb51bb53c\"},\"headline\":\"Tr\u00e4nenlos\",\"datePublished\":\"2024-11-23T06:14:00+00:00\",\"dateModified\":\"2024-11-24T05:42:34+00:00\",\"mainEntityOfPage\":{\"@id\":\"https:\/\/einfachzufriedensein.de\/?p=173\"},\"wordCount\":253,\"publisher\":{\"@id\":\"https:\/\/einfachzufriedensein.de\/#\/schema\/person\/1c305a44404a7ae00e2ad15fb51bb53c\"},\"image\":{\"@id\":\"https:\/\/einfachzufriedensein.de\/?p=173#primaryimage\"},\"thumbnailUrl\":\"https:\/\/einfachzufriedensein.de\/wp-content\/uploads\/2024\/10\/einfach.-zufrieden.-sein-2.png\",\"inLanguage\":\"de\"},{\"@type\":\"WebPage\",\"@id\":\"https:\/\/einfachzufriedensein.de\/?p=173\",\"url\":\"https:\/\/einfachzufriedensein.de\/?p=173\",\"name\":\"Tr\u00e4nenlos - einfach.zufrieden.sein.\",\"isPartOf\":{\"@id\":\"https:\/\/einfachzufriedensein.de\/#website\"},\"primaryImageOfPage\":{\"@id\":\"https:\/\/einfachzufriedensein.de\/?p=173#primaryimage\"},\"image\":{\"@id\":\"https:\/\/einfachzufriedensein.de\/?p=173#primaryimage\"},\"thumbnailUrl\":\"https:\/\/einfachzufriedensein.de\/wp-content\/uploads\/2024\/10\/einfach.-zufrieden.-sein-2.png\",\"datePublished\":\"2024-11-23T06:14:00+00:00\",\"dateModified\":\"2024-11-24T05:42:34+00:00\",\"description\":\"Warum kann ich nicht weinen angesichts der Krebsdiagnose? Wird der Krebs eine Reise zu mir selbst? Den Kopf einfach ausschalten?\",\"breadcrumb\":{\"@id\":\"https:\/\/einfachzufriedensein.de\/?p=173#breadcrumb\"},\"inLanguage\":\"de\",\"potentialAction\":[{\"@type\":\"ReadAction\",\"target\":[\"https:\/\/einfachzufriedensein.de\/?p=173\"]}]},{\"@type\":\"ImageObject\",\"inLanguage\":\"de\",\"@id\":\"https:\/\/einfachzufriedensein.de\/?p=173#primaryimage\",\"url\":\"https:\/\/einfachzufriedensein.de\/wp-content\/uploads\/2024\/10\/einfach.-zufrieden.-sein-2.png\",\"contentUrl\":\"https:\/\/einfachzufriedensein.de\/wp-content\/uploads\/2024\/10\/einfach.-zufrieden.-sein-2.png\",\"width\":500,\"height\":500},{\"@type\":\"BreadcrumbList\",\"@id\":\"https:\/\/einfachzufriedensein.de\/?p=173#breadcrumb\",\"itemListElement\":[{\"@type\":\"ListItem\",\"position\":1,\"name\":\"Startseite\",\"item\":\"https:\/\/einfachzufriedensein.de\/\"},{\"@type\":\"ListItem\",\"position\":2,\"name\":\"Tr\u00e4nenlos\"}]},{\"@type\":\"WebSite\",\"@id\":\"https:\/\/einfachzufriedensein.de\/#website\",\"url\":\"https:\/\/einfachzufriedensein.de\/\",\"name\":\"einfach.zufrieden.sein.\",\"description\":\"Der Brustkrebs &amp; ich  - das Tagebuch einer Brustkrebspatientin\",\"publisher\":{\"@id\":\"https:\/\/einfachzufriedensein.de\/#\/schema\/person\/1c305a44404a7ae00e2ad15fb51bb53c\"},\"potentialAction\":[{\"@type\":\"SearchAction\",\"target\":{\"@type\":\"EntryPoint\",\"urlTemplate\":\"https:\/\/einfachzufriedensein.de\/?s={search_term_string}\"},\"query-input\":{\"@type\":\"PropertyValueSpecification\",\"valueRequired\":true,\"valueName\":\"search_term_string\"}}],\"inLanguage\":\"de\"},{\"@type\":[\"Person\",\"Organization\"],\"@id\":\"https:\/\/einfachzufriedensein.de\/#\/schema\/person\/1c305a44404a7ae00e2ad15fb51bb53c\",\"name\":\"sfiedler\",\"image\":{\"@type\":\"ImageObject\",\"inLanguage\":\"de\",\"@id\":\"https:\/\/einfachzufriedensein.de\/#\/schema\/person\/image\/\",\"url\":\"https:\/\/einfachzufriedensein.de\/wp-content\/uploads\/2024\/10\/IMG20240928112843-scaled.jpg\",\"contentUrl\":\"https:\/\/einfachzufriedensein.de\/wp-content\/uploads\/2024\/10\/IMG20240928112843-scaled.jpg\",\"width\":1927,\"height\":2560,\"caption\":\"sfiedler\"},\"logo\":{\"@id\":\"https:\/\/einfachzufriedensein.de\/#\/schema\/person\/image\/\"},\"sameAs\":[\"https:\/\/einfachzufriedensein.de\"],\"url\":\"https:\/\/einfachzufriedensein.de\/?author=1\"}]}<\/script>\n<!-- \/ Yoast SEO plugin. -->","yoast_head_json":{"title":"Tr\u00e4nenlos - einfach.zufrieden.sein.","description":"Warum kann ich nicht weinen angesichts der Krebsdiagnose? Wird der Krebs eine Reise zu mir selbst? Den Kopf einfach ausschalten?","robots":{"index":"index","follow":"follow","max-snippet":"max-snippet:-1","max-image-preview":"max-image-preview:large","max-video-preview":"max-video-preview:-1"},"canonical":"https:\/\/einfachzufriedensein.de\/?p=173","og_locale":"de_DE","og_type":"article","og_title":"Tr\u00e4nenlos - einfach.zufrieden.sein.","og_description":"Warum kann ich nicht weinen angesichts der Krebsdiagnose? Wird der Krebs eine Reise zu mir selbst? Den Kopf einfach ausschalten?","og_url":"https:\/\/einfachzufriedensein.de\/?p=173","og_site_name":"einfach.zufrieden.sein.","article_published_time":"2024-11-23T06:14:00+00:00","article_modified_time":"2024-11-24T05:42:34+00:00","og_image":[{"width":500,"height":500,"url":"https:\/\/einfachzufriedensein.de\/wp-content\/uploads\/2024\/10\/einfach.-zufrieden.-sein-2.png","type":"image\/png"}],"author":"sfiedler","twitter_card":"summary_large_image","twitter_misc":{"Verfasst von":"sfiedler","Gesch\u00e4tzte Lesezeit":"2\u00a0Minuten"},"schema":{"@context":"https:\/\/schema.org","@graph":[{"@type":"Article","@id":"https:\/\/einfachzufriedensein.de\/?p=173#article","isPartOf":{"@id":"https:\/\/einfachzufriedensein.de\/?p=173"},"author":{"name":"sfiedler","@id":"https:\/\/einfachzufriedensein.de\/#\/schema\/person\/1c305a44404a7ae00e2ad15fb51bb53c"},"headline":"Tr\u00e4nenlos","datePublished":"2024-11-23T06:14:00+00:00","dateModified":"2024-11-24T05:42:34+00:00","mainEntityOfPage":{"@id":"https:\/\/einfachzufriedensein.de\/?p=173"},"wordCount":253,"publisher":{"@id":"https:\/\/einfachzufriedensein.de\/#\/schema\/person\/1c305a44404a7ae00e2ad15fb51bb53c"},"image":{"@id":"https:\/\/einfachzufriedensein.de\/?p=173#primaryimage"},"thumbnailUrl":"https:\/\/einfachzufriedensein.de\/wp-content\/uploads\/2024\/10\/einfach.-zufrieden.-sein-2.png","inLanguage":"de"},{"@type":"WebPage","@id":"https:\/\/einfachzufriedensein.de\/?p=173","url":"https:\/\/einfachzufriedensein.de\/?p=173","name":"Tr\u00e4nenlos - einfach.zufrieden.sein.","isPartOf":{"@id":"https:\/\/einfachzufriedensein.de\/#website"},"primaryImageOfPage":{"@id":"https:\/\/einfachzufriedensein.de\/?p=173#primaryimage"},"image":{"@id":"https:\/\/einfachzufriedensein.de\/?p=173#primaryimage"},"thumbnailUrl":"https:\/\/einfachzufriedensein.de\/wp-content\/uploads\/2024\/10\/einfach.-zufrieden.-sein-2.png","datePublished":"2024-11-23T06:14:00+00:00","dateModified":"2024-11-24T05:42:34+00:00","description":"Warum kann ich nicht weinen angesichts der Krebsdiagnose? Wird der Krebs eine Reise zu mir selbst? Den Kopf einfach ausschalten?","breadcrumb":{"@id":"https:\/\/einfachzufriedensein.de\/?p=173#breadcrumb"},"inLanguage":"de","potentialAction":[{"@type":"ReadAction","target":["https:\/\/einfachzufriedensein.de\/?p=173"]}]},{"@type":"ImageObject","inLanguage":"de","@id":"https:\/\/einfachzufriedensein.de\/?p=173#primaryimage","url":"https:\/\/einfachzufriedensein.de\/wp-content\/uploads\/2024\/10\/einfach.-zufrieden.-sein-2.png","contentUrl":"https:\/\/einfachzufriedensein.de\/wp-content\/uploads\/2024\/10\/einfach.-zufrieden.-sein-2.png","width":500,"height":500},{"@type":"BreadcrumbList","@id":"https:\/\/einfachzufriedensein.de\/?p=173#breadcrumb","itemListElement":[{"@type":"ListItem","position":1,"name":"Startseite","item":"https:\/\/einfachzufriedensein.de\/"},{"@type":"ListItem","position":2,"name":"Tr\u00e4nenlos"}]},{"@type":"WebSite","@id":"https:\/\/einfachzufriedensein.de\/#website","url":"https:\/\/einfachzufriedensein.de\/","name":"einfach.zufrieden.sein.","description":"Der Brustkrebs &amp; ich  - das Tagebuch einer Brustkrebspatientin","publisher":{"@id":"https:\/\/einfachzufriedensein.de\/#\/schema\/person\/1c305a44404a7ae00e2ad15fb51bb53c"},"potentialAction":[{"@type":"SearchAction","target":{"@type":"EntryPoint","urlTemplate":"https:\/\/einfachzufriedensein.de\/?s={search_term_string}"},"query-input":{"@type":"PropertyValueSpecification","valueRequired":true,"valueName":"search_term_string"}}],"inLanguage":"de"},{"@type":["Person","Organization"],"@id":"https:\/\/einfachzufriedensein.de\/#\/schema\/person\/1c305a44404a7ae00e2ad15fb51bb53c","name":"sfiedler","image":{"@type":"ImageObject","inLanguage":"de","@id":"https:\/\/einfachzufriedensein.de\/#\/schema\/person\/image\/","url":"https:\/\/einfachzufriedensein.de\/wp-content\/uploads\/2024\/10\/IMG20240928112843-scaled.jpg","contentUrl":"https:\/\/einfachzufriedensein.de\/wp-content\/uploads\/2024\/10\/IMG20240928112843-scaled.jpg","width":1927,"height":2560,"caption":"sfiedler"},"logo":{"@id":"https:\/\/einfachzufriedensein.de\/#\/schema\/person\/image\/"},"sameAs":["https:\/\/einfachzufriedensein.de"],"url":"https:\/\/einfachzufriedensein.de\/?author=1"}]}},"_links":{"self":[{"href":"https:\/\/einfachzufriedensein.de\/index.php?rest_route=\/wp\/v2\/posts\/173","targetHints":{"allow":["GET"]}}],"collection":[{"href":"https:\/\/einfachzufriedensein.de\/index.php?rest_route=\/wp\/v2\/posts"}],"about":[{"href":"https:\/\/einfachzufriedensein.de\/index.php?rest_route=\/wp\/v2\/types\/post"}],"author":[{"embeddable":true,"href":"https:\/\/einfachzufriedensein.de\/index.php?rest_route=\/wp\/v2\/users\/1"}],"replies":[{"embeddable":true,"href":"https:\/\/einfachzufriedensein.de\/index.php?rest_route=%2Fwp%2Fv2%2Fcomments&post=173"}],"version-history":[{"count":6,"href":"https:\/\/einfachzufriedensein.de\/index.php?rest_route=\/wp\/v2\/posts\/173\/revisions"}],"predecessor-version":[{"id":182,"href":"https:\/\/einfachzufriedensein.de\/index.php?rest_route=\/wp\/v2\/posts\/173\/revisions\/182"}],"wp:featuredmedia":[{"embeddable":true,"href":"https:\/\/einfachzufriedensein.de\/index.php?rest_route=\/wp\/v2\/media\/57"}],"wp:attachment":[{"href":"https:\/\/einfachzufriedensein.de\/index.php?rest_route=%2Fwp%2Fv2%2Fmedia&parent=173"}],"wp:term":[{"taxonomy":"category","embeddable":true,"href":"https:\/\/einfachzufriedensein.de\/index.php?rest_route=%2Fwp%2Fv2%2Fcategories&post=173"},{"taxonomy":"post_tag","embeddable":true,"href":"https:\/\/einfachzufriedensein.de\/index.php?rest_route=%2Fwp%2Fv2%2Ftags&post=173"}],"curies":[{"name":"wp","href":"https:\/\/api.w.org\/{rel}","templated":true}]}}