{"id":167,"date":"2024-11-21T21:31:27","date_gmt":"2024-11-21T20:31:27","guid":{"rendered":"https:\/\/einfachzufriedensein.de\/?p=167"},"modified":"2024-11-22T14:00:26","modified_gmt":"2024-11-22T13:00:26","slug":"meine-weihnachtsplanung-steht-fest","status":"publish","type":"post","link":"https:\/\/einfachzufriedensein.de\/?p=167","title":{"rendered":"Meine &#8222;Weihnachtsplanung&#8220; steht fest"},"content":{"rendered":"\n<p>Nun habe ich endlich meinen medizinischen Fahrplan bekommen, auch wenn er anders aussieht, als ich ihn mir gew\u00fcnscht habe. Der OncoType Test meines Tumorgewebes hat ergeben, dass das R\u00fcckfallrisiko erneut an Krebs zu erkranken doch h\u00f6her ist als gedacht. Die Mediziner empfehlen mir zun\u00e4chst mit einer Chemotherapie zu starten. Danach erfolgt Bestrahlung und OP. Das ist ein fettes Brett und hat mich kurz nachdenklich gemacht. Bis zuletzt hatte ich gehofft, dass eine OP ausreichend sein wird. Die \u00c4rztin kl\u00e4rte mich \u00fcber alles genau auf, meine Fragen wurden sehr gut und ausf\u00fchrlich und vor allem verst\u00e4ndlich beantwortet. Die Anti-Hormon-Therapie, die bereits gestartet wurde, wird auch nach der Chemo weiter fortgesetzt, denn die Hormonproduktion muss unterdr\u00fcckt werden. Ich habe diesem Therapievorschlag zugestimmt, ich vertraue in die Medizin und den Medizinern. <\/p>\n\n\n\n<p>Somit steht meine &#8222;Weihnachtsplanung&#8220; schon im November fest, denn ich werde mit vier Chemos alle zwei Wochen starten. Weihnachten wird also zwischen den Chemotherapien stattfinden. Wie das wohl sein wird? Wie es mir wohl gehen wird? Wie wird es f\u00fcr meine Familie sein? Nach den ersten acht Wochen folgen noch 12 w\u00f6chentliche Chemos mit einem anderen Medikament. Ich werde meine Haare verlieren und muss mir Gedanken dar\u00fcber machen, ob ich eine Per\u00fccke tragen m\u00f6chte oder selbstbewusst zur Glatze, dem Zwiebelkopf, stehen werde. Oder werde ich doch eine M\u00fctzentr\u00e4gerin? Bisher mochte ich M\u00fctzen nicht wirklich, da meine Frisur danach immer &#8222;im Eimer&#8220; war und ich einen Bad-Hair-Look hatte. Wenn da keine Haare mehr sind, gehen nat\u00fcrlich auch M\u00fctzen. Sch\u00f6ne M\u00fctzen in vielen Farben passend zum Outfit.<\/p>\n\n\n\n<p>Das ist schr\u00e4g, dass ich mir nun \u00fcber solche Dinge Gedanken machen muss. Und die \u00c4rztin brachte auch noch einen wichtigen Punkt &#8211; eine Per\u00fccke l\u00e4sst einen rein \u00e4u\u00dferlich unter Menschen nicht so sehr auffallen. Man wird nicht permanent angestarrt. Mit einer Glatze wird man direkt als krank eingestuft und da muss ich ihr leider recht geben. Es gibt nicht viele gesunde Frauen mit einer Glatze. M\u00e4nner mit Glatze sieht man hingegen h\u00e4ufiger. Im Wartezimmer sind reichlich Flyer von Zweithaar-Anbietern. Ich nehme einige davon mit und schaue mir das in Ruhe zu Hause an. Solange ich meine Haare noch habe, muss ich das angehen, denn dann kann die Per\u00fccke \u00e4hnlich meiner jetzigen Frisur gestaltet werden. <\/p>\n\n\n\n<p>In den kommenden Tagen muss mir noch ein Port in die Vene gesetzt werden, \u00fcber den ich die Chemos bekomme. Dies ist ein kleiner Eingriff unter \u00f6rtlicher Bet\u00e4ubung oder bei Bedarf auch unter Narkose. Ebenfalls steht noch eine Herzuntersuchung aus, da die Chemo f\u00fcr den gesamten Kreislauf sehr belastend sein wird. Mit einem EILT-Vermerk geht meine Akte und die Anforderung f\u00fcr das Legen eines Ports in die daf\u00fcr zust\u00e4ndige Abteilung, die sich mit einem Termin bei mir melden wird. <\/p>\n\n\n\n<p>Die letzten Wochen mit der Diagnose und ohne Fahrplan waren zerm\u00fcrbend. Diese Ungewissheit \u00fcber die Art der Behandlung und mit dem Wissen, dass Paul sich in meiner Brust ausbreitet. Jetzt gibt es einen Weg, den ich gehen kann und werde. Ich bin im Tunnel und am Ende des Tunnels ist ein Licht. Ich sehe das Licht und dort muss ich hin. Ich werde alles daf\u00fcr tun. <\/p>\n\n\n\n<p> <img loading=\"lazy\" decoding=\"async\" width=\"297\" height=\"395\" class=\"wp-image-171\" style=\"width: 297px;\" src=\"https:\/\/einfachzufriedensein.de\/wp-content\/uploads\/2024\/11\/Behandlungsplan-11-2024klein.jpg\" alt=\"\" srcset=\"https:\/\/einfachzufriedensein.de\/wp-content\/uploads\/2024\/11\/Behandlungsplan-11-2024klein.jpg 1300w, https:\/\/einfachzufriedensein.de\/wp-content\/uploads\/2024\/11\/Behandlungsplan-11-2024klein-226x300.jpg 226w, https:\/\/einfachzufriedensein.de\/wp-content\/uploads\/2024\/11\/Behandlungsplan-11-2024klein-771x1024.jpg 771w, https:\/\/einfachzufriedensein.de\/wp-content\/uploads\/2024\/11\/Behandlungsplan-11-2024klein-768x1020.jpg 768w, https:\/\/einfachzufriedensein.de\/wp-content\/uploads\/2024\/11\/Behandlungsplan-11-2024klein-1156x1536.jpg 1156w\" sizes=\"auto, (max-width: 297px) 100vw, 297px\" \/><\/p>\n","protected":false},"excerpt":{"rendered":"<p class=\"text-justify\">Nun habe ich endlich meinen medizinischen Fahrplan bekommen, auch wenn er anders aussieht, als ich ihn mir gew\u00fcnscht habe. Der OncoType Test [&hellip;]<\/p>\n","protected":false},"author":1,"featured_media":57,"comment_status":"closed","ping_status":"open","sticky":false,"template":"","format":"standard","meta":{"footnotes":""},"categories":[1],"tags":[],"class_list":["post-167","post","type-post","status-publish","format-standard","has-post-thumbnail","hentry","category-allgemein"],"yoast_head":"<!-- This site is optimized with the Yoast SEO plugin v24.1 - https:\/\/yoast.com\/wordpress\/plugins\/seo\/ -->\n<title>Meine &quot;Weihnachtsplanung&quot; steht fest - einfach.zufrieden.sein.<\/title>\n<meta name=\"description\" content=\"Weihnachten wird in diesem Jahr anders. Zwischen den Chemos, mit einem haarfreien Kopf, aber vor allem besinnlich.\" \/>\n<meta name=\"robots\" content=\"index, follow, max-snippet:-1, max-image-preview:large, max-video-preview:-1\" \/>\n<link rel=\"canonical\" href=\"https:\/\/einfachzufriedensein.de\/?p=167\" \/>\n<meta property=\"og:locale\" content=\"de_DE\" \/>\n<meta property=\"og:type\" content=\"article\" \/>\n<meta property=\"og:title\" content=\"Meine &quot;Weihnachtsplanung&quot; steht fest - einfach.zufrieden.sein.\" \/>\n<meta property=\"og:description\" content=\"Weihnachten wird in diesem Jahr anders. Zwischen den Chemos, mit einem haarfreien Kopf, aber vor allem besinnlich.\" \/>\n<meta property=\"og:url\" content=\"https:\/\/einfachzufriedensein.de\/?p=167\" \/>\n<meta property=\"og:site_name\" content=\"einfach.zufrieden.sein.\" \/>\n<meta property=\"article:published_time\" content=\"2024-11-21T20:31:27+00:00\" \/>\n<meta property=\"article:modified_time\" content=\"2024-11-22T13:00:26+00:00\" \/>\n<meta property=\"og:image\" content=\"https:\/\/einfachzufriedensein.de\/wp-content\/uploads\/2024\/10\/einfach.-zufrieden.-sein-2.png\" \/>\n\t<meta property=\"og:image:width\" content=\"500\" \/>\n\t<meta property=\"og:image:height\" content=\"500\" \/>\n\t<meta property=\"og:image:type\" content=\"image\/png\" \/>\n<meta name=\"author\" content=\"sfiedler\" \/>\n<meta name=\"twitter:card\" content=\"summary_large_image\" \/>\n<meta name=\"twitter:label1\" content=\"Verfasst von\" \/>\n\t<meta name=\"twitter:data1\" content=\"sfiedler\" \/>\n\t<meta name=\"twitter:label2\" content=\"Gesch\u00e4tzte Lesezeit\" \/>\n\t<meta name=\"twitter:data2\" content=\"4\u00a0Minuten\" \/>\n<script type=\"application\/ld+json\" class=\"yoast-schema-graph\">{\"@context\":\"https:\/\/schema.org\",\"@graph\":[{\"@type\":\"Article\",\"@id\":\"https:\/\/einfachzufriedensein.de\/?p=167#article\",\"isPartOf\":{\"@id\":\"https:\/\/einfachzufriedensein.de\/?p=167\"},\"author\":{\"name\":\"sfiedler\",\"@id\":\"https:\/\/einfachzufriedensein.de\/#\/schema\/person\/1c305a44404a7ae00e2ad15fb51bb53c\"},\"headline\":\"Meine &#8222;Weihnachtsplanung&#8220; steht fest\",\"datePublished\":\"2024-11-21T20:31:27+00:00\",\"dateModified\":\"2024-11-22T13:00:26+00:00\",\"mainEntityOfPage\":{\"@id\":\"https:\/\/einfachzufriedensein.de\/?p=167\"},\"wordCount\":550,\"publisher\":{\"@id\":\"https:\/\/einfachzufriedensein.de\/#\/schema\/person\/1c305a44404a7ae00e2ad15fb51bb53c\"},\"image\":{\"@id\":\"https:\/\/einfachzufriedensein.de\/?p=167#primaryimage\"},\"thumbnailUrl\":\"https:\/\/einfachzufriedensein.de\/wp-content\/uploads\/2024\/10\/einfach.-zufrieden.-sein-2.png\",\"inLanguage\":\"de\"},{\"@type\":\"WebPage\",\"@id\":\"https:\/\/einfachzufriedensein.de\/?p=167\",\"url\":\"https:\/\/einfachzufriedensein.de\/?p=167\",\"name\":\"Meine \\\"Weihnachtsplanung\\\" steht fest - einfach.zufrieden.sein.\",\"isPartOf\":{\"@id\":\"https:\/\/einfachzufriedensein.de\/#website\"},\"primaryImageOfPage\":{\"@id\":\"https:\/\/einfachzufriedensein.de\/?p=167#primaryimage\"},\"image\":{\"@id\":\"https:\/\/einfachzufriedensein.de\/?p=167#primaryimage\"},\"thumbnailUrl\":\"https:\/\/einfachzufriedensein.de\/wp-content\/uploads\/2024\/10\/einfach.-zufrieden.-sein-2.png\",\"datePublished\":\"2024-11-21T20:31:27+00:00\",\"dateModified\":\"2024-11-22T13:00:26+00:00\",\"description\":\"Weihnachten wird in diesem Jahr anders. Zwischen den Chemos, mit einem haarfreien Kopf, aber vor allem besinnlich.\",\"breadcrumb\":{\"@id\":\"https:\/\/einfachzufriedensein.de\/?p=167#breadcrumb\"},\"inLanguage\":\"de\",\"potentialAction\":[{\"@type\":\"ReadAction\",\"target\":[\"https:\/\/einfachzufriedensein.de\/?p=167\"]}]},{\"@type\":\"ImageObject\",\"inLanguage\":\"de\",\"@id\":\"https:\/\/einfachzufriedensein.de\/?p=167#primaryimage\",\"url\":\"https:\/\/einfachzufriedensein.de\/wp-content\/uploads\/2024\/10\/einfach.-zufrieden.-sein-2.png\",\"contentUrl\":\"https:\/\/einfachzufriedensein.de\/wp-content\/uploads\/2024\/10\/einfach.-zufrieden.-sein-2.png\",\"width\":500,\"height\":500},{\"@type\":\"BreadcrumbList\",\"@id\":\"https:\/\/einfachzufriedensein.de\/?p=167#breadcrumb\",\"itemListElement\":[{\"@type\":\"ListItem\",\"position\":1,\"name\":\"Startseite\",\"item\":\"https:\/\/einfachzufriedensein.de\/\"},{\"@type\":\"ListItem\",\"position\":2,\"name\":\"Meine &#8222;Weihnachtsplanung&#8220; steht fest\"}]},{\"@type\":\"WebSite\",\"@id\":\"https:\/\/einfachzufriedensein.de\/#website\",\"url\":\"https:\/\/einfachzufriedensein.de\/\",\"name\":\"einfach.zufrieden.sein.\",\"description\":\"Der Brustkrebs &amp; ich  - das Tagebuch einer Brustkrebspatientin\",\"publisher\":{\"@id\":\"https:\/\/einfachzufriedensein.de\/#\/schema\/person\/1c305a44404a7ae00e2ad15fb51bb53c\"},\"potentialAction\":[{\"@type\":\"SearchAction\",\"target\":{\"@type\":\"EntryPoint\",\"urlTemplate\":\"https:\/\/einfachzufriedensein.de\/?s={search_term_string}\"},\"query-input\":{\"@type\":\"PropertyValueSpecification\",\"valueRequired\":true,\"valueName\":\"search_term_string\"}}],\"inLanguage\":\"de\"},{\"@type\":[\"Person\",\"Organization\"],\"@id\":\"https:\/\/einfachzufriedensein.de\/#\/schema\/person\/1c305a44404a7ae00e2ad15fb51bb53c\",\"name\":\"sfiedler\",\"image\":{\"@type\":\"ImageObject\",\"inLanguage\":\"de\",\"@id\":\"https:\/\/einfachzufriedensein.de\/#\/schema\/person\/image\/\",\"url\":\"https:\/\/einfachzufriedensein.de\/wp-content\/uploads\/2024\/10\/IMG20240928112843-scaled.jpg\",\"contentUrl\":\"https:\/\/einfachzufriedensein.de\/wp-content\/uploads\/2024\/10\/IMG20240928112843-scaled.jpg\",\"width\":1927,\"height\":2560,\"caption\":\"sfiedler\"},\"logo\":{\"@id\":\"https:\/\/einfachzufriedensein.de\/#\/schema\/person\/image\/\"},\"sameAs\":[\"https:\/\/einfachzufriedensein.de\"],\"url\":\"https:\/\/einfachzufriedensein.de\/?author=1\"}]}<\/script>\n<!-- \/ Yoast SEO plugin. -->","yoast_head_json":{"title":"Meine \"Weihnachtsplanung\" steht fest - einfach.zufrieden.sein.","description":"Weihnachten wird in diesem Jahr anders. Zwischen den Chemos, mit einem haarfreien Kopf, aber vor allem besinnlich.","robots":{"index":"index","follow":"follow","max-snippet":"max-snippet:-1","max-image-preview":"max-image-preview:large","max-video-preview":"max-video-preview:-1"},"canonical":"https:\/\/einfachzufriedensein.de\/?p=167","og_locale":"de_DE","og_type":"article","og_title":"Meine \"Weihnachtsplanung\" steht fest - einfach.zufrieden.sein.","og_description":"Weihnachten wird in diesem Jahr anders. Zwischen den Chemos, mit einem haarfreien Kopf, aber vor allem besinnlich.","og_url":"https:\/\/einfachzufriedensein.de\/?p=167","og_site_name":"einfach.zufrieden.sein.","article_published_time":"2024-11-21T20:31:27+00:00","article_modified_time":"2024-11-22T13:00:26+00:00","og_image":[{"width":500,"height":500,"url":"https:\/\/einfachzufriedensein.de\/wp-content\/uploads\/2024\/10\/einfach.-zufrieden.-sein-2.png","type":"image\/png"}],"author":"sfiedler","twitter_card":"summary_large_image","twitter_misc":{"Verfasst von":"sfiedler","Gesch\u00e4tzte Lesezeit":"4\u00a0Minuten"},"schema":{"@context":"https:\/\/schema.org","@graph":[{"@type":"Article","@id":"https:\/\/einfachzufriedensein.de\/?p=167#article","isPartOf":{"@id":"https:\/\/einfachzufriedensein.de\/?p=167"},"author":{"name":"sfiedler","@id":"https:\/\/einfachzufriedensein.de\/#\/schema\/person\/1c305a44404a7ae00e2ad15fb51bb53c"},"headline":"Meine &#8222;Weihnachtsplanung&#8220; steht fest","datePublished":"2024-11-21T20:31:27+00:00","dateModified":"2024-11-22T13:00:26+00:00","mainEntityOfPage":{"@id":"https:\/\/einfachzufriedensein.de\/?p=167"},"wordCount":550,"publisher":{"@id":"https:\/\/einfachzufriedensein.de\/#\/schema\/person\/1c305a44404a7ae00e2ad15fb51bb53c"},"image":{"@id":"https:\/\/einfachzufriedensein.de\/?p=167#primaryimage"},"thumbnailUrl":"https:\/\/einfachzufriedensein.de\/wp-content\/uploads\/2024\/10\/einfach.-zufrieden.-sein-2.png","inLanguage":"de"},{"@type":"WebPage","@id":"https:\/\/einfachzufriedensein.de\/?p=167","url":"https:\/\/einfachzufriedensein.de\/?p=167","name":"Meine \"Weihnachtsplanung\" steht fest - einfach.zufrieden.sein.","isPartOf":{"@id":"https:\/\/einfachzufriedensein.de\/#website"},"primaryImageOfPage":{"@id":"https:\/\/einfachzufriedensein.de\/?p=167#primaryimage"},"image":{"@id":"https:\/\/einfachzufriedensein.de\/?p=167#primaryimage"},"thumbnailUrl":"https:\/\/einfachzufriedensein.de\/wp-content\/uploads\/2024\/10\/einfach.-zufrieden.-sein-2.png","datePublished":"2024-11-21T20:31:27+00:00","dateModified":"2024-11-22T13:00:26+00:00","description":"Weihnachten wird in diesem Jahr anders. Zwischen den Chemos, mit einem haarfreien Kopf, aber vor allem besinnlich.","breadcrumb":{"@id":"https:\/\/einfachzufriedensein.de\/?p=167#breadcrumb"},"inLanguage":"de","potentialAction":[{"@type":"ReadAction","target":["https:\/\/einfachzufriedensein.de\/?p=167"]}]},{"@type":"ImageObject","inLanguage":"de","@id":"https:\/\/einfachzufriedensein.de\/?p=167#primaryimage","url":"https:\/\/einfachzufriedensein.de\/wp-content\/uploads\/2024\/10\/einfach.-zufrieden.-sein-2.png","contentUrl":"https:\/\/einfachzufriedensein.de\/wp-content\/uploads\/2024\/10\/einfach.-zufrieden.-sein-2.png","width":500,"height":500},{"@type":"BreadcrumbList","@id":"https:\/\/einfachzufriedensein.de\/?p=167#breadcrumb","itemListElement":[{"@type":"ListItem","position":1,"name":"Startseite","item":"https:\/\/einfachzufriedensein.de\/"},{"@type":"ListItem","position":2,"name":"Meine &#8222;Weihnachtsplanung&#8220; steht fest"}]},{"@type":"WebSite","@id":"https:\/\/einfachzufriedensein.de\/#website","url":"https:\/\/einfachzufriedensein.de\/","name":"einfach.zufrieden.sein.","description":"Der Brustkrebs &amp; ich  - das Tagebuch einer Brustkrebspatientin","publisher":{"@id":"https:\/\/einfachzufriedensein.de\/#\/schema\/person\/1c305a44404a7ae00e2ad15fb51bb53c"},"potentialAction":[{"@type":"SearchAction","target":{"@type":"EntryPoint","urlTemplate":"https:\/\/einfachzufriedensein.de\/?s={search_term_string}"},"query-input":{"@type":"PropertyValueSpecification","valueRequired":true,"valueName":"search_term_string"}}],"inLanguage":"de"},{"@type":["Person","Organization"],"@id":"https:\/\/einfachzufriedensein.de\/#\/schema\/person\/1c305a44404a7ae00e2ad15fb51bb53c","name":"sfiedler","image":{"@type":"ImageObject","inLanguage":"de","@id":"https:\/\/einfachzufriedensein.de\/#\/schema\/person\/image\/","url":"https:\/\/einfachzufriedensein.de\/wp-content\/uploads\/2024\/10\/IMG20240928112843-scaled.jpg","contentUrl":"https:\/\/einfachzufriedensein.de\/wp-content\/uploads\/2024\/10\/IMG20240928112843-scaled.jpg","width":1927,"height":2560,"caption":"sfiedler"},"logo":{"@id":"https:\/\/einfachzufriedensein.de\/#\/schema\/person\/image\/"},"sameAs":["https:\/\/einfachzufriedensein.de"],"url":"https:\/\/einfachzufriedensein.de\/?author=1"}]}},"_links":{"self":[{"href":"https:\/\/einfachzufriedensein.de\/index.php?rest_route=\/wp\/v2\/posts\/167","targetHints":{"allow":["GET"]}}],"collection":[{"href":"https:\/\/einfachzufriedensein.de\/index.php?rest_route=\/wp\/v2\/posts"}],"about":[{"href":"https:\/\/einfachzufriedensein.de\/index.php?rest_route=\/wp\/v2\/types\/post"}],"author":[{"embeddable":true,"href":"https:\/\/einfachzufriedensein.de\/index.php?rest_route=\/wp\/v2\/users\/1"}],"replies":[{"embeddable":true,"href":"https:\/\/einfachzufriedensein.de\/index.php?rest_route=%2Fwp%2Fv2%2Fcomments&post=167"}],"version-history":[{"count":3,"href":"https:\/\/einfachzufriedensein.de\/index.php?rest_route=\/wp\/v2\/posts\/167\/revisions"}],"predecessor-version":[{"id":172,"href":"https:\/\/einfachzufriedensein.de\/index.php?rest_route=\/wp\/v2\/posts\/167\/revisions\/172"}],"wp:featuredmedia":[{"embeddable":true,"href":"https:\/\/einfachzufriedensein.de\/index.php?rest_route=\/wp\/v2\/media\/57"}],"wp:attachment":[{"href":"https:\/\/einfachzufriedensein.de\/index.php?rest_route=%2Fwp%2Fv2%2Fmedia&parent=167"}],"wp:term":[{"taxonomy":"category","embeddable":true,"href":"https:\/\/einfachzufriedensein.de\/index.php?rest_route=%2Fwp%2Fv2%2Fcategories&post=167"},{"taxonomy":"post_tag","embeddable":true,"href":"https:\/\/einfachzufriedensein.de\/index.php?rest_route=%2Fwp%2Fv2%2Ftags&post=167"}],"curies":[{"name":"wp","href":"https:\/\/api.w.org\/{rel}","templated":true}]}}