{"id":1396,"date":"2026-01-19T20:57:06","date_gmt":"2026-01-19T19:57:06","guid":{"rendered":"https:\/\/einfachzufriedensein.de\/?p=1396"},"modified":"2026-01-20T20:57:49","modified_gmt":"2026-01-20T19:57:49","slug":"redezeit","status":"publish","type":"post","link":"https:\/\/einfachzufriedensein.de\/?p=1396","title":{"rendered":"Redezeit"},"content":{"rendered":"\n<p>Mein Fotoprojekt f\u00fcr Krebspatienten und somit die neugegr\u00fcndete gemeinn\u00fctzige <a href=\"https:\/\/un-sichtbar.org\/\">Organisation unSICHTBAR<\/a> ist das diesj\u00e4hrige spendenbeg\u00fcnstigte Projekt der Prinzessin der SKG Bad Soden. Die Prinzessin verkauft in jedem Jahr ihren Orden in einer verkleinerten Version als Pin. Die Erl\u00f6se aus dem Verkauf dieser Pins gehen immer zu Gunsten eines gemeinn\u00fctzigen Projektes. In diesem Jahr wurde unSICHTBAR daf\u00fcr ausgew\u00e4hlt. <\/p>\n\n\n\n<p>Letzten Samstag war es dann soweit und ich durfte auf der gro\u00dfen Kost\u00fcmsitzung unSICHTBAR vorstellen. Seit einigen Wochen habe ich eine Rede extra daf\u00fcr vorbereitet und einstudiert. Schlie\u00dflich spricht man nicht jeden Tag vor rund 300 Zuschauern und gro\u00dfe B\u00fchnenerfahrung im Redenschwingen habe ich auch nicht. Ebenfalls habe ich zwei Rollups daf\u00fcr vorbereitet. Es zeigt mich mitten in der Chemo &#8211; ungeschminkt und etwas abgemagert. Das zweite zeigt ein Foto meines Fotoshootings an dem ich selbst in M\u00fcnchen teilgenommen habe &#8211; aufgepimpt und super gestylt. Gr\u00f6\u00dfer k\u00f6nnen die Kontraste nicht sein. <\/p>\n\n\n\n<p>Beide Rollups stehen auf der B\u00fchne, mit der R\u00fcckseite zum Publikum. W\u00e4hrend meiner Rede werden sie einzeln umgedreht. Als das Erste umgedreht wird und mich ungeschminkt zeigt, wird es ganz still im Saal, so die Erz\u00e4hlung meines Mannes, der mich begleitet hat und im Publikum sa\u00df. Zu dem Zeitpukt wird den Menschen wohl erst klar, dass ich selbst eine Krebspatientin bin. Gespickt mit ein paar Ausf\u00fchrungen zu meinem Gef\u00fchlszustand in dieser Zeit fange ich das Publikum ein. Danach wird das zweite Rollup umgedreht, das mich gestylt und geschminkt zeigt und der Saal beginnt zu toben. Ein tosender Applaus geht durch die Reihen und ich bekam eine G\u00e4nsehaut. Damit hatte ich nicht gerechnet. Nat\u00fcrlich freute ich mich riesig dar\u00fcber, denn es zeigte mir, dass die Menschen meine Message und den Sinn von unSICHTBAR verstanden haben. <\/p>\n\n\n\n<p>Ich rufe das Publikum zum Spenden f\u00fcr uns auf und gleichzeitig werden Spendenboxen durch die Reihen gegeben. Wenn jeder nur einen Euro geben w\u00fcrde, w\u00e4re das schon eine gro\u00dfe Unterst\u00fctzung f\u00fcr uns. Mit zwei prall gef\u00fcllten Spendenboxen und einer spontanen Einladung zu einer Damensitzung eines anderen Karnevalsvereins im Februar verlassen wir die Veranstaltung. Ich bin \u00fcbergl\u00fccklich und voller Adrenalin. Es hat mir gro\u00dfe Freude bereitet und ermutigt mich diesen Weg weiter zu gehen. <\/p>\n","protected":false},"excerpt":{"rendered":"<p class=\"text-justify\">Mein Fotoprojekt f\u00fcr Krebspatienten und somit die neugegr\u00fcndete gemeinn\u00fctzige Organisation unSICHTBAR ist das diesj\u00e4hrige spendenbeg\u00fcnstigte Projekt der Prinzessin der SKG Bad Soden. [&hellip;]<\/p>\n","protected":false},"author":1,"featured_media":57,"comment_status":"closed","ping_status":"open","sticky":false,"template":"","format":"standard","meta":{"footnotes":""},"categories":[1],"tags":[2,197,196,16,198],"class_list":["post-1396","post","type-post","status-publish","format-standard","has-post-thumbnail","hentry","category-allgemein","tag-brustkrebs","tag-fasching","tag-karnevalssitzung","tag-mentale-staerke","tag-spenden"],"yoast_head":"<!-- This site is optimized with the Yoast SEO plugin v24.1 - https:\/\/yoast.com\/wordpress\/plugins\/seo\/ -->\n<title>Redezeit - einfach.zufrieden.sein.<\/title>\n<meta name=\"description\" content=\"Unser gemein\u00fctziges Fotoprojekt f\u00fcr Krebspatienten auf der B\u00fchne einer Karnevalssitzung vorstellen zu d\u00fcrfen ist einfach gro\u00dfartig.\" \/>\n<meta name=\"robots\" content=\"index, follow, max-snippet:-1, max-image-preview:large, max-video-preview:-1\" \/>\n<link rel=\"canonical\" href=\"https:\/\/einfachzufriedensein.de\/?p=1396\" \/>\n<meta property=\"og:locale\" content=\"de_DE\" \/>\n<meta property=\"og:type\" content=\"article\" \/>\n<meta property=\"og:title\" content=\"Redezeit - einfach.zufrieden.sein.\" \/>\n<meta property=\"og:description\" content=\"Unser gemein\u00fctziges Fotoprojekt f\u00fcr Krebspatienten auf der B\u00fchne einer Karnevalssitzung vorstellen zu d\u00fcrfen ist einfach gro\u00dfartig.\" \/>\n<meta property=\"og:url\" content=\"https:\/\/einfachzufriedensein.de\/?p=1396\" \/>\n<meta property=\"og:site_name\" content=\"einfach.zufrieden.sein.\" \/>\n<meta property=\"article:published_time\" content=\"2026-01-19T19:57:06+00:00\" \/>\n<meta property=\"article:modified_time\" content=\"2026-01-20T19:57:49+00:00\" \/>\n<meta property=\"og:image\" content=\"https:\/\/einfachzufriedensein.de\/wp-content\/uploads\/2024\/10\/einfach.-zufrieden.-sein-2.png\" \/>\n\t<meta property=\"og:image:width\" content=\"500\" \/>\n\t<meta property=\"og:image:height\" content=\"500\" \/>\n\t<meta property=\"og:image:type\" content=\"image\/png\" \/>\n<meta name=\"author\" content=\"sfiedler\" \/>\n<meta name=\"twitter:card\" content=\"summary_large_image\" \/>\n<meta name=\"twitter:label1\" content=\"Verfasst von\" \/>\n\t<meta name=\"twitter:data1\" content=\"sfiedler\" \/>\n\t<meta name=\"twitter:label2\" content=\"Gesch\u00e4tzte Lesezeit\" \/>\n\t<meta name=\"twitter:data2\" content=\"3\u00a0Minuten\" \/>\n<script type=\"application\/ld+json\" class=\"yoast-schema-graph\">{\"@context\":\"https:\/\/schema.org\",\"@graph\":[{\"@type\":\"Article\",\"@id\":\"https:\/\/einfachzufriedensein.de\/?p=1396#article\",\"isPartOf\":{\"@id\":\"https:\/\/einfachzufriedensein.de\/?p=1396\"},\"author\":{\"name\":\"sfiedler\",\"@id\":\"https:\/\/einfachzufriedensein.de\/#\/schema\/person\/1c305a44404a7ae00e2ad15fb51bb53c\"},\"headline\":\"Redezeit\",\"datePublished\":\"2026-01-19T19:57:06+00:00\",\"dateModified\":\"2026-01-20T19:57:49+00:00\",\"mainEntityOfPage\":{\"@id\":\"https:\/\/einfachzufriedensein.de\/?p=1396\"},\"wordCount\":392,\"publisher\":{\"@id\":\"https:\/\/einfachzufriedensein.de\/#\/schema\/person\/1c305a44404a7ae00e2ad15fb51bb53c\"},\"image\":{\"@id\":\"https:\/\/einfachzufriedensein.de\/?p=1396#primaryimage\"},\"thumbnailUrl\":\"https:\/\/einfachzufriedensein.de\/wp-content\/uploads\/2024\/10\/einfach.-zufrieden.-sein-2.png\",\"keywords\":[\"Brustkrebs\",\"Fasching\",\"Karnevalssitzung\",\"mentale St\u00e4rke\",\"Spenden\"],\"inLanguage\":\"de\"},{\"@type\":\"WebPage\",\"@id\":\"https:\/\/einfachzufriedensein.de\/?p=1396\",\"url\":\"https:\/\/einfachzufriedensein.de\/?p=1396\",\"name\":\"Redezeit - einfach.zufrieden.sein.\",\"isPartOf\":{\"@id\":\"https:\/\/einfachzufriedensein.de\/#website\"},\"primaryImageOfPage\":{\"@id\":\"https:\/\/einfachzufriedensein.de\/?p=1396#primaryimage\"},\"image\":{\"@id\":\"https:\/\/einfachzufriedensein.de\/?p=1396#primaryimage\"},\"thumbnailUrl\":\"https:\/\/einfachzufriedensein.de\/wp-content\/uploads\/2024\/10\/einfach.-zufrieden.-sein-2.png\",\"datePublished\":\"2026-01-19T19:57:06+00:00\",\"dateModified\":\"2026-01-20T19:57:49+00:00\",\"description\":\"Unser gemein\u00fctziges Fotoprojekt f\u00fcr Krebspatienten auf der B\u00fchne einer Karnevalssitzung vorstellen zu d\u00fcrfen ist einfach gro\u00dfartig.\",\"breadcrumb\":{\"@id\":\"https:\/\/einfachzufriedensein.de\/?p=1396#breadcrumb\"},\"inLanguage\":\"de\",\"potentialAction\":[{\"@type\":\"ReadAction\",\"target\":[\"https:\/\/einfachzufriedensein.de\/?p=1396\"]}]},{\"@type\":\"ImageObject\",\"inLanguage\":\"de\",\"@id\":\"https:\/\/einfachzufriedensein.de\/?p=1396#primaryimage\",\"url\":\"https:\/\/einfachzufriedensein.de\/wp-content\/uploads\/2024\/10\/einfach.-zufrieden.-sein-2.png\",\"contentUrl\":\"https:\/\/einfachzufriedensein.de\/wp-content\/uploads\/2024\/10\/einfach.-zufrieden.-sein-2.png\",\"width\":500,\"height\":500},{\"@type\":\"BreadcrumbList\",\"@id\":\"https:\/\/einfachzufriedensein.de\/?p=1396#breadcrumb\",\"itemListElement\":[{\"@type\":\"ListItem\",\"position\":1,\"name\":\"Startseite\",\"item\":\"https:\/\/einfachzufriedensein.de\/\"},{\"@type\":\"ListItem\",\"position\":2,\"name\":\"Redezeit\"}]},{\"@type\":\"WebSite\",\"@id\":\"https:\/\/einfachzufriedensein.de\/#website\",\"url\":\"https:\/\/einfachzufriedensein.de\/\",\"name\":\"einfach.zufrieden.sein.\",\"description\":\"Der Brustkrebs &amp; ich  - das Tagebuch einer Brustkrebspatientin\",\"publisher\":{\"@id\":\"https:\/\/einfachzufriedensein.de\/#\/schema\/person\/1c305a44404a7ae00e2ad15fb51bb53c\"},\"potentialAction\":[{\"@type\":\"SearchAction\",\"target\":{\"@type\":\"EntryPoint\",\"urlTemplate\":\"https:\/\/einfachzufriedensein.de\/?s={search_term_string}\"},\"query-input\":{\"@type\":\"PropertyValueSpecification\",\"valueRequired\":true,\"valueName\":\"search_term_string\"}}],\"inLanguage\":\"de\"},{\"@type\":[\"Person\",\"Organization\"],\"@id\":\"https:\/\/einfachzufriedensein.de\/#\/schema\/person\/1c305a44404a7ae00e2ad15fb51bb53c\",\"name\":\"sfiedler\",\"image\":{\"@type\":\"ImageObject\",\"inLanguage\":\"de\",\"@id\":\"https:\/\/einfachzufriedensein.de\/#\/schema\/person\/image\/\",\"url\":\"https:\/\/einfachzufriedensein.de\/wp-content\/uploads\/2024\/10\/IMG20240928112843-scaled.jpg\",\"contentUrl\":\"https:\/\/einfachzufriedensein.de\/wp-content\/uploads\/2024\/10\/IMG20240928112843-scaled.jpg\",\"width\":1927,\"height\":2560,\"caption\":\"sfiedler\"},\"logo\":{\"@id\":\"https:\/\/einfachzufriedensein.de\/#\/schema\/person\/image\/\"},\"sameAs\":[\"https:\/\/einfachzufriedensein.de\"],\"url\":\"https:\/\/einfachzufriedensein.de\/?author=1\"}]}<\/script>\n<!-- \/ Yoast SEO plugin. -->","yoast_head_json":{"title":"Redezeit - einfach.zufrieden.sein.","description":"Unser gemein\u00fctziges Fotoprojekt f\u00fcr Krebspatienten auf der B\u00fchne einer Karnevalssitzung vorstellen zu d\u00fcrfen ist einfach gro\u00dfartig.","robots":{"index":"index","follow":"follow","max-snippet":"max-snippet:-1","max-image-preview":"max-image-preview:large","max-video-preview":"max-video-preview:-1"},"canonical":"https:\/\/einfachzufriedensein.de\/?p=1396","og_locale":"de_DE","og_type":"article","og_title":"Redezeit - einfach.zufrieden.sein.","og_description":"Unser gemein\u00fctziges Fotoprojekt f\u00fcr Krebspatienten auf der B\u00fchne einer Karnevalssitzung vorstellen zu d\u00fcrfen ist einfach gro\u00dfartig.","og_url":"https:\/\/einfachzufriedensein.de\/?p=1396","og_site_name":"einfach.zufrieden.sein.","article_published_time":"2026-01-19T19:57:06+00:00","article_modified_time":"2026-01-20T19:57:49+00:00","og_image":[{"width":500,"height":500,"url":"https:\/\/einfachzufriedensein.de\/wp-content\/uploads\/2024\/10\/einfach.-zufrieden.-sein-2.png","type":"image\/png"}],"author":"sfiedler","twitter_card":"summary_large_image","twitter_misc":{"Verfasst von":"sfiedler","Gesch\u00e4tzte Lesezeit":"3\u00a0Minuten"},"schema":{"@context":"https:\/\/schema.org","@graph":[{"@type":"Article","@id":"https:\/\/einfachzufriedensein.de\/?p=1396#article","isPartOf":{"@id":"https:\/\/einfachzufriedensein.de\/?p=1396"},"author":{"name":"sfiedler","@id":"https:\/\/einfachzufriedensein.de\/#\/schema\/person\/1c305a44404a7ae00e2ad15fb51bb53c"},"headline":"Redezeit","datePublished":"2026-01-19T19:57:06+00:00","dateModified":"2026-01-20T19:57:49+00:00","mainEntityOfPage":{"@id":"https:\/\/einfachzufriedensein.de\/?p=1396"},"wordCount":392,"publisher":{"@id":"https:\/\/einfachzufriedensein.de\/#\/schema\/person\/1c305a44404a7ae00e2ad15fb51bb53c"},"image":{"@id":"https:\/\/einfachzufriedensein.de\/?p=1396#primaryimage"},"thumbnailUrl":"https:\/\/einfachzufriedensein.de\/wp-content\/uploads\/2024\/10\/einfach.-zufrieden.-sein-2.png","keywords":["Brustkrebs","Fasching","Karnevalssitzung","mentale St\u00e4rke","Spenden"],"inLanguage":"de"},{"@type":"WebPage","@id":"https:\/\/einfachzufriedensein.de\/?p=1396","url":"https:\/\/einfachzufriedensein.de\/?p=1396","name":"Redezeit - einfach.zufrieden.sein.","isPartOf":{"@id":"https:\/\/einfachzufriedensein.de\/#website"},"primaryImageOfPage":{"@id":"https:\/\/einfachzufriedensein.de\/?p=1396#primaryimage"},"image":{"@id":"https:\/\/einfachzufriedensein.de\/?p=1396#primaryimage"},"thumbnailUrl":"https:\/\/einfachzufriedensein.de\/wp-content\/uploads\/2024\/10\/einfach.-zufrieden.-sein-2.png","datePublished":"2026-01-19T19:57:06+00:00","dateModified":"2026-01-20T19:57:49+00:00","description":"Unser gemein\u00fctziges Fotoprojekt f\u00fcr Krebspatienten auf der B\u00fchne einer Karnevalssitzung vorstellen zu d\u00fcrfen ist einfach gro\u00dfartig.","breadcrumb":{"@id":"https:\/\/einfachzufriedensein.de\/?p=1396#breadcrumb"},"inLanguage":"de","potentialAction":[{"@type":"ReadAction","target":["https:\/\/einfachzufriedensein.de\/?p=1396"]}]},{"@type":"ImageObject","inLanguage":"de","@id":"https:\/\/einfachzufriedensein.de\/?p=1396#primaryimage","url":"https:\/\/einfachzufriedensein.de\/wp-content\/uploads\/2024\/10\/einfach.-zufrieden.-sein-2.png","contentUrl":"https:\/\/einfachzufriedensein.de\/wp-content\/uploads\/2024\/10\/einfach.-zufrieden.-sein-2.png","width":500,"height":500},{"@type":"BreadcrumbList","@id":"https:\/\/einfachzufriedensein.de\/?p=1396#breadcrumb","itemListElement":[{"@type":"ListItem","position":1,"name":"Startseite","item":"https:\/\/einfachzufriedensein.de\/"},{"@type":"ListItem","position":2,"name":"Redezeit"}]},{"@type":"WebSite","@id":"https:\/\/einfachzufriedensein.de\/#website","url":"https:\/\/einfachzufriedensein.de\/","name":"einfach.zufrieden.sein.","description":"Der Brustkrebs &amp; ich  - das Tagebuch einer Brustkrebspatientin","publisher":{"@id":"https:\/\/einfachzufriedensein.de\/#\/schema\/person\/1c305a44404a7ae00e2ad15fb51bb53c"},"potentialAction":[{"@type":"SearchAction","target":{"@type":"EntryPoint","urlTemplate":"https:\/\/einfachzufriedensein.de\/?s={search_term_string}"},"query-input":{"@type":"PropertyValueSpecification","valueRequired":true,"valueName":"search_term_string"}}],"inLanguage":"de"},{"@type":["Person","Organization"],"@id":"https:\/\/einfachzufriedensein.de\/#\/schema\/person\/1c305a44404a7ae00e2ad15fb51bb53c","name":"sfiedler","image":{"@type":"ImageObject","inLanguage":"de","@id":"https:\/\/einfachzufriedensein.de\/#\/schema\/person\/image\/","url":"https:\/\/einfachzufriedensein.de\/wp-content\/uploads\/2024\/10\/IMG20240928112843-scaled.jpg","contentUrl":"https:\/\/einfachzufriedensein.de\/wp-content\/uploads\/2024\/10\/IMG20240928112843-scaled.jpg","width":1927,"height":2560,"caption":"sfiedler"},"logo":{"@id":"https:\/\/einfachzufriedensein.de\/#\/schema\/person\/image\/"},"sameAs":["https:\/\/einfachzufriedensein.de"],"url":"https:\/\/einfachzufriedensein.de\/?author=1"}]}},"_links":{"self":[{"href":"https:\/\/einfachzufriedensein.de\/index.php?rest_route=\/wp\/v2\/posts\/1396","targetHints":{"allow":["GET"]}}],"collection":[{"href":"https:\/\/einfachzufriedensein.de\/index.php?rest_route=\/wp\/v2\/posts"}],"about":[{"href":"https:\/\/einfachzufriedensein.de\/index.php?rest_route=\/wp\/v2\/types\/post"}],"author":[{"embeddable":true,"href":"https:\/\/einfachzufriedensein.de\/index.php?rest_route=\/wp\/v2\/users\/1"}],"replies":[{"embeddable":true,"href":"https:\/\/einfachzufriedensein.de\/index.php?rest_route=%2Fwp%2Fv2%2Fcomments&post=1396"}],"version-history":[{"count":3,"href":"https:\/\/einfachzufriedensein.de\/index.php?rest_route=\/wp\/v2\/posts\/1396\/revisions"}],"predecessor-version":[{"id":1399,"href":"https:\/\/einfachzufriedensein.de\/index.php?rest_route=\/wp\/v2\/posts\/1396\/revisions\/1399"}],"wp:featuredmedia":[{"embeddable":true,"href":"https:\/\/einfachzufriedensein.de\/index.php?rest_route=\/wp\/v2\/media\/57"}],"wp:attachment":[{"href":"https:\/\/einfachzufriedensein.de\/index.php?rest_route=%2Fwp%2Fv2%2Fmedia&parent=1396"}],"wp:term":[{"taxonomy":"category","embeddable":true,"href":"https:\/\/einfachzufriedensein.de\/index.php?rest_route=%2Fwp%2Fv2%2Fcategories&post=1396"},{"taxonomy":"post_tag","embeddable":true,"href":"https:\/\/einfachzufriedensein.de\/index.php?rest_route=%2Fwp%2Fv2%2Ftags&post=1396"}],"curies":[{"name":"wp","href":"https:\/\/api.w.org\/{rel}","templated":true}]}}