{"id":1390,"date":"2026-01-16T20:51:12","date_gmt":"2026-01-16T19:51:12","guid":{"rendered":"https:\/\/einfachzufriedensein.de\/?p=1390"},"modified":"2026-01-16T20:51:14","modified_gmt":"2026-01-16T19:51:14","slug":"turbulente-zeit","status":"publish","type":"post","link":"https:\/\/einfachzufriedensein.de\/?p=1390","title":{"rendered":"Turbulente Zeit"},"content":{"rendered":"\n<p>Die letzten Tage war es hier in meinem Tagebuch sehr ruhig, aber bei uns war es alles andere als ruhig. Nachdem sich unser ungeborener Enkelsohn nicht allein auf den Weg machen wollte, um aus seiner Behausung auszuziehen, wurde am Sonntag bei der Kontrolluntersuchung in der Klinik sehr \u00fcberraschend f\u00fcr uns alle ein Kaiserschnitt vorgeschlagen. Wir waren an dem Tag sowieso bei den Kindern zum Kaffee verabredet, ich hatte Waffelteig gemacht. Unsere Tochter war am vormittag zur Kontrolle in der Klinik und rief mich nach einer Weile an, dass der Kleine noch heute auf die Welt kommen soll. Eine Stunde hatte sie Zeit, um ihre Sachen und den Mann zu Hause abzuholen. Wir fuhren also umgehend los, ohne den Waffelteig. Bei unserer Ankaunft machten wir direkt einen fliegenden Wechsel &#8211; unsere Tochter fuhr mit ihrem Mann in die Klinik und wir k\u00fcmmerten uns um unsere Enkeltochter. Das war um 13.30 Uhr. Wir machten es uns mit der Kleinen gem\u00fctlich und warteten auf den erl\u00f6senden Anruf zur Geburt ihres Bruders. Kurz vor 16 Uhr war es dann soweit &#8211; Facetime mit Mama, Papa und dem neugeborenen Erdenb\u00fcrger. Wir waren unendlich erleichtert und erfreut, dass alles gut \u00fcberstanden ist und Mama und Kind wohlauf sind. <\/p>\n\n\n\n<p>Geplant war eigentlich noch am selben Abend in die Klinik zu fahren. Aber unsere Tochter war doch sehr geschw\u00e4cht von dem gesamten Tag, so dass wir mit unserer Enkelin erstmal zu uns nach Hause fuhren. Ich habe eine Tasche mit Sachen f\u00fcr eine Woche gepackt, da wir nicht wissen, wie lange die drei in der Klinik bleiben werden. Einerseits war ich sehr erleichtert, denn das Winterwetter hatte Deutschland fest im Griff und es waren immerwieder Schnee und Eisgl\u00e4tte vorausgesagt. Somit war nun klar, dass wir nicht mitten in der Nacht losd\u00fcsen m\u00fcssen, weil die Geburt einsetzt. Andererseits war es dann doch f\u00fcr uns alle \u00fcberraschend schnell. Bei mir bahnte sich gerade eine Erk\u00e4ltung an, eine denkbar ung\u00fcnstige Zeit, um unseren dreij\u00e4hrigen Wirbelwind ganzt\u00e4gig bespassen zu k\u00f6nnen. Aber das Leben l\u00e4sst sich nicht immer planen. Und wir freuen uns nat\u00fcrlich auch, wenn wir helfen k\u00f6nnen und die Kleine gern bei uns ist. <\/p>\n\n\n\n<p>Somit waren unsere letzten Tage gepr\u00e4gt von Kinderbetreuung, Besuch des Br\u00fcderchens im Krankenhaus und die Bek\u00e4mpfung meiner Erk\u00e4ltung. Zum Gl\u00fcck habe ich kein Fieber bekommen und der 4fach Test mit Corona, RSV und Influenza war ebenfalls negativ. Also blieb mir nur das \u00dcbliche &#8211; hei\u00dfe Badewanne, inhalieren, Grippostad, Nasenspray und Salbeitee. Mein Mann hat sich viel um die Kleine gek\u00fcmmert, so dass ich mich trotzdem zwischendurch immernoch ein wenig ausruhen konnte. Unsere gesamte Arbeit blieb tags\u00fcber liegen und musste dann am Abend erledigt werden, als sie im Bett war. Dank unserer Selbst\u00e4ndigkeit k\u00f6nnen wir uns das sehr gut einteilen. Donnerstag erfolgte dann die Familienzusammenf\u00fchrung und wir bekamen unseren Seniorenalltag wieder zur\u00fcck. Wir werden jetzt erstmal unsere virtuellen Schreibtische wieder aufr\u00e4umen und liegengebliebene Dinge abarbeiten. <\/p>\n","protected":false},"excerpt":{"rendered":"<p class=\"text-justify\">Die letzten Tage war es hier in meinem Tagebuch sehr ruhig, aber bei uns war es alles andere als ruhig. Nachdem sich [&hellip;]<\/p>\n","protected":false},"author":1,"featured_media":57,"comment_status":"closed","ping_status":"open","sticky":false,"template":"","format":"standard","meta":{"footnotes":""},"categories":[1],"tags":[2,177,195,194,16],"class_list":["post-1390","post","type-post","status-publish","format-standard","has-post-thumbnail","hentry","category-allgemein","tag-brustkrebs","tag-enkelkinder","tag-geburt","tag-kinderbetreuung","tag-mentale-staerke"],"yoast_head":"<!-- This site is optimized with the Yoast SEO plugin v24.1 - https:\/\/yoast.com\/wordpress\/plugins\/seo\/ -->\n<title>Turbulente Zeit - einfach.zufrieden.sein.<\/title>\n<meta name=\"description\" content=\"Obwohl der Geburtstermin f\u00fcr unser zweites Enkelkind schon \u00fcberschritten war, kam die Geburt dann doch sehr \u00fcberraschend.\" \/>\n<meta name=\"robots\" content=\"index, follow, max-snippet:-1, max-image-preview:large, max-video-preview:-1\" \/>\n<link rel=\"canonical\" href=\"https:\/\/einfachzufriedensein.de\/?p=1390\" \/>\n<meta property=\"og:locale\" content=\"de_DE\" \/>\n<meta property=\"og:type\" content=\"article\" \/>\n<meta property=\"og:title\" content=\"Turbulente Zeit - einfach.zufrieden.sein.\" \/>\n<meta property=\"og:description\" content=\"Obwohl der Geburtstermin f\u00fcr unser zweites Enkelkind schon \u00fcberschritten war, kam die Geburt dann doch sehr \u00fcberraschend.\" \/>\n<meta property=\"og:url\" content=\"https:\/\/einfachzufriedensein.de\/?p=1390\" \/>\n<meta property=\"og:site_name\" content=\"einfach.zufrieden.sein.\" \/>\n<meta property=\"article:published_time\" content=\"2026-01-16T19:51:12+00:00\" \/>\n<meta property=\"article:modified_time\" content=\"2026-01-16T19:51:14+00:00\" \/>\n<meta property=\"og:image\" content=\"https:\/\/einfachzufriedensein.de\/wp-content\/uploads\/2024\/10\/einfach.-zufrieden.-sein-2.png\" \/>\n\t<meta property=\"og:image:width\" content=\"500\" \/>\n\t<meta property=\"og:image:height\" content=\"500\" \/>\n\t<meta property=\"og:image:type\" content=\"image\/png\" \/>\n<meta name=\"author\" content=\"sfiedler\" \/>\n<meta name=\"twitter:card\" content=\"summary_large_image\" \/>\n<meta name=\"twitter:label1\" content=\"Verfasst von\" \/>\n\t<meta name=\"twitter:data1\" content=\"sfiedler\" \/>\n\t<meta name=\"twitter:label2\" content=\"Gesch\u00e4tzte Lesezeit\" \/>\n\t<meta name=\"twitter:data2\" content=\"3\u00a0Minuten\" \/>\n<script type=\"application\/ld+json\" class=\"yoast-schema-graph\">{\"@context\":\"https:\/\/schema.org\",\"@graph\":[{\"@type\":\"Article\",\"@id\":\"https:\/\/einfachzufriedensein.de\/?p=1390#article\",\"isPartOf\":{\"@id\":\"https:\/\/einfachzufriedensein.de\/?p=1390\"},\"author\":{\"name\":\"sfiedler\",\"@id\":\"https:\/\/einfachzufriedensein.de\/#\/schema\/person\/1c305a44404a7ae00e2ad15fb51bb53c\"},\"headline\":\"Turbulente Zeit\",\"datePublished\":\"2026-01-16T19:51:12+00:00\",\"dateModified\":\"2026-01-16T19:51:14+00:00\",\"mainEntityOfPage\":{\"@id\":\"https:\/\/einfachzufriedensein.de\/?p=1390\"},\"wordCount\":509,\"publisher\":{\"@id\":\"https:\/\/einfachzufriedensein.de\/#\/schema\/person\/1c305a44404a7ae00e2ad15fb51bb53c\"},\"image\":{\"@id\":\"https:\/\/einfachzufriedensein.de\/?p=1390#primaryimage\"},\"thumbnailUrl\":\"https:\/\/einfachzufriedensein.de\/wp-content\/uploads\/2024\/10\/einfach.-zufrieden.-sein-2.png\",\"keywords\":[\"Brustkrebs\",\"Enkelkinder\",\"Geburt\",\"Kinderbetreuung\",\"mentale St\u00e4rke\"],\"inLanguage\":\"de\"},{\"@type\":\"WebPage\",\"@id\":\"https:\/\/einfachzufriedensein.de\/?p=1390\",\"url\":\"https:\/\/einfachzufriedensein.de\/?p=1390\",\"name\":\"Turbulente Zeit - einfach.zufrieden.sein.\",\"isPartOf\":{\"@id\":\"https:\/\/einfachzufriedensein.de\/#website\"},\"primaryImageOfPage\":{\"@id\":\"https:\/\/einfachzufriedensein.de\/?p=1390#primaryimage\"},\"image\":{\"@id\":\"https:\/\/einfachzufriedensein.de\/?p=1390#primaryimage\"},\"thumbnailUrl\":\"https:\/\/einfachzufriedensein.de\/wp-content\/uploads\/2024\/10\/einfach.-zufrieden.-sein-2.png\",\"datePublished\":\"2026-01-16T19:51:12+00:00\",\"dateModified\":\"2026-01-16T19:51:14+00:00\",\"description\":\"Obwohl der Geburtstermin f\u00fcr unser zweites Enkelkind schon \u00fcberschritten war, kam die Geburt dann doch sehr \u00fcberraschend.\",\"breadcrumb\":{\"@id\":\"https:\/\/einfachzufriedensein.de\/?p=1390#breadcrumb\"},\"inLanguage\":\"de\",\"potentialAction\":[{\"@type\":\"ReadAction\",\"target\":[\"https:\/\/einfachzufriedensein.de\/?p=1390\"]}]},{\"@type\":\"ImageObject\",\"inLanguage\":\"de\",\"@id\":\"https:\/\/einfachzufriedensein.de\/?p=1390#primaryimage\",\"url\":\"https:\/\/einfachzufriedensein.de\/wp-content\/uploads\/2024\/10\/einfach.-zufrieden.-sein-2.png\",\"contentUrl\":\"https:\/\/einfachzufriedensein.de\/wp-content\/uploads\/2024\/10\/einfach.-zufrieden.-sein-2.png\",\"width\":500,\"height\":500},{\"@type\":\"BreadcrumbList\",\"@id\":\"https:\/\/einfachzufriedensein.de\/?p=1390#breadcrumb\",\"itemListElement\":[{\"@type\":\"ListItem\",\"position\":1,\"name\":\"Startseite\",\"item\":\"https:\/\/einfachzufriedensein.de\/\"},{\"@type\":\"ListItem\",\"position\":2,\"name\":\"Turbulente Zeit\"}]},{\"@type\":\"WebSite\",\"@id\":\"https:\/\/einfachzufriedensein.de\/#website\",\"url\":\"https:\/\/einfachzufriedensein.de\/\",\"name\":\"einfach.zufrieden.sein.\",\"description\":\"Der Brustkrebs &amp; ich  - das Tagebuch einer Brustkrebspatientin\",\"publisher\":{\"@id\":\"https:\/\/einfachzufriedensein.de\/#\/schema\/person\/1c305a44404a7ae00e2ad15fb51bb53c\"},\"potentialAction\":[{\"@type\":\"SearchAction\",\"target\":{\"@type\":\"EntryPoint\",\"urlTemplate\":\"https:\/\/einfachzufriedensein.de\/?s={search_term_string}\"},\"query-input\":{\"@type\":\"PropertyValueSpecification\",\"valueRequired\":true,\"valueName\":\"search_term_string\"}}],\"inLanguage\":\"de\"},{\"@type\":[\"Person\",\"Organization\"],\"@id\":\"https:\/\/einfachzufriedensein.de\/#\/schema\/person\/1c305a44404a7ae00e2ad15fb51bb53c\",\"name\":\"sfiedler\",\"image\":{\"@type\":\"ImageObject\",\"inLanguage\":\"de\",\"@id\":\"https:\/\/einfachzufriedensein.de\/#\/schema\/person\/image\/\",\"url\":\"https:\/\/einfachzufriedensein.de\/wp-content\/uploads\/2024\/10\/IMG20240928112843-scaled.jpg\",\"contentUrl\":\"https:\/\/einfachzufriedensein.de\/wp-content\/uploads\/2024\/10\/IMG20240928112843-scaled.jpg\",\"width\":1927,\"height\":2560,\"caption\":\"sfiedler\"},\"logo\":{\"@id\":\"https:\/\/einfachzufriedensein.de\/#\/schema\/person\/image\/\"},\"sameAs\":[\"https:\/\/einfachzufriedensein.de\"],\"url\":\"https:\/\/einfachzufriedensein.de\/?author=1\"}]}<\/script>\n<!-- \/ Yoast SEO plugin. -->","yoast_head_json":{"title":"Turbulente Zeit - einfach.zufrieden.sein.","description":"Obwohl der Geburtstermin f\u00fcr unser zweites Enkelkind schon \u00fcberschritten war, kam die Geburt dann doch sehr \u00fcberraschend.","robots":{"index":"index","follow":"follow","max-snippet":"max-snippet:-1","max-image-preview":"max-image-preview:large","max-video-preview":"max-video-preview:-1"},"canonical":"https:\/\/einfachzufriedensein.de\/?p=1390","og_locale":"de_DE","og_type":"article","og_title":"Turbulente Zeit - einfach.zufrieden.sein.","og_description":"Obwohl der Geburtstermin f\u00fcr unser zweites Enkelkind schon \u00fcberschritten war, kam die Geburt dann doch sehr \u00fcberraschend.","og_url":"https:\/\/einfachzufriedensein.de\/?p=1390","og_site_name":"einfach.zufrieden.sein.","article_published_time":"2026-01-16T19:51:12+00:00","article_modified_time":"2026-01-16T19:51:14+00:00","og_image":[{"width":500,"height":500,"url":"https:\/\/einfachzufriedensein.de\/wp-content\/uploads\/2024\/10\/einfach.-zufrieden.-sein-2.png","type":"image\/png"}],"author":"sfiedler","twitter_card":"summary_large_image","twitter_misc":{"Verfasst von":"sfiedler","Gesch\u00e4tzte Lesezeit":"3\u00a0Minuten"},"schema":{"@context":"https:\/\/schema.org","@graph":[{"@type":"Article","@id":"https:\/\/einfachzufriedensein.de\/?p=1390#article","isPartOf":{"@id":"https:\/\/einfachzufriedensein.de\/?p=1390"},"author":{"name":"sfiedler","@id":"https:\/\/einfachzufriedensein.de\/#\/schema\/person\/1c305a44404a7ae00e2ad15fb51bb53c"},"headline":"Turbulente Zeit","datePublished":"2026-01-16T19:51:12+00:00","dateModified":"2026-01-16T19:51:14+00:00","mainEntityOfPage":{"@id":"https:\/\/einfachzufriedensein.de\/?p=1390"},"wordCount":509,"publisher":{"@id":"https:\/\/einfachzufriedensein.de\/#\/schema\/person\/1c305a44404a7ae00e2ad15fb51bb53c"},"image":{"@id":"https:\/\/einfachzufriedensein.de\/?p=1390#primaryimage"},"thumbnailUrl":"https:\/\/einfachzufriedensein.de\/wp-content\/uploads\/2024\/10\/einfach.-zufrieden.-sein-2.png","keywords":["Brustkrebs","Enkelkinder","Geburt","Kinderbetreuung","mentale St\u00e4rke"],"inLanguage":"de"},{"@type":"WebPage","@id":"https:\/\/einfachzufriedensein.de\/?p=1390","url":"https:\/\/einfachzufriedensein.de\/?p=1390","name":"Turbulente Zeit - einfach.zufrieden.sein.","isPartOf":{"@id":"https:\/\/einfachzufriedensein.de\/#website"},"primaryImageOfPage":{"@id":"https:\/\/einfachzufriedensein.de\/?p=1390#primaryimage"},"image":{"@id":"https:\/\/einfachzufriedensein.de\/?p=1390#primaryimage"},"thumbnailUrl":"https:\/\/einfachzufriedensein.de\/wp-content\/uploads\/2024\/10\/einfach.-zufrieden.-sein-2.png","datePublished":"2026-01-16T19:51:12+00:00","dateModified":"2026-01-16T19:51:14+00:00","description":"Obwohl der Geburtstermin f\u00fcr unser zweites Enkelkind schon \u00fcberschritten war, kam die Geburt dann doch sehr \u00fcberraschend.","breadcrumb":{"@id":"https:\/\/einfachzufriedensein.de\/?p=1390#breadcrumb"},"inLanguage":"de","potentialAction":[{"@type":"ReadAction","target":["https:\/\/einfachzufriedensein.de\/?p=1390"]}]},{"@type":"ImageObject","inLanguage":"de","@id":"https:\/\/einfachzufriedensein.de\/?p=1390#primaryimage","url":"https:\/\/einfachzufriedensein.de\/wp-content\/uploads\/2024\/10\/einfach.-zufrieden.-sein-2.png","contentUrl":"https:\/\/einfachzufriedensein.de\/wp-content\/uploads\/2024\/10\/einfach.-zufrieden.-sein-2.png","width":500,"height":500},{"@type":"BreadcrumbList","@id":"https:\/\/einfachzufriedensein.de\/?p=1390#breadcrumb","itemListElement":[{"@type":"ListItem","position":1,"name":"Startseite","item":"https:\/\/einfachzufriedensein.de\/"},{"@type":"ListItem","position":2,"name":"Turbulente Zeit"}]},{"@type":"WebSite","@id":"https:\/\/einfachzufriedensein.de\/#website","url":"https:\/\/einfachzufriedensein.de\/","name":"einfach.zufrieden.sein.","description":"Der Brustkrebs &amp; ich  - das Tagebuch einer Brustkrebspatientin","publisher":{"@id":"https:\/\/einfachzufriedensein.de\/#\/schema\/person\/1c305a44404a7ae00e2ad15fb51bb53c"},"potentialAction":[{"@type":"SearchAction","target":{"@type":"EntryPoint","urlTemplate":"https:\/\/einfachzufriedensein.de\/?s={search_term_string}"},"query-input":{"@type":"PropertyValueSpecification","valueRequired":true,"valueName":"search_term_string"}}],"inLanguage":"de"},{"@type":["Person","Organization"],"@id":"https:\/\/einfachzufriedensein.de\/#\/schema\/person\/1c305a44404a7ae00e2ad15fb51bb53c","name":"sfiedler","image":{"@type":"ImageObject","inLanguage":"de","@id":"https:\/\/einfachzufriedensein.de\/#\/schema\/person\/image\/","url":"https:\/\/einfachzufriedensein.de\/wp-content\/uploads\/2024\/10\/IMG20240928112843-scaled.jpg","contentUrl":"https:\/\/einfachzufriedensein.de\/wp-content\/uploads\/2024\/10\/IMG20240928112843-scaled.jpg","width":1927,"height":2560,"caption":"sfiedler"},"logo":{"@id":"https:\/\/einfachzufriedensein.de\/#\/schema\/person\/image\/"},"sameAs":["https:\/\/einfachzufriedensein.de"],"url":"https:\/\/einfachzufriedensein.de\/?author=1"}]}},"_links":{"self":[{"href":"https:\/\/einfachzufriedensein.de\/index.php?rest_route=\/wp\/v2\/posts\/1390","targetHints":{"allow":["GET"]}}],"collection":[{"href":"https:\/\/einfachzufriedensein.de\/index.php?rest_route=\/wp\/v2\/posts"}],"about":[{"href":"https:\/\/einfachzufriedensein.de\/index.php?rest_route=\/wp\/v2\/types\/post"}],"author":[{"embeddable":true,"href":"https:\/\/einfachzufriedensein.de\/index.php?rest_route=\/wp\/v2\/users\/1"}],"replies":[{"embeddable":true,"href":"https:\/\/einfachzufriedensein.de\/index.php?rest_route=%2Fwp%2Fv2%2Fcomments&post=1390"}],"version-history":[{"count":4,"href":"https:\/\/einfachzufriedensein.de\/index.php?rest_route=\/wp\/v2\/posts\/1390\/revisions"}],"predecessor-version":[{"id":1394,"href":"https:\/\/einfachzufriedensein.de\/index.php?rest_route=\/wp\/v2\/posts\/1390\/revisions\/1394"}],"wp:featuredmedia":[{"embeddable":true,"href":"https:\/\/einfachzufriedensein.de\/index.php?rest_route=\/wp\/v2\/media\/57"}],"wp:attachment":[{"href":"https:\/\/einfachzufriedensein.de\/index.php?rest_route=%2Fwp%2Fv2%2Fmedia&parent=1390"}],"wp:term":[{"taxonomy":"category","embeddable":true,"href":"https:\/\/einfachzufriedensein.de\/index.php?rest_route=%2Fwp%2Fv2%2Fcategories&post=1390"},{"taxonomy":"post_tag","embeddable":true,"href":"https:\/\/einfachzufriedensein.de\/index.php?rest_route=%2Fwp%2Fv2%2Ftags&post=1390"}],"curies":[{"name":"wp","href":"https:\/\/api.w.org\/{rel}","templated":true}]}}