{"id":1289,"date":"2025-10-09T10:50:43","date_gmt":"2025-10-09T08:50:43","guid":{"rendered":"https:\/\/einfachzufriedensein.de\/?p=1289"},"modified":"2025-10-09T10:50:45","modified_gmt":"2025-10-09T08:50:45","slug":"ein-jahr","status":"publish","type":"post","link":"https:\/\/einfachzufriedensein.de\/?p=1289","title":{"rendered":"Ein Jahr"},"content":{"rendered":"\n<p>Wie schnell vergehen 365 Tage? Was passiert in 365 Tagen? Ein Jahr ist lang, aber dann doch wieder recht kurz. Und es f\u00fchlt sich noch k\u00fcrzer an, wenn man gegen den Krebs k\u00e4mpft. Ein Jahr vergeht wie im Flug. Erinnerungen verblassen, aber der Moment am 09. Oktober 2024 als die \u00c4rztin im Brustzentrum eine Stanzbiopsie machte und mich mit den Worten entlie\u00df, dass es ein b\u00f6sartiger Tumor sein k\u00f6nnte, hat sich tief eingepr\u00e4gt. Die Situation war so surreal. Ich habe nie geglaubt, dass ich diese Worte einmal h\u00f6ren w\u00fcrde. Dass ich mich mit einer Krebserkrankung auseinandersetzen m\u00fcsste. Und von einem Moment auf den anderen \u00e4ndert sich dein Leben. Carsten hat mich zwar zu dem Termin begleitet, blieb aber im Wartezimmer sitzen. Schlie\u00dflich ging ich davon aus, dass es ein altes Blutgerinnsel von meinem Sturz im Juni sei. Nach der Untersuchung gingen wir zum Auto und ich erz\u00e4hlte von der Biopsie. Ich verharmloste das alles immer noch. Aber im Auto ging ich das Gespr\u00e4ch mit der \u00c4rztin in Gedanken noch einmal durch und sprach es aus &#8211; b\u00f6sartig. Da stockte mir der Atem und mir wurde bewusst, was das bedeuten k\u00f6nnte. Wobei ich mir das gesamte Ausma\u00df solch einer Behandlung nicht vorstellen konnte. Wir fuhren nach Hause und beschlossen niemandem davon zu erz\u00e4hlen, solange es keinen eindeutigen Befund dazu gibt. <\/p>\n\n\n\n<p>Wenn ich heute so dar\u00fcber nachdenke, f\u00fchlt es sich immer noch sehr unwirklich an. Aber ich habe ein Jahr gek\u00e4mpft und nie einen Zweifel daran gehabt, dass es nicht gut ausgehen k\u00f6nnte. Ich glaube, das hat mich durch diese Zeit getragen. Das Jahr war kr\u00e4ftezehrend und mein K\u00f6rper ist ausgelaugt. Meine k\u00f6rperliche Fitness l\u00e4sst noch zu w\u00fcnschen \u00fcbrig und hat noch Luft nach oben. Aber ich mache mir keinen Druck. Wenn etwas nicht geht, dann ist es eben so. Ich versuche gewisse Dinge zu trainieren, aber nicht mit einem gro\u00dfen \u00dcbereifer. Ich genie\u00dfe das Leben und freue mich auf den Familienzuwachs. Und ich freue mich auf all das, was noch vor uns liegt. <\/p>\n\n\n\n<p>Vor einem Jahr wusste ich zum Gl\u00fcck nicht, was alles auf mich zukommen wird. Manchmal w\u00fcnscht man sich in die Zukunft schauen zu k\u00f6nnen, aber in solchen Momenten ist es gut, dass wir das nicht k\u00f6nnen. Wir w\u00fcrden versuchen einzugreifen und unsere eigene Geschichte zu \u00e4ndern. Wir kennen unsere Geschichte nicht und auch den Sinn unseres Lebens, aber gerade das macht es doch so wertvoll, dem eigenen Leben den richtigen Sinn zu geben. Diese Krankheit hat mir Chancen gegeben und diese werde ich nutzen. Ich m\u00f6chte Mutmacherin f\u00fcr Menschen sein, die in \u00e4hnlichen Situationen sind, die ich selbst erlebt habe. Ich m\u00f6chte diese Menschen sinnbildlich an die Hand nehmen und sie best\u00e4rken. Wir denken, wir haben uns verloren w\u00e4hrend der langen Therapiezeit, dabei haben wir nur eine st\u00e4rkere Version von uns selbst gefunden. Denn wir haben all das durchgestanden. <\/p>\n","protected":false},"excerpt":{"rendered":"<p class=\"text-justify\">Wie schnell vergehen 365 Tage? Was passiert in 365 Tagen? Ein Jahr ist lang, aber dann doch wieder recht kurz. Und es [&hellip;]<\/p>\n","protected":false},"author":1,"featured_media":57,"comment_status":"closed","ping_status":"open","sticky":false,"template":"","format":"standard","meta":{"footnotes":""},"categories":[1],"tags":[43,2,162,11,180,179,16,178],"class_list":["post-1289","post","type-post","status-publish","format-standard","has-post-thumbnail","hentry","category-allgemein","tag-alltag","tag-brustkrebs","tag-chancen","tag-chemotherapie","tag-fitness","tag-jahrestag","tag-mentale-staerke","tag-zweifel"],"yoast_head":"<!-- This site is optimized with the Yoast SEO plugin v24.1 - https:\/\/yoast.com\/wordpress\/plugins\/seo\/ -->\n<title>Ein Jahr - einfach.zufrieden.sein.<\/title>\n<meta name=\"description\" content=\"Ein Jahr vergeht wie im Flug. Vor einem Jahr erhielt ich die Diagnose Brustkrebs, ein b\u00f6sartiger Tumor w\u00e4chst in mir.\" \/>\n<meta name=\"robots\" content=\"index, follow, max-snippet:-1, max-image-preview:large, max-video-preview:-1\" \/>\n<link rel=\"canonical\" href=\"https:\/\/einfachzufriedensein.de\/?p=1289\" \/>\n<meta property=\"og:locale\" content=\"de_DE\" \/>\n<meta property=\"og:type\" content=\"article\" \/>\n<meta property=\"og:title\" content=\"Ein Jahr - einfach.zufrieden.sein.\" \/>\n<meta property=\"og:description\" content=\"Ein Jahr vergeht wie im Flug. Vor einem Jahr erhielt ich die Diagnose Brustkrebs, ein b\u00f6sartiger Tumor w\u00e4chst in mir.\" \/>\n<meta property=\"og:url\" content=\"https:\/\/einfachzufriedensein.de\/?p=1289\" \/>\n<meta property=\"og:site_name\" content=\"einfach.zufrieden.sein.\" \/>\n<meta property=\"article:published_time\" content=\"2025-10-09T08:50:43+00:00\" \/>\n<meta property=\"article:modified_time\" content=\"2025-10-09T08:50:45+00:00\" \/>\n<meta property=\"og:image\" content=\"https:\/\/einfachzufriedensein.de\/wp-content\/uploads\/2024\/10\/einfach.-zufrieden.-sein-2.png\" \/>\n\t<meta property=\"og:image:width\" content=\"500\" \/>\n\t<meta property=\"og:image:height\" content=\"500\" \/>\n\t<meta property=\"og:image:type\" content=\"image\/png\" \/>\n<meta name=\"author\" content=\"sfiedler\" \/>\n<meta name=\"twitter:card\" content=\"summary_large_image\" \/>\n<meta name=\"twitter:label1\" content=\"Verfasst von\" \/>\n\t<meta name=\"twitter:data1\" content=\"sfiedler\" \/>\n\t<meta name=\"twitter:label2\" content=\"Gesch\u00e4tzte Lesezeit\" \/>\n\t<meta name=\"twitter:data2\" content=\"3\u00a0Minuten\" \/>\n<script type=\"application\/ld+json\" class=\"yoast-schema-graph\">{\"@context\":\"https:\/\/schema.org\",\"@graph\":[{\"@type\":\"Article\",\"@id\":\"https:\/\/einfachzufriedensein.de\/?p=1289#article\",\"isPartOf\":{\"@id\":\"https:\/\/einfachzufriedensein.de\/?p=1289\"},\"author\":{\"name\":\"sfiedler\",\"@id\":\"https:\/\/einfachzufriedensein.de\/#\/schema\/person\/1c305a44404a7ae00e2ad15fb51bb53c\"},\"headline\":\"Ein Jahr\",\"datePublished\":\"2025-10-09T08:50:43+00:00\",\"dateModified\":\"2025-10-09T08:50:45+00:00\",\"mainEntityOfPage\":{\"@id\":\"https:\/\/einfachzufriedensein.de\/?p=1289\"},\"wordCount\":506,\"publisher\":{\"@id\":\"https:\/\/einfachzufriedensein.de\/#\/schema\/person\/1c305a44404a7ae00e2ad15fb51bb53c\"},\"image\":{\"@id\":\"https:\/\/einfachzufriedensein.de\/?p=1289#primaryimage\"},\"thumbnailUrl\":\"https:\/\/einfachzufriedensein.de\/wp-content\/uploads\/2024\/10\/einfach.-zufrieden.-sein-2.png\",\"keywords\":[\"Alltag\",\"Brustkrebs\",\"Chancen\",\"Chemotherapie\",\"Fitness\",\"Jahrestag\",\"mentale St\u00e4rke\",\"Zweifel\"],\"inLanguage\":\"de\"},{\"@type\":\"WebPage\",\"@id\":\"https:\/\/einfachzufriedensein.de\/?p=1289\",\"url\":\"https:\/\/einfachzufriedensein.de\/?p=1289\",\"name\":\"Ein Jahr - einfach.zufrieden.sein.\",\"isPartOf\":{\"@id\":\"https:\/\/einfachzufriedensein.de\/#website\"},\"primaryImageOfPage\":{\"@id\":\"https:\/\/einfachzufriedensein.de\/?p=1289#primaryimage\"},\"image\":{\"@id\":\"https:\/\/einfachzufriedensein.de\/?p=1289#primaryimage\"},\"thumbnailUrl\":\"https:\/\/einfachzufriedensein.de\/wp-content\/uploads\/2024\/10\/einfach.-zufrieden.-sein-2.png\",\"datePublished\":\"2025-10-09T08:50:43+00:00\",\"dateModified\":\"2025-10-09T08:50:45+00:00\",\"description\":\"Ein Jahr vergeht wie im Flug. Vor einem Jahr erhielt ich die Diagnose Brustkrebs, ein b\u00f6sartiger Tumor w\u00e4chst in mir.\",\"breadcrumb\":{\"@id\":\"https:\/\/einfachzufriedensein.de\/?p=1289#breadcrumb\"},\"inLanguage\":\"de\",\"potentialAction\":[{\"@type\":\"ReadAction\",\"target\":[\"https:\/\/einfachzufriedensein.de\/?p=1289\"]}]},{\"@type\":\"ImageObject\",\"inLanguage\":\"de\",\"@id\":\"https:\/\/einfachzufriedensein.de\/?p=1289#primaryimage\",\"url\":\"https:\/\/einfachzufriedensein.de\/wp-content\/uploads\/2024\/10\/einfach.-zufrieden.-sein-2.png\",\"contentUrl\":\"https:\/\/einfachzufriedensein.de\/wp-content\/uploads\/2024\/10\/einfach.-zufrieden.-sein-2.png\",\"width\":500,\"height\":500},{\"@type\":\"BreadcrumbList\",\"@id\":\"https:\/\/einfachzufriedensein.de\/?p=1289#breadcrumb\",\"itemListElement\":[{\"@type\":\"ListItem\",\"position\":1,\"name\":\"Startseite\",\"item\":\"https:\/\/einfachzufriedensein.de\/\"},{\"@type\":\"ListItem\",\"position\":2,\"name\":\"Ein Jahr\"}]},{\"@type\":\"WebSite\",\"@id\":\"https:\/\/einfachzufriedensein.de\/#website\",\"url\":\"https:\/\/einfachzufriedensein.de\/\",\"name\":\"einfach.zufrieden.sein.\",\"description\":\"Der Brustkrebs &amp; ich  - das Tagebuch einer Brustkrebspatientin\",\"publisher\":{\"@id\":\"https:\/\/einfachzufriedensein.de\/#\/schema\/person\/1c305a44404a7ae00e2ad15fb51bb53c\"},\"potentialAction\":[{\"@type\":\"SearchAction\",\"target\":{\"@type\":\"EntryPoint\",\"urlTemplate\":\"https:\/\/einfachzufriedensein.de\/?s={search_term_string}\"},\"query-input\":{\"@type\":\"PropertyValueSpecification\",\"valueRequired\":true,\"valueName\":\"search_term_string\"}}],\"inLanguage\":\"de\"},{\"@type\":[\"Person\",\"Organization\"],\"@id\":\"https:\/\/einfachzufriedensein.de\/#\/schema\/person\/1c305a44404a7ae00e2ad15fb51bb53c\",\"name\":\"sfiedler\",\"image\":{\"@type\":\"ImageObject\",\"inLanguage\":\"de\",\"@id\":\"https:\/\/einfachzufriedensein.de\/#\/schema\/person\/image\/\",\"url\":\"https:\/\/einfachzufriedensein.de\/wp-content\/uploads\/2024\/10\/IMG20240928112843-scaled.jpg\",\"contentUrl\":\"https:\/\/einfachzufriedensein.de\/wp-content\/uploads\/2024\/10\/IMG20240928112843-scaled.jpg\",\"width\":1927,\"height\":2560,\"caption\":\"sfiedler\"},\"logo\":{\"@id\":\"https:\/\/einfachzufriedensein.de\/#\/schema\/person\/image\/\"},\"sameAs\":[\"https:\/\/einfachzufriedensein.de\"],\"url\":\"https:\/\/einfachzufriedensein.de\/?author=1\"}]}<\/script>\n<!-- \/ Yoast SEO plugin. -->","yoast_head_json":{"title":"Ein Jahr - einfach.zufrieden.sein.","description":"Ein Jahr vergeht wie im Flug. Vor einem Jahr erhielt ich die Diagnose Brustkrebs, ein b\u00f6sartiger Tumor w\u00e4chst in mir.","robots":{"index":"index","follow":"follow","max-snippet":"max-snippet:-1","max-image-preview":"max-image-preview:large","max-video-preview":"max-video-preview:-1"},"canonical":"https:\/\/einfachzufriedensein.de\/?p=1289","og_locale":"de_DE","og_type":"article","og_title":"Ein Jahr - einfach.zufrieden.sein.","og_description":"Ein Jahr vergeht wie im Flug. Vor einem Jahr erhielt ich die Diagnose Brustkrebs, ein b\u00f6sartiger Tumor w\u00e4chst in mir.","og_url":"https:\/\/einfachzufriedensein.de\/?p=1289","og_site_name":"einfach.zufrieden.sein.","article_published_time":"2025-10-09T08:50:43+00:00","article_modified_time":"2025-10-09T08:50:45+00:00","og_image":[{"width":500,"height":500,"url":"https:\/\/einfachzufriedensein.de\/wp-content\/uploads\/2024\/10\/einfach.-zufrieden.-sein-2.png","type":"image\/png"}],"author":"sfiedler","twitter_card":"summary_large_image","twitter_misc":{"Verfasst von":"sfiedler","Gesch\u00e4tzte Lesezeit":"3\u00a0Minuten"},"schema":{"@context":"https:\/\/schema.org","@graph":[{"@type":"Article","@id":"https:\/\/einfachzufriedensein.de\/?p=1289#article","isPartOf":{"@id":"https:\/\/einfachzufriedensein.de\/?p=1289"},"author":{"name":"sfiedler","@id":"https:\/\/einfachzufriedensein.de\/#\/schema\/person\/1c305a44404a7ae00e2ad15fb51bb53c"},"headline":"Ein Jahr","datePublished":"2025-10-09T08:50:43+00:00","dateModified":"2025-10-09T08:50:45+00:00","mainEntityOfPage":{"@id":"https:\/\/einfachzufriedensein.de\/?p=1289"},"wordCount":506,"publisher":{"@id":"https:\/\/einfachzufriedensein.de\/#\/schema\/person\/1c305a44404a7ae00e2ad15fb51bb53c"},"image":{"@id":"https:\/\/einfachzufriedensein.de\/?p=1289#primaryimage"},"thumbnailUrl":"https:\/\/einfachzufriedensein.de\/wp-content\/uploads\/2024\/10\/einfach.-zufrieden.-sein-2.png","keywords":["Alltag","Brustkrebs","Chancen","Chemotherapie","Fitness","Jahrestag","mentale St\u00e4rke","Zweifel"],"inLanguage":"de"},{"@type":"WebPage","@id":"https:\/\/einfachzufriedensein.de\/?p=1289","url":"https:\/\/einfachzufriedensein.de\/?p=1289","name":"Ein Jahr - einfach.zufrieden.sein.","isPartOf":{"@id":"https:\/\/einfachzufriedensein.de\/#website"},"primaryImageOfPage":{"@id":"https:\/\/einfachzufriedensein.de\/?p=1289#primaryimage"},"image":{"@id":"https:\/\/einfachzufriedensein.de\/?p=1289#primaryimage"},"thumbnailUrl":"https:\/\/einfachzufriedensein.de\/wp-content\/uploads\/2024\/10\/einfach.-zufrieden.-sein-2.png","datePublished":"2025-10-09T08:50:43+00:00","dateModified":"2025-10-09T08:50:45+00:00","description":"Ein Jahr vergeht wie im Flug. Vor einem Jahr erhielt ich die Diagnose Brustkrebs, ein b\u00f6sartiger Tumor w\u00e4chst in mir.","breadcrumb":{"@id":"https:\/\/einfachzufriedensein.de\/?p=1289#breadcrumb"},"inLanguage":"de","potentialAction":[{"@type":"ReadAction","target":["https:\/\/einfachzufriedensein.de\/?p=1289"]}]},{"@type":"ImageObject","inLanguage":"de","@id":"https:\/\/einfachzufriedensein.de\/?p=1289#primaryimage","url":"https:\/\/einfachzufriedensein.de\/wp-content\/uploads\/2024\/10\/einfach.-zufrieden.-sein-2.png","contentUrl":"https:\/\/einfachzufriedensein.de\/wp-content\/uploads\/2024\/10\/einfach.-zufrieden.-sein-2.png","width":500,"height":500},{"@type":"BreadcrumbList","@id":"https:\/\/einfachzufriedensein.de\/?p=1289#breadcrumb","itemListElement":[{"@type":"ListItem","position":1,"name":"Startseite","item":"https:\/\/einfachzufriedensein.de\/"},{"@type":"ListItem","position":2,"name":"Ein Jahr"}]},{"@type":"WebSite","@id":"https:\/\/einfachzufriedensein.de\/#website","url":"https:\/\/einfachzufriedensein.de\/","name":"einfach.zufrieden.sein.","description":"Der Brustkrebs &amp; ich  - das Tagebuch einer Brustkrebspatientin","publisher":{"@id":"https:\/\/einfachzufriedensein.de\/#\/schema\/person\/1c305a44404a7ae00e2ad15fb51bb53c"},"potentialAction":[{"@type":"SearchAction","target":{"@type":"EntryPoint","urlTemplate":"https:\/\/einfachzufriedensein.de\/?s={search_term_string}"},"query-input":{"@type":"PropertyValueSpecification","valueRequired":true,"valueName":"search_term_string"}}],"inLanguage":"de"},{"@type":["Person","Organization"],"@id":"https:\/\/einfachzufriedensein.de\/#\/schema\/person\/1c305a44404a7ae00e2ad15fb51bb53c","name":"sfiedler","image":{"@type":"ImageObject","inLanguage":"de","@id":"https:\/\/einfachzufriedensein.de\/#\/schema\/person\/image\/","url":"https:\/\/einfachzufriedensein.de\/wp-content\/uploads\/2024\/10\/IMG20240928112843-scaled.jpg","contentUrl":"https:\/\/einfachzufriedensein.de\/wp-content\/uploads\/2024\/10\/IMG20240928112843-scaled.jpg","width":1927,"height":2560,"caption":"sfiedler"},"logo":{"@id":"https:\/\/einfachzufriedensein.de\/#\/schema\/person\/image\/"},"sameAs":["https:\/\/einfachzufriedensein.de"],"url":"https:\/\/einfachzufriedensein.de\/?author=1"}]}},"_links":{"self":[{"href":"https:\/\/einfachzufriedensein.de\/index.php?rest_route=\/wp\/v2\/posts\/1289","targetHints":{"allow":["GET"]}}],"collection":[{"href":"https:\/\/einfachzufriedensein.de\/index.php?rest_route=\/wp\/v2\/posts"}],"about":[{"href":"https:\/\/einfachzufriedensein.de\/index.php?rest_route=\/wp\/v2\/types\/post"}],"author":[{"embeddable":true,"href":"https:\/\/einfachzufriedensein.de\/index.php?rest_route=\/wp\/v2\/users\/1"}],"replies":[{"embeddable":true,"href":"https:\/\/einfachzufriedensein.de\/index.php?rest_route=%2Fwp%2Fv2%2Fcomments&post=1289"}],"version-history":[{"count":5,"href":"https:\/\/einfachzufriedensein.de\/index.php?rest_route=\/wp\/v2\/posts\/1289\/revisions"}],"predecessor-version":[{"id":1294,"href":"https:\/\/einfachzufriedensein.de\/index.php?rest_route=\/wp\/v2\/posts\/1289\/revisions\/1294"}],"wp:featuredmedia":[{"embeddable":true,"href":"https:\/\/einfachzufriedensein.de\/index.php?rest_route=\/wp\/v2\/media\/57"}],"wp:attachment":[{"href":"https:\/\/einfachzufriedensein.de\/index.php?rest_route=%2Fwp%2Fv2%2Fmedia&parent=1289"}],"wp:term":[{"taxonomy":"category","embeddable":true,"href":"https:\/\/einfachzufriedensein.de\/index.php?rest_route=%2Fwp%2Fv2%2Fcategories&post=1289"},{"taxonomy":"post_tag","embeddable":true,"href":"https:\/\/einfachzufriedensein.de\/index.php?rest_route=%2Fwp%2Fv2%2Ftags&post=1289"}],"curies":[{"name":"wp","href":"https:\/\/api.w.org\/{rel}","templated":true}]}}