{"id":1282,"date":"2025-10-06T07:46:00","date_gmt":"2025-10-06T05:46:00","guid":{"rendered":"https:\/\/einfachzufriedensein.de\/?p=1282"},"modified":"2025-10-06T07:46:01","modified_gmt":"2025-10-06T05:46:01","slug":"jammern-kann-ich-auch","status":"publish","type":"post","link":"https:\/\/einfachzufriedensein.de\/?p=1282","title":{"rendered":"Jammern? Kann ich auch&#8230;."},"content":{"rendered":"\n<p>Eigentlich bin ich eher der Typ Mensch, der alles mit sich selbst ausmacht und in sich hineinfrisst. Aber im Moment habe ich immer noch k\u00f6rperliche Baustellen, die einfach nicht verschwinden wollen. Letzte Woche habe ich einen neuen Tablettenyzklus mit Kisqali gestartet, jetzt sind es nur noch 34 Monate, zumindest mit Kisqali. Die anderen Tabletten, die Antihormone, muss ich noch zwei Jahre l\u00e4nger nehmen. Es ist einfach eine verdammt lange Zeit und ich kann gut verstehen, wenn manche zwischendrin einfach abbrechen. F\u00fcr mich ist aber durchhalten angesagt. Seit \u00fcber einer Woche schmerzt mein rechter Fuss wieder extrem und das kommt nicht nur vom Fersensporn. Der Vorderfuss tut unheimlich weh, das Ausstrecken des Fusses ist sehr schmerzhaft. N\u00e4chste Woche habe ich meinen Termin beim Orthop\u00e4den, mal schauen, was er sagt. Meine rechte Hand ist ebenfalls nicht besser geworden. Der kleine Finger tut weh und teilweise geht der Schmerz den kompletten Arm hinauf. Ergo &#8211; ich mache einen Termin bei der Neurologin, da von ihr ja bereits die Vermutung eines Karpaltunnelsyndroms angesprochen wurde. <\/p>\n\n\n\n<p>Und eine weitere Baustelle ist meine linke Schulter, eine Stelle oberhalb meiner Portnarbe. Schlafen auf dieser Seite ist teilweise mit Schmerzen verbunden. Ende Oktober habe ich endlich den Termin beim Gef\u00e4\u00dfchirurgen und dann erhoffe ich mir eine Kl\u00e4rung. Dauerhafte unterschwellige Schmerzen k\u00f6nnen einen ganz sch\u00f6n m\u00fcrbe machen. Ob das nun alles mit der zur\u00fcckliegenden Therapie zu tun hat oder mit den neuen Tabletten, kann ich nicht sagen und die \u00c4rzte wahrscheinlich auch nicht. Ich w\u00fcrde gerne einfach mal wieder ohne irgendwelche Schmerzen in den Tag starten und abends zu Bett gehen. <\/p>\n\n\n\n<p>So und jetzt Jammermodus aus &#8211; es gibt einfach zu viele sch\u00f6ne neue Dinge in meinem Leben \u00fcber die ich viel lieber berichten m\u00f6chte. Mit unSICHTBAR geht es in kleinen Schritten voran. Zwei unserer Fototermine sind bereits ausgebucht, die Nachfrage und das Interesse daran ist gro\u00df. Dar\u00fcber freue mich ich mich riesig. Gemeinsam mit unserer Fotografin Anne habe ich noch eine Location in Frankfurt besichtigt, deren Inhaberinnen uns gerne unterst\u00fctzten wollen. Idyllisch gelegen mitten im Frankfurter Stadtwald bietet <a href=\"https:\/\/www.raum25-frankfurt.de\/\" target=\"_blank\" rel=\"noreferrer noopener\">Raum25<\/a> ein perfektes Raumkonzept f\u00fcr unsere Bed\u00fcrfnisse. Die Inhaberinnen Jennifer und Inga sind ganz wunderbare Frauen, die ich wieder einmal durch einen Netzwerkkontakt kennengelernt habe. <\/p>\n\n\n\n<p>Von der IHK habe ich die ern\u00fcchternde R\u00fcckmeldung erhalten, dass unSICHTBAR allein als Name f\u00fcr die gUG laut \u00a718 HGB nicht ausreichend ist und ich einen Zweitnamen, einen Fantasienamen ben\u00f6tige, um das Unternehmen eindeutig zu kennzeichnen. Oh Mann, dieser b\u00fcrokratische Irrsinn. Aber es n\u00fctzt nichts sich dar\u00fcber zu \u00e4rgern, so sind nun einmal die Regeln. Also beratschlage ich mich mit Carsten und wir \u00fcberlegen gemeinsam, welcher kreative Zweitname \u00fcberhaupt infrage kommt. Ebenfalls befrage ich die KI und es kommen ganz gute Vorschl\u00e4ge dabei heraus. Einer davon ist unSICHTBAR Lichtblick gUG, aber am Ende entscheiden wir uns f\u00fcr unSICHTBAR Die Mutmacher gUG. Diese \u00c4nderung beim Namen muss ich noch an die Steuerberaterin \u00fcbermitteln, die ich mit der Erstellung des Gesellschaftervertrages f\u00fcr die Gr\u00fcndung beauftragt habe. Sie sitzt bereits daran und arbeitet dies noch ein. Sobald der Entwurf vorliegt, gebe ich diesen zur IHK zur Pr\u00fcfung, damit diese mir die notwendige Stellungnahme ausstellt, die ich f\u00fcr die Eintragung beim Registergericht ben\u00f6tige. Viel B\u00fcrokratie, eben typisch Deutschland. <\/p>\n\n\n\n<p>Doch es gibt noch weitere positive Neuigkeiten. Es wird zwischen dm und unSICHTBAR eine Partnerschaft geben. Der Drogeriemarkt wird uns mit Sachspenden f\u00fcr die Fotoshootings und ihren hauseigenen Stylistinnen unterst\u00fctzen. Ebenso sind weitere Spendenaktionen f\u00fcr uns denkbar. Ich hatte ein sehr inspirierendes und kreatives Gespr\u00e4ch mit der Regionalleiterin, dabei sind wunderbare Ideen f\u00fcr unsere Zusammenarbeit entstanden. Einfach gro\u00dfartig. Und bei einem Einkauf im OBI Baumarkt habe ich dann direkt noch ein Gespr\u00e4ch mit dem Marktleiter gef\u00fchrt und einfach unseren Flyer \u00fcberreicht. Wir ben\u00f6tigen noch Material, um unsere Kleiderstangen f\u00fcr die Fotoshootings selbst bauen zu k\u00f6nnen. Er unterst\u00fctzt uns sehr gern dabei, ob mit Spende oder verg\u00fcnstigten Preisen, vieles ist m\u00f6glich. Der sympathische Mann erz\u00e4hlt mir, dass er auch bereits ein Hospiz unterst\u00fctzt hat und immer offen ist f\u00fcr solche Projekte. Es ist einfach toll, wenn man so viel Zuspruch und Unterst\u00fctzung von aussen erf\u00e4hrt. In zwei Monaten ist unser allererstes Fotoshooting und ich bin sehr gespannt, was bis dahin noch alles passiert. <\/p>\n\n\n\n<p>Und auch innerhalb unserer Familie gibt es ganz tolle Neuigkeiten. Unsere mittlere Tochter ist ebenfalls schwanger und wir werden somit in 2026 innerhalb von nur vier Monaten zwei Enkelkinder begr\u00fc\u00dfen k\u00f6nnen. So sch\u00f6n und wir beide freuen uns riesig dar\u00fcber. Das Haus wird voll und die Familie gr\u00f6\u00dfer. Noch ein Grund mehr, den Kopf niemals h\u00e4ngenzulassen und nicht aufzugeben. <\/p>\n","protected":false},"excerpt":{"rendered":"<p class=\"text-justify\">Eigentlich bin ich eher der Typ Mensch, der alles mit sich selbst ausmacht und in sich hineinfrisst. Aber im Moment habe ich [&hellip;]<\/p>\n","protected":false},"author":1,"featured_media":57,"comment_status":"closed","ping_status":"open","sticky":false,"template":"","format":"standard","meta":{"footnotes":""},"categories":[1],"tags":[43,2,176,177,17,16,18],"class_list":["post-1282","post","type-post","status-publish","format-standard","has-post-thumbnail","hentry","category-allgemein","tag-alltag","tag-brustkrebs","tag-enkel","tag-enkelkinder","tag-familie","tag-mentale-staerke","tag-nebenwirkungen"],"yoast_head":"<!-- This site is optimized with the Yoast SEO plugin v24.1 - https:\/\/yoast.com\/wordpress\/plugins\/seo\/ -->\n<title>Jammern? Kann ich auch.... - einfach.zufrieden.sein.<\/title>\n<meta name=\"robots\" content=\"index, follow, max-snippet:-1, max-image-preview:large, max-video-preview:-1\" \/>\n<link rel=\"canonical\" href=\"https:\/\/einfachzufriedensein.de\/?p=1282\" \/>\n<meta property=\"og:locale\" content=\"de_DE\" \/>\n<meta property=\"og:type\" content=\"article\" \/>\n<meta property=\"og:title\" content=\"Jammern? Kann ich auch.... - einfach.zufrieden.sein.\" \/>\n<meta property=\"og:description\" content=\"Eigentlich bin ich eher der Typ Mensch, der alles mit sich selbst ausmacht und in sich hineinfrisst. Aber im Moment habe ich [&hellip;]\" \/>\n<meta property=\"og:url\" content=\"https:\/\/einfachzufriedensein.de\/?p=1282\" \/>\n<meta property=\"og:site_name\" content=\"einfach.zufrieden.sein.\" \/>\n<meta property=\"article:published_time\" content=\"2025-10-06T05:46:00+00:00\" \/>\n<meta property=\"article:modified_time\" content=\"2025-10-06T05:46:01+00:00\" \/>\n<meta name=\"author\" content=\"sfiedler\" \/>\n<meta name=\"twitter:card\" content=\"summary_large_image\" \/>\n<meta name=\"twitter:label1\" content=\"Verfasst von\" \/>\n\t<meta name=\"twitter:data1\" content=\"sfiedler\" \/>\n\t<meta name=\"twitter:label2\" content=\"Gesch\u00e4tzte Lesezeit\" \/>\n\t<meta name=\"twitter:data2\" content=\"5\u00a0Minuten\" \/>\n<script type=\"application\/ld+json\" class=\"yoast-schema-graph\">{\"@context\":\"https:\/\/schema.org\",\"@graph\":[{\"@type\":\"Article\",\"@id\":\"https:\/\/einfachzufriedensein.de\/?p=1282#article\",\"isPartOf\":{\"@id\":\"https:\/\/einfachzufriedensein.de\/?p=1282\"},\"author\":{\"name\":\"sfiedler\",\"@id\":\"https:\/\/einfachzufriedensein.de\/#\/schema\/person\/1c305a44404a7ae00e2ad15fb51bb53c\"},\"headline\":\"Jammern? Kann ich auch&#8230;.\",\"datePublished\":\"2025-10-06T05:46:00+00:00\",\"dateModified\":\"2025-10-06T05:46:01+00:00\",\"mainEntityOfPage\":{\"@id\":\"https:\/\/einfachzufriedensein.de\/?p=1282\"},\"wordCount\":808,\"publisher\":{\"@id\":\"https:\/\/einfachzufriedensein.de\/#\/schema\/person\/1c305a44404a7ae00e2ad15fb51bb53c\"},\"image\":{\"@id\":\"https:\/\/einfachzufriedensein.de\/?p=1282#primaryimage\"},\"thumbnailUrl\":\"https:\/\/einfachzufriedensein.de\/wp-content\/uploads\/2024\/10\/einfach.-zufrieden.-sein-2.png\",\"keywords\":[\"Alltag\",\"Brustkrebs\",\"Enkel\",\"Enkelkinder\",\"Familie\",\"mentale St\u00e4rke\",\"Nebenwirkungen\"],\"inLanguage\":\"de\"},{\"@type\":\"WebPage\",\"@id\":\"https:\/\/einfachzufriedensein.de\/?p=1282\",\"url\":\"https:\/\/einfachzufriedensein.de\/?p=1282\",\"name\":\"Jammern? Kann ich auch.... - einfach.zufrieden.sein.\",\"isPartOf\":{\"@id\":\"https:\/\/einfachzufriedensein.de\/#website\"},\"primaryImageOfPage\":{\"@id\":\"https:\/\/einfachzufriedensein.de\/?p=1282#primaryimage\"},\"image\":{\"@id\":\"https:\/\/einfachzufriedensein.de\/?p=1282#primaryimage\"},\"thumbnailUrl\":\"https:\/\/einfachzufriedensein.de\/wp-content\/uploads\/2024\/10\/einfach.-zufrieden.-sein-2.png\",\"datePublished\":\"2025-10-06T05:46:00+00:00\",\"dateModified\":\"2025-10-06T05:46:01+00:00\",\"breadcrumb\":{\"@id\":\"https:\/\/einfachzufriedensein.de\/?p=1282#breadcrumb\"},\"inLanguage\":\"de\",\"potentialAction\":[{\"@type\":\"ReadAction\",\"target\":[\"https:\/\/einfachzufriedensein.de\/?p=1282\"]}]},{\"@type\":\"ImageObject\",\"inLanguage\":\"de\",\"@id\":\"https:\/\/einfachzufriedensein.de\/?p=1282#primaryimage\",\"url\":\"https:\/\/einfachzufriedensein.de\/wp-content\/uploads\/2024\/10\/einfach.-zufrieden.-sein-2.png\",\"contentUrl\":\"https:\/\/einfachzufriedensein.de\/wp-content\/uploads\/2024\/10\/einfach.-zufrieden.-sein-2.png\",\"width\":500,\"height\":500},{\"@type\":\"BreadcrumbList\",\"@id\":\"https:\/\/einfachzufriedensein.de\/?p=1282#breadcrumb\",\"itemListElement\":[{\"@type\":\"ListItem\",\"position\":1,\"name\":\"Startseite\",\"item\":\"https:\/\/einfachzufriedensein.de\/\"},{\"@type\":\"ListItem\",\"position\":2,\"name\":\"Jammern? Kann ich auch&#8230;.\"}]},{\"@type\":\"WebSite\",\"@id\":\"https:\/\/einfachzufriedensein.de\/#website\",\"url\":\"https:\/\/einfachzufriedensein.de\/\",\"name\":\"einfach.zufrieden.sein.\",\"description\":\"Der Brustkrebs &amp; ich  - das Tagebuch einer Brustkrebspatientin\",\"publisher\":{\"@id\":\"https:\/\/einfachzufriedensein.de\/#\/schema\/person\/1c305a44404a7ae00e2ad15fb51bb53c\"},\"potentialAction\":[{\"@type\":\"SearchAction\",\"target\":{\"@type\":\"EntryPoint\",\"urlTemplate\":\"https:\/\/einfachzufriedensein.de\/?s={search_term_string}\"},\"query-input\":{\"@type\":\"PropertyValueSpecification\",\"valueRequired\":true,\"valueName\":\"search_term_string\"}}],\"inLanguage\":\"de\"},{\"@type\":[\"Person\",\"Organization\"],\"@id\":\"https:\/\/einfachzufriedensein.de\/#\/schema\/person\/1c305a44404a7ae00e2ad15fb51bb53c\",\"name\":\"sfiedler\",\"image\":{\"@type\":\"ImageObject\",\"inLanguage\":\"de\",\"@id\":\"https:\/\/einfachzufriedensein.de\/#\/schema\/person\/image\/\",\"url\":\"https:\/\/einfachzufriedensein.de\/wp-content\/uploads\/2024\/10\/IMG20240928112843-scaled.jpg\",\"contentUrl\":\"https:\/\/einfachzufriedensein.de\/wp-content\/uploads\/2024\/10\/IMG20240928112843-scaled.jpg\",\"width\":1927,\"height\":2560,\"caption\":\"sfiedler\"},\"logo\":{\"@id\":\"https:\/\/einfachzufriedensein.de\/#\/schema\/person\/image\/\"},\"sameAs\":[\"https:\/\/einfachzufriedensein.de\"],\"url\":\"https:\/\/einfachzufriedensein.de\/?author=1\"}]}<\/script>\n<!-- \/ Yoast SEO plugin. -->","yoast_head_json":{"title":"Jammern? Kann ich auch.... - einfach.zufrieden.sein.","robots":{"index":"index","follow":"follow","max-snippet":"max-snippet:-1","max-image-preview":"max-image-preview:large","max-video-preview":"max-video-preview:-1"},"canonical":"https:\/\/einfachzufriedensein.de\/?p=1282","og_locale":"de_DE","og_type":"article","og_title":"Jammern? Kann ich auch.... - einfach.zufrieden.sein.","og_description":"Eigentlich bin ich eher der Typ Mensch, der alles mit sich selbst ausmacht und in sich hineinfrisst. Aber im Moment habe ich [&hellip;]","og_url":"https:\/\/einfachzufriedensein.de\/?p=1282","og_site_name":"einfach.zufrieden.sein.","article_published_time":"2025-10-06T05:46:00+00:00","article_modified_time":"2025-10-06T05:46:01+00:00","author":"sfiedler","twitter_card":"summary_large_image","twitter_misc":{"Verfasst von":"sfiedler","Gesch\u00e4tzte Lesezeit":"5\u00a0Minuten"},"schema":{"@context":"https:\/\/schema.org","@graph":[{"@type":"Article","@id":"https:\/\/einfachzufriedensein.de\/?p=1282#article","isPartOf":{"@id":"https:\/\/einfachzufriedensein.de\/?p=1282"},"author":{"name":"sfiedler","@id":"https:\/\/einfachzufriedensein.de\/#\/schema\/person\/1c305a44404a7ae00e2ad15fb51bb53c"},"headline":"Jammern? Kann ich auch&#8230;.","datePublished":"2025-10-06T05:46:00+00:00","dateModified":"2025-10-06T05:46:01+00:00","mainEntityOfPage":{"@id":"https:\/\/einfachzufriedensein.de\/?p=1282"},"wordCount":808,"publisher":{"@id":"https:\/\/einfachzufriedensein.de\/#\/schema\/person\/1c305a44404a7ae00e2ad15fb51bb53c"},"image":{"@id":"https:\/\/einfachzufriedensein.de\/?p=1282#primaryimage"},"thumbnailUrl":"https:\/\/einfachzufriedensein.de\/wp-content\/uploads\/2024\/10\/einfach.-zufrieden.-sein-2.png","keywords":["Alltag","Brustkrebs","Enkel","Enkelkinder","Familie","mentale St\u00e4rke","Nebenwirkungen"],"inLanguage":"de"},{"@type":"WebPage","@id":"https:\/\/einfachzufriedensein.de\/?p=1282","url":"https:\/\/einfachzufriedensein.de\/?p=1282","name":"Jammern? Kann ich auch.... - einfach.zufrieden.sein.","isPartOf":{"@id":"https:\/\/einfachzufriedensein.de\/#website"},"primaryImageOfPage":{"@id":"https:\/\/einfachzufriedensein.de\/?p=1282#primaryimage"},"image":{"@id":"https:\/\/einfachzufriedensein.de\/?p=1282#primaryimage"},"thumbnailUrl":"https:\/\/einfachzufriedensein.de\/wp-content\/uploads\/2024\/10\/einfach.-zufrieden.-sein-2.png","datePublished":"2025-10-06T05:46:00+00:00","dateModified":"2025-10-06T05:46:01+00:00","breadcrumb":{"@id":"https:\/\/einfachzufriedensein.de\/?p=1282#breadcrumb"},"inLanguage":"de","potentialAction":[{"@type":"ReadAction","target":["https:\/\/einfachzufriedensein.de\/?p=1282"]}]},{"@type":"ImageObject","inLanguage":"de","@id":"https:\/\/einfachzufriedensein.de\/?p=1282#primaryimage","url":"https:\/\/einfachzufriedensein.de\/wp-content\/uploads\/2024\/10\/einfach.-zufrieden.-sein-2.png","contentUrl":"https:\/\/einfachzufriedensein.de\/wp-content\/uploads\/2024\/10\/einfach.-zufrieden.-sein-2.png","width":500,"height":500},{"@type":"BreadcrumbList","@id":"https:\/\/einfachzufriedensein.de\/?p=1282#breadcrumb","itemListElement":[{"@type":"ListItem","position":1,"name":"Startseite","item":"https:\/\/einfachzufriedensein.de\/"},{"@type":"ListItem","position":2,"name":"Jammern? Kann ich auch&#8230;."}]},{"@type":"WebSite","@id":"https:\/\/einfachzufriedensein.de\/#website","url":"https:\/\/einfachzufriedensein.de\/","name":"einfach.zufrieden.sein.","description":"Der Brustkrebs &amp; ich  - das Tagebuch einer Brustkrebspatientin","publisher":{"@id":"https:\/\/einfachzufriedensein.de\/#\/schema\/person\/1c305a44404a7ae00e2ad15fb51bb53c"},"potentialAction":[{"@type":"SearchAction","target":{"@type":"EntryPoint","urlTemplate":"https:\/\/einfachzufriedensein.de\/?s={search_term_string}"},"query-input":{"@type":"PropertyValueSpecification","valueRequired":true,"valueName":"search_term_string"}}],"inLanguage":"de"},{"@type":["Person","Organization"],"@id":"https:\/\/einfachzufriedensein.de\/#\/schema\/person\/1c305a44404a7ae00e2ad15fb51bb53c","name":"sfiedler","image":{"@type":"ImageObject","inLanguage":"de","@id":"https:\/\/einfachzufriedensein.de\/#\/schema\/person\/image\/","url":"https:\/\/einfachzufriedensein.de\/wp-content\/uploads\/2024\/10\/IMG20240928112843-scaled.jpg","contentUrl":"https:\/\/einfachzufriedensein.de\/wp-content\/uploads\/2024\/10\/IMG20240928112843-scaled.jpg","width":1927,"height":2560,"caption":"sfiedler"},"logo":{"@id":"https:\/\/einfachzufriedensein.de\/#\/schema\/person\/image\/"},"sameAs":["https:\/\/einfachzufriedensein.de"],"url":"https:\/\/einfachzufriedensein.de\/?author=1"}]}},"_links":{"self":[{"href":"https:\/\/einfachzufriedensein.de\/index.php?rest_route=\/wp\/v2\/posts\/1282","targetHints":{"allow":["GET"]}}],"collection":[{"href":"https:\/\/einfachzufriedensein.de\/index.php?rest_route=\/wp\/v2\/posts"}],"about":[{"href":"https:\/\/einfachzufriedensein.de\/index.php?rest_route=\/wp\/v2\/types\/post"}],"author":[{"embeddable":true,"href":"https:\/\/einfachzufriedensein.de\/index.php?rest_route=\/wp\/v2\/users\/1"}],"replies":[{"embeddable":true,"href":"https:\/\/einfachzufriedensein.de\/index.php?rest_route=%2Fwp%2Fv2%2Fcomments&post=1282"}],"version-history":[{"count":5,"href":"https:\/\/einfachzufriedensein.de\/index.php?rest_route=\/wp\/v2\/posts\/1282\/revisions"}],"predecessor-version":[{"id":1288,"href":"https:\/\/einfachzufriedensein.de\/index.php?rest_route=\/wp\/v2\/posts\/1282\/revisions\/1288"}],"wp:featuredmedia":[{"embeddable":true,"href":"https:\/\/einfachzufriedensein.de\/index.php?rest_route=\/wp\/v2\/media\/57"}],"wp:attachment":[{"href":"https:\/\/einfachzufriedensein.de\/index.php?rest_route=%2Fwp%2Fv2%2Fmedia&parent=1282"}],"wp:term":[{"taxonomy":"category","embeddable":true,"href":"https:\/\/einfachzufriedensein.de\/index.php?rest_route=%2Fwp%2Fv2%2Fcategories&post=1282"},{"taxonomy":"post_tag","embeddable":true,"href":"https:\/\/einfachzufriedensein.de\/index.php?rest_route=%2Fwp%2Fv2%2Ftags&post=1282"}],"curies":[{"name":"wp","href":"https:\/\/api.w.org\/{rel}","templated":true}]}}