{"id":1258,"date":"2025-09-08T06:54:59","date_gmt":"2025-09-08T04:54:59","guid":{"rendered":"https:\/\/einfachzufriedensein.de\/?p=1258"},"modified":"2025-09-10T06:55:26","modified_gmt":"2025-09-10T04:55:26","slug":"erster-friseurbesuch","status":"publish","type":"post","link":"https:\/\/einfachzufriedensein.de\/?p=1258","title":{"rendered":"Erster Friseurbesuch"},"content":{"rendered":"\n<p>Zehn Monate ist es her, seitdem ich das letzte Mal beim Friseur gewesen bin. Ich h\u00e4tte mir nie vorstellen k\u00f6nnen, wie sehr man sich \u00fcber so etwas freuen kann. Aber nach mehr als sechs Monaten mit unfreiwilliger Glatze ist das etwas ganz Besonderes. Zu sehen, wie der K\u00f6rper wieder funktioniert und die eigenen Haare wieder wachsen. Zur\u00fcck in die Normalit\u00e4t. Wieder eine von achtzig Millionen zu sein. Pers\u00f6nlich fand ich die Glatze aber nicht schlimm. Die Chemotherapie beeintr\u00e4chtigt das Zellwachstum schnell wachsender Zellen &#8211; so auch das Wachstum der Haare. Sie sterben buchst\u00e4blich ab, bevor sie \u00fcberhaupt den Weg durch die Haut antreten k\u00f6nnen. Meine eigene K\u00f6rperbehaarung war noch nie besonders \u00fcppig, aber wenn ich mir vorstelle, dass mein Mann mit seiner starken Behaarung so einen Komplettausfall erleben m\u00fcsste &#8211; das w\u00e4re mental f\u00fcr ihn sicher auch sehr schwierig. <\/p>\n\n\n\n<p>Samstagmorgen, wir fr\u00fchst\u00fccken noch ganz entspannt mit unserer Enkeltochter und dann mache ich mich zu Fuss auf den Weg zum Friseur. Wir sind in der gl\u00fccklichen Lage an unserem Wohnort in nur zehn Minuten Entfernung ein Haarstudio zu haben. Und ich bin ein wenig aufgeregt. Meine Haare sind noch sehr kurz, aber dennoch m\u00fcssen die Konturen in Form gebracht werden. Moni rasiert an den Seiten und im Nacken die ersten Fusseln weg. Am Oberkopf gibt es noch nichts zu schneiden. Es gef\u00e4llt mir richtig gut, ich f\u00fchle mich wohl und mein Entschluss steht fest &#8211; ich werde meine Haare in der n\u00e4chsten Zeit sehr kurz tragen. Mit meinen st\u00e4ndigen Hitzeattacken und dem Schwei\u00df auf der Kopfhaut macht es keinen Sinn die Haare l\u00e4nger zu tragen. Ich habe zwar in den letzten Tagen das Gef\u00fchl, dass sich die Haare etwas kr\u00e4useln und die sogenannten Chemolocken hervortreten. Aber bei den meisten verschwinden die auch ganz schnell wieder. Ich will mir im Moment diese nervige \u00dcbergangszeit beim Wachsenlassen der Haare einfach nicht antun. Unz\u00e4hlige Bad-Hair-Days habe ich schon hinter mir und habe jetzt keine Lust darauf. Ich habe in den letzten Monaten die pflegeleichte Haarpracht sch\u00e4tzen gelernt. Selbst die letzte Frisur vor meinem Totalausfall gef\u00e4llt mir nicht mehr. Wenn ich mir Fotos anschaue, wei\u00df ich, was ich nicht mehr m\u00f6chte. Vielleicht ist es aber auch das Rebellische in mir, das durch die ganze Therapie irgendwie geweckt wurde. Ich will nicht zur\u00fcck in alte Muster und Strukturen. Das Leben nach dem Krebs ist und wird ein anderes als vor der Krebsdiagnose. Es ist die Zeit f\u00fcr einen Neuanfang &#8211; mit der Frisur und mit einigen Teilen in meinem Leben.<\/p>\n\n\n\n<p> <img loading=\"lazy\" decoding=\"async\" width=\"450\" height=\"338\" class=\"wp-image-1259\" style=\"width: 450px;\" src=\"https:\/\/einfachzufriedensein.de\/wp-content\/uploads\/2025\/09\/IMG20250906104015-COLLAGE.jpg\" alt=\"\" srcset=\"https:\/\/einfachzufriedensein.de\/wp-content\/uploads\/2025\/09\/IMG20250906104015-COLLAGE.jpg 2046w, https:\/\/einfachzufriedensein.de\/wp-content\/uploads\/2025\/09\/IMG20250906104015-COLLAGE-300x225.jpg 300w, https:\/\/einfachzufriedensein.de\/wp-content\/uploads\/2025\/09\/IMG20250906104015-COLLAGE-1024x768.jpg 1024w, https:\/\/einfachzufriedensein.de\/wp-content\/uploads\/2025\/09\/IMG20250906104015-COLLAGE-768x576.jpg 768w, https:\/\/einfachzufriedensein.de\/wp-content\/uploads\/2025\/09\/IMG20250906104015-COLLAGE-1536x1152.jpg 1536w\" sizes=\"auto, (max-width: 450px) 100vw, 450px\" \/><\/p>\n","protected":false},"excerpt":{"rendered":"<p class=\"text-justify\">Zehn Monate ist es her, seitdem ich das letzte Mal beim Friseur gewesen bin. Ich h\u00e4tte mir nie vorstellen k\u00f6nnen, wie sehr [&hellip;]<\/p>\n","protected":false},"author":1,"featured_media":57,"comment_status":"closed","ping_status":"open","sticky":false,"template":"","format":"standard","meta":{"footnotes":""},"categories":[1],"tags":[43,2,11,17,16,18],"class_list":["post-1258","post","type-post","status-publish","format-standard","has-post-thumbnail","hentry","category-allgemein","tag-alltag","tag-brustkrebs","tag-chemotherapie","tag-familie","tag-mentale-staerke","tag-nebenwirkungen"],"yoast_head":"<!-- This site is optimized with the Yoast SEO plugin v24.1 - https:\/\/yoast.com\/wordpress\/plugins\/seo\/ -->\n<title>Erster Friseurbesuch - einfach.zufrieden.sein.<\/title>\n<meta name=\"description\" content=\"Mehr als sechs Monate ohne Haare auf dem Kopf hinterlassen etwas in einem. Nach der Krebstherapie ist alles irgendwie anders - auch die Frisur.\" \/>\n<meta name=\"robots\" content=\"index, follow, max-snippet:-1, max-image-preview:large, max-video-preview:-1\" \/>\n<link rel=\"canonical\" href=\"https:\/\/einfachzufriedensein.de\/?p=1258\" \/>\n<meta property=\"og:locale\" content=\"de_DE\" \/>\n<meta property=\"og:type\" content=\"article\" \/>\n<meta property=\"og:title\" content=\"Erster Friseurbesuch - einfach.zufrieden.sein.\" \/>\n<meta property=\"og:description\" content=\"Mehr als sechs Monate ohne Haare auf dem Kopf hinterlassen etwas in einem. Nach der Krebstherapie ist alles irgendwie anders - auch die Frisur.\" \/>\n<meta property=\"og:url\" content=\"https:\/\/einfachzufriedensein.de\/?p=1258\" \/>\n<meta property=\"og:site_name\" content=\"einfach.zufrieden.sein.\" \/>\n<meta property=\"article:published_time\" content=\"2025-09-08T04:54:59+00:00\" \/>\n<meta property=\"article:modified_time\" content=\"2025-09-10T04:55:26+00:00\" \/>\n<meta property=\"og:image\" content=\"https:\/\/einfachzufriedensein.de\/wp-content\/uploads\/2024\/10\/einfach.-zufrieden.-sein-2.png\" \/>\n\t<meta property=\"og:image:width\" content=\"500\" \/>\n\t<meta property=\"og:image:height\" content=\"500\" \/>\n\t<meta property=\"og:image:type\" content=\"image\/png\" \/>\n<meta name=\"author\" content=\"sfiedler\" \/>\n<meta name=\"twitter:card\" content=\"summary_large_image\" \/>\n<meta name=\"twitter:label1\" content=\"Verfasst von\" \/>\n\t<meta name=\"twitter:data1\" content=\"sfiedler\" \/>\n\t<meta name=\"twitter:label2\" content=\"Gesch\u00e4tzte Lesezeit\" \/>\n\t<meta name=\"twitter:data2\" content=\"3\u00a0Minuten\" \/>\n<script type=\"application\/ld+json\" class=\"yoast-schema-graph\">{\"@context\":\"https:\/\/schema.org\",\"@graph\":[{\"@type\":\"Article\",\"@id\":\"https:\/\/einfachzufriedensein.de\/?p=1258#article\",\"isPartOf\":{\"@id\":\"https:\/\/einfachzufriedensein.de\/?p=1258\"},\"author\":{\"name\":\"sfiedler\",\"@id\":\"https:\/\/einfachzufriedensein.de\/#\/schema\/person\/1c305a44404a7ae00e2ad15fb51bb53c\"},\"headline\":\"Erster Friseurbesuch\",\"datePublished\":\"2025-09-08T04:54:59+00:00\",\"dateModified\":\"2025-09-10T04:55:26+00:00\",\"mainEntityOfPage\":{\"@id\":\"https:\/\/einfachzufriedensein.de\/?p=1258\"},\"wordCount\":446,\"publisher\":{\"@id\":\"https:\/\/einfachzufriedensein.de\/#\/schema\/person\/1c305a44404a7ae00e2ad15fb51bb53c\"},\"image\":{\"@id\":\"https:\/\/einfachzufriedensein.de\/?p=1258#primaryimage\"},\"thumbnailUrl\":\"https:\/\/einfachzufriedensein.de\/wp-content\/uploads\/2024\/10\/einfach.-zufrieden.-sein-2.png\",\"keywords\":[\"Alltag\",\"Brustkrebs\",\"Chemotherapie\",\"Familie\",\"mentale St\u00e4rke\",\"Nebenwirkungen\"],\"inLanguage\":\"de\"},{\"@type\":\"WebPage\",\"@id\":\"https:\/\/einfachzufriedensein.de\/?p=1258\",\"url\":\"https:\/\/einfachzufriedensein.de\/?p=1258\",\"name\":\"Erster Friseurbesuch - einfach.zufrieden.sein.\",\"isPartOf\":{\"@id\":\"https:\/\/einfachzufriedensein.de\/#website\"},\"primaryImageOfPage\":{\"@id\":\"https:\/\/einfachzufriedensein.de\/?p=1258#primaryimage\"},\"image\":{\"@id\":\"https:\/\/einfachzufriedensein.de\/?p=1258#primaryimage\"},\"thumbnailUrl\":\"https:\/\/einfachzufriedensein.de\/wp-content\/uploads\/2024\/10\/einfach.-zufrieden.-sein-2.png\",\"datePublished\":\"2025-09-08T04:54:59+00:00\",\"dateModified\":\"2025-09-10T04:55:26+00:00\",\"description\":\"Mehr als sechs Monate ohne Haare auf dem Kopf hinterlassen etwas in einem. Nach der Krebstherapie ist alles irgendwie anders - auch die Frisur.\",\"breadcrumb\":{\"@id\":\"https:\/\/einfachzufriedensein.de\/?p=1258#breadcrumb\"},\"inLanguage\":\"de\",\"potentialAction\":[{\"@type\":\"ReadAction\",\"target\":[\"https:\/\/einfachzufriedensein.de\/?p=1258\"]}]},{\"@type\":\"ImageObject\",\"inLanguage\":\"de\",\"@id\":\"https:\/\/einfachzufriedensein.de\/?p=1258#primaryimage\",\"url\":\"https:\/\/einfachzufriedensein.de\/wp-content\/uploads\/2024\/10\/einfach.-zufrieden.-sein-2.png\",\"contentUrl\":\"https:\/\/einfachzufriedensein.de\/wp-content\/uploads\/2024\/10\/einfach.-zufrieden.-sein-2.png\",\"width\":500,\"height\":500},{\"@type\":\"BreadcrumbList\",\"@id\":\"https:\/\/einfachzufriedensein.de\/?p=1258#breadcrumb\",\"itemListElement\":[{\"@type\":\"ListItem\",\"position\":1,\"name\":\"Startseite\",\"item\":\"https:\/\/einfachzufriedensein.de\/\"},{\"@type\":\"ListItem\",\"position\":2,\"name\":\"Erster Friseurbesuch\"}]},{\"@type\":\"WebSite\",\"@id\":\"https:\/\/einfachzufriedensein.de\/#website\",\"url\":\"https:\/\/einfachzufriedensein.de\/\",\"name\":\"einfach.zufrieden.sein.\",\"description\":\"Der Brustkrebs &amp; ich  - das Tagebuch einer Brustkrebspatientin\",\"publisher\":{\"@id\":\"https:\/\/einfachzufriedensein.de\/#\/schema\/person\/1c305a44404a7ae00e2ad15fb51bb53c\"},\"potentialAction\":[{\"@type\":\"SearchAction\",\"target\":{\"@type\":\"EntryPoint\",\"urlTemplate\":\"https:\/\/einfachzufriedensein.de\/?s={search_term_string}\"},\"query-input\":{\"@type\":\"PropertyValueSpecification\",\"valueRequired\":true,\"valueName\":\"search_term_string\"}}],\"inLanguage\":\"de\"},{\"@type\":[\"Person\",\"Organization\"],\"@id\":\"https:\/\/einfachzufriedensein.de\/#\/schema\/person\/1c305a44404a7ae00e2ad15fb51bb53c\",\"name\":\"sfiedler\",\"image\":{\"@type\":\"ImageObject\",\"inLanguage\":\"de\",\"@id\":\"https:\/\/einfachzufriedensein.de\/#\/schema\/person\/image\/\",\"url\":\"https:\/\/einfachzufriedensein.de\/wp-content\/uploads\/2024\/10\/IMG20240928112843-scaled.jpg\",\"contentUrl\":\"https:\/\/einfachzufriedensein.de\/wp-content\/uploads\/2024\/10\/IMG20240928112843-scaled.jpg\",\"width\":1927,\"height\":2560,\"caption\":\"sfiedler\"},\"logo\":{\"@id\":\"https:\/\/einfachzufriedensein.de\/#\/schema\/person\/image\/\"},\"sameAs\":[\"https:\/\/einfachzufriedensein.de\"],\"url\":\"https:\/\/einfachzufriedensein.de\/?author=1\"}]}<\/script>\n<!-- \/ Yoast SEO plugin. -->","yoast_head_json":{"title":"Erster Friseurbesuch - einfach.zufrieden.sein.","description":"Mehr als sechs Monate ohne Haare auf dem Kopf hinterlassen etwas in einem. Nach der Krebstherapie ist alles irgendwie anders - auch die Frisur.","robots":{"index":"index","follow":"follow","max-snippet":"max-snippet:-1","max-image-preview":"max-image-preview:large","max-video-preview":"max-video-preview:-1"},"canonical":"https:\/\/einfachzufriedensein.de\/?p=1258","og_locale":"de_DE","og_type":"article","og_title":"Erster Friseurbesuch - einfach.zufrieden.sein.","og_description":"Mehr als sechs Monate ohne Haare auf dem Kopf hinterlassen etwas in einem. Nach der Krebstherapie ist alles irgendwie anders - auch die Frisur.","og_url":"https:\/\/einfachzufriedensein.de\/?p=1258","og_site_name":"einfach.zufrieden.sein.","article_published_time":"2025-09-08T04:54:59+00:00","article_modified_time":"2025-09-10T04:55:26+00:00","og_image":[{"width":500,"height":500,"url":"https:\/\/einfachzufriedensein.de\/wp-content\/uploads\/2024\/10\/einfach.-zufrieden.-sein-2.png","type":"image\/png"}],"author":"sfiedler","twitter_card":"summary_large_image","twitter_misc":{"Verfasst von":"sfiedler","Gesch\u00e4tzte Lesezeit":"3\u00a0Minuten"},"schema":{"@context":"https:\/\/schema.org","@graph":[{"@type":"Article","@id":"https:\/\/einfachzufriedensein.de\/?p=1258#article","isPartOf":{"@id":"https:\/\/einfachzufriedensein.de\/?p=1258"},"author":{"name":"sfiedler","@id":"https:\/\/einfachzufriedensein.de\/#\/schema\/person\/1c305a44404a7ae00e2ad15fb51bb53c"},"headline":"Erster Friseurbesuch","datePublished":"2025-09-08T04:54:59+00:00","dateModified":"2025-09-10T04:55:26+00:00","mainEntityOfPage":{"@id":"https:\/\/einfachzufriedensein.de\/?p=1258"},"wordCount":446,"publisher":{"@id":"https:\/\/einfachzufriedensein.de\/#\/schema\/person\/1c305a44404a7ae00e2ad15fb51bb53c"},"image":{"@id":"https:\/\/einfachzufriedensein.de\/?p=1258#primaryimage"},"thumbnailUrl":"https:\/\/einfachzufriedensein.de\/wp-content\/uploads\/2024\/10\/einfach.-zufrieden.-sein-2.png","keywords":["Alltag","Brustkrebs","Chemotherapie","Familie","mentale St\u00e4rke","Nebenwirkungen"],"inLanguage":"de"},{"@type":"WebPage","@id":"https:\/\/einfachzufriedensein.de\/?p=1258","url":"https:\/\/einfachzufriedensein.de\/?p=1258","name":"Erster Friseurbesuch - einfach.zufrieden.sein.","isPartOf":{"@id":"https:\/\/einfachzufriedensein.de\/#website"},"primaryImageOfPage":{"@id":"https:\/\/einfachzufriedensein.de\/?p=1258#primaryimage"},"image":{"@id":"https:\/\/einfachzufriedensein.de\/?p=1258#primaryimage"},"thumbnailUrl":"https:\/\/einfachzufriedensein.de\/wp-content\/uploads\/2024\/10\/einfach.-zufrieden.-sein-2.png","datePublished":"2025-09-08T04:54:59+00:00","dateModified":"2025-09-10T04:55:26+00:00","description":"Mehr als sechs Monate ohne Haare auf dem Kopf hinterlassen etwas in einem. Nach der Krebstherapie ist alles irgendwie anders - auch die Frisur.","breadcrumb":{"@id":"https:\/\/einfachzufriedensein.de\/?p=1258#breadcrumb"},"inLanguage":"de","potentialAction":[{"@type":"ReadAction","target":["https:\/\/einfachzufriedensein.de\/?p=1258"]}]},{"@type":"ImageObject","inLanguage":"de","@id":"https:\/\/einfachzufriedensein.de\/?p=1258#primaryimage","url":"https:\/\/einfachzufriedensein.de\/wp-content\/uploads\/2024\/10\/einfach.-zufrieden.-sein-2.png","contentUrl":"https:\/\/einfachzufriedensein.de\/wp-content\/uploads\/2024\/10\/einfach.-zufrieden.-sein-2.png","width":500,"height":500},{"@type":"BreadcrumbList","@id":"https:\/\/einfachzufriedensein.de\/?p=1258#breadcrumb","itemListElement":[{"@type":"ListItem","position":1,"name":"Startseite","item":"https:\/\/einfachzufriedensein.de\/"},{"@type":"ListItem","position":2,"name":"Erster Friseurbesuch"}]},{"@type":"WebSite","@id":"https:\/\/einfachzufriedensein.de\/#website","url":"https:\/\/einfachzufriedensein.de\/","name":"einfach.zufrieden.sein.","description":"Der Brustkrebs &amp; ich  - das Tagebuch einer Brustkrebspatientin","publisher":{"@id":"https:\/\/einfachzufriedensein.de\/#\/schema\/person\/1c305a44404a7ae00e2ad15fb51bb53c"},"potentialAction":[{"@type":"SearchAction","target":{"@type":"EntryPoint","urlTemplate":"https:\/\/einfachzufriedensein.de\/?s={search_term_string}"},"query-input":{"@type":"PropertyValueSpecification","valueRequired":true,"valueName":"search_term_string"}}],"inLanguage":"de"},{"@type":["Person","Organization"],"@id":"https:\/\/einfachzufriedensein.de\/#\/schema\/person\/1c305a44404a7ae00e2ad15fb51bb53c","name":"sfiedler","image":{"@type":"ImageObject","inLanguage":"de","@id":"https:\/\/einfachzufriedensein.de\/#\/schema\/person\/image\/","url":"https:\/\/einfachzufriedensein.de\/wp-content\/uploads\/2024\/10\/IMG20240928112843-scaled.jpg","contentUrl":"https:\/\/einfachzufriedensein.de\/wp-content\/uploads\/2024\/10\/IMG20240928112843-scaled.jpg","width":1927,"height":2560,"caption":"sfiedler"},"logo":{"@id":"https:\/\/einfachzufriedensein.de\/#\/schema\/person\/image\/"},"sameAs":["https:\/\/einfachzufriedensein.de"],"url":"https:\/\/einfachzufriedensein.de\/?author=1"}]}},"_links":{"self":[{"href":"https:\/\/einfachzufriedensein.de\/index.php?rest_route=\/wp\/v2\/posts\/1258","targetHints":{"allow":["GET"]}}],"collection":[{"href":"https:\/\/einfachzufriedensein.de\/index.php?rest_route=\/wp\/v2\/posts"}],"about":[{"href":"https:\/\/einfachzufriedensein.de\/index.php?rest_route=\/wp\/v2\/types\/post"}],"author":[{"embeddable":true,"href":"https:\/\/einfachzufriedensein.de\/index.php?rest_route=\/wp\/v2\/users\/1"}],"replies":[{"embeddable":true,"href":"https:\/\/einfachzufriedensein.de\/index.php?rest_route=%2Fwp%2Fv2%2Fcomments&post=1258"}],"version-history":[{"count":1,"href":"https:\/\/einfachzufriedensein.de\/index.php?rest_route=\/wp\/v2\/posts\/1258\/revisions"}],"predecessor-version":[{"id":1260,"href":"https:\/\/einfachzufriedensein.de\/index.php?rest_route=\/wp\/v2\/posts\/1258\/revisions\/1260"}],"wp:featuredmedia":[{"embeddable":true,"href":"https:\/\/einfachzufriedensein.de\/index.php?rest_route=\/wp\/v2\/media\/57"}],"wp:attachment":[{"href":"https:\/\/einfachzufriedensein.de\/index.php?rest_route=%2Fwp%2Fv2%2Fmedia&parent=1258"}],"wp:term":[{"taxonomy":"category","embeddable":true,"href":"https:\/\/einfachzufriedensein.de\/index.php?rest_route=%2Fwp%2Fv2%2Fcategories&post=1258"},{"taxonomy":"post_tag","embeddable":true,"href":"https:\/\/einfachzufriedensein.de\/index.php?rest_route=%2Fwp%2Fv2%2Ftags&post=1258"}],"curies":[{"name":"wp","href":"https:\/\/api.w.org\/{rel}","templated":true}]}}