{"id":1254,"date":"2025-09-04T20:08:11","date_gmt":"2025-09-04T18:08:11","guid":{"rendered":"https:\/\/einfachzufriedensein.de\/?p=1254"},"modified":"2025-09-04T20:08:13","modified_gmt":"2025-09-04T18:08:13","slug":"volle-tage","status":"publish","type":"post","link":"https:\/\/einfachzufriedensein.de\/?p=1254","title":{"rendered":"Volle Tage"},"content":{"rendered":"\n<p>Es ist schon wieder eine Woche vorbei und es ist so viel passiert. Meine Tage sind vollgepackt und mein K\u00f6rper gew\u00f6hnt sich langsam wieder an den gesunden Stress. Ich h\u00f6re dabei immer tief in mich hinein und ignoriere nicht die Signale. Das letzte Wochenende haben wir beim Umzug unserer mittleren Tochter geholfen, wobei ich mich mehr um unsere Enkelin gek\u00fcmmert habe und keine schweren Sachen getragen habe. Geht auch noch nicht so wirklich gut, da meine operierte Seite immer noch ein wenig schmerzt in bestimmten Situationen. Und mein Fitnesslevel schw\u00e4chelt noch, um st\u00e4ndig Treppauf-Treppab in den 3. Stock zu steigen. Das habe ich den anderen Umzugshelfern gern \u00fcberlassen. Ich habe unserer Tochter dann bei der Endreinigung der Wohnung geholfen und unsere kleine Maus hatte gro\u00dfe Freude mir dabei zu helfen &#8211; Fenster putzen, Boden kehren und den Staubsauger schwingen. Auf so intensives putzen war ich zwar nicht eingestellt, aber man hilft wo man kann. <\/p>\n\n\n\n<p>Am Sonntag stand ein Besuch auf dem Baby- und Kinderflohmarkt im Nachbarort an. Es ist fast schon eine Tradition, dass ich gemeinsam mit unserer gro\u00dfen Tochter dort st\u00f6bern gehe, um gute gebrauchte Kinderkleidung und Spielsachen zu kaufen. Das ist meine Vorstellung von nachhaltig, da die Sachen oft nicht abgetragen sind und die Spielsachen durchaus auch noch eine weitere Spielrunde drehen k\u00f6nnen. Und seitdem nun bekannt ist, dass im Januar ein kleiner Junge in die Familie geboren wird, der nicht die M\u00e4dchensachen seiner Schwester auftragen soll, gibt es einen Grund mehr nach gut erhaltener Kleidung Ausschau zu halten. Mit vollen Taschen sind wir nach Hause zur\u00fcckgekehrt und haben im Vergleich zum Neukauf sehr viel Geld gespart. Am Nachmittag bin ich mit meinem Mann noch eine gro\u00dfe und ausgiebige Runde durch den Wald spaziert. Sehr entschleunigend und erholsam, denn in der neuen Woche stehen wieder einige Termine an. <\/p>\n\n\n\n<p>Der Montag startet mit der Blutentnahme in der Klinik. Ebenso wurde ein Kontroll-EKG geschrieben. Beides scheint in Ordnung zu sein, denn es kam keine R\u00fcckmeldung. Innerhalb von drei\u00dfig Minuten war ich wieder raus und wir sind zu guten Freunden zum Fr\u00fchst\u00fcck gefahren. Durch unsere Selbst\u00e4ndigkeit haben wir die Freiheit genau das zu tun, worauf wir Lust haben, einfach das Leben genie\u00dfen und nicht auf sp\u00e4ter verschieben. Und Besuche bei Freunden geh\u00f6ren definitiv dazu und bedeuten uns immer sehr viel. Am Abend waren wir noch zu einem Netzwerkevent eingeladen, in die Location, die mich auch in meinem Projekt <a href=\"https:\/\/un-sichtbar.org\/\" target=\"_blank\" rel=\"noreferrer noopener\">unSICHTBAR<\/a> unterst\u00fctzen wird. Ich habe viele nette Menschen kennengelernt, das war Netzwerken pur, mit wunderbaren Kontakten f\u00fcr mein neues Projekt. Einfach toll.<\/p>\n\n\n\n<p>In dieser Woche ist ebenfalls der Caravan Salon in D\u00fcsseldorf. Dort hatten wir vor sechs Jahren unseren Camper-Van gekauft, den wir sehr lieben. Am Mittwoch haben wir eine Tour genau dorthin unternommen und uns ein wenig auf der Messe umgeschaut. Nicht um einen neuen Camper zu kaufen, das ist uns viel zu teuer, sondern um Ideen zum Aufpimpen unseres Campers zu sammeln. Zum Abschluss des Tagesausfluges gab es noch leckeres Essen in der L Osteria in Limburg &#8211; wirklich sehr gutes Essen und ein ganz freundliches Team vor Ort. Der Tag war sehr anstrengend, meine F\u00fc\u00dfe habe ich vor Schmerzen fast nicht mehr gesp\u00fcrt. Aber es war sehr sch\u00f6n, mal wieder hinauszukommen. <\/p>\n\n\n\n<p>Ebenfalls am Mittwoch startete ich in den n\u00e4chsten Tablettenzyklus mit Ribociclib. Eine Woche Pause liegt hinter mir. Jetzt sind es nur noch 35 Zyklen insgesamt. <\/p>\n\n\n\n<p>Und auch in diesen Tagen passieren wieder so viele sch\u00f6ne Dinge. Ich habe neue freiwillige Helfer f\u00fcr unSICHTBAR gewinnen k\u00f6nnen und bin mit der Regionalleitung Hessen von DM im Austausch bez\u00fcglich der Unterst\u00fctzung durch Spenden. Zeitgleich mit dem Schreiben dieser Zeilen hier erhalte ich eine Mail und eine Best\u00e4tigung f\u00fcr meine Teilnahme an der diesj\u00e4hrigen <a href=\"https:\/\/www.pink-style-tour.com\/de\/home\">Pink Style Tour<\/a> in Berlin im Oktober. Ich freue mich riesig darauf eine von zwanzig Brustkrebsfrauen zu sein, die an einem professionellen Make Over teilnehmen darf &#8211; ein komplettes Umstyling. Ich bin gerade sprachlos, was mir in diesem Jahr nach all diesen negativen und durchaus auch entmutigenden Ereignissen, doch alles Positives widerfahren ist. Trotz und mit dem Krebs.<\/p>\n\n\n\n<p>Morgen ist Freitag und mein viertelj\u00e4hrlicher Kontrolltermin beim Kardiologen steht an. Am Mittag kommt unsere Enkelin zu Besuch und bleibt bis Samstag \u00fcber Nacht. Und am Samstag habe ich meinen allerersten Friseurtermin nach zehn Monaten. Vier Monate nach meiner letzten Chemo ist es an der Zeit die Haare ein wenig in Form zu bringen. Sie sind noch nicht sehr lang, aber die Konturen k\u00f6nnen laut Moni, meiner Friseurin, durchaus schon geschnitten werden. Ich bin sehr gespannt darauf. <\/p>\n\n\n\n<p>Dann ist schon wieder eine Woche vorbei und in sieben Tagen steigt in unserem Garten meine Happy Life Party. Die n\u00e4chste Woche ist gepr\u00e4gt von Vorbereitungen und einem sehr wichtigen Termin mit dem Filialleiter der Taunussparkasse f\u00fcr mein neues Projekt. <\/p>\n","protected":false},"excerpt":{"rendered":"<p class=\"text-justify\">Es ist schon wieder eine Woche vorbei und es ist so viel passiert. Meine Tage sind vollgepackt und mein K\u00f6rper gew\u00f6hnt sich [&hellip;]<\/p>\n","protected":false},"author":1,"featured_media":57,"comment_status":"closed","ping_status":"open","sticky":false,"template":"","format":"standard","meta":{"footnotes":""},"categories":[1],"tags":[2,16],"class_list":["post-1254","post","type-post","status-publish","format-standard","has-post-thumbnail","hentry","category-allgemein","tag-brustkrebs","tag-mentale-staerke"],"yoast_head":"<!-- This site is optimized with the Yoast SEO plugin v24.1 - https:\/\/yoast.com\/wordpress\/plugins\/seo\/ -->\n<title>Volle Tage - einfach.zufrieden.sein.<\/title>\n<meta name=\"robots\" content=\"index, follow, max-snippet:-1, max-image-preview:large, max-video-preview:-1\" \/>\n<link rel=\"canonical\" href=\"https:\/\/einfachzufriedensein.de\/?p=1254\" \/>\n<meta property=\"og:locale\" content=\"de_DE\" \/>\n<meta property=\"og:type\" content=\"article\" \/>\n<meta property=\"og:title\" content=\"Volle Tage - einfach.zufrieden.sein.\" \/>\n<meta property=\"og:description\" content=\"Es ist schon wieder eine Woche vorbei und es ist so viel passiert. Meine Tage sind vollgepackt und mein K\u00f6rper gew\u00f6hnt sich [&hellip;]\" \/>\n<meta property=\"og:url\" content=\"https:\/\/einfachzufriedensein.de\/?p=1254\" \/>\n<meta property=\"og:site_name\" content=\"einfach.zufrieden.sein.\" \/>\n<meta property=\"article:published_time\" content=\"2025-09-04T18:08:11+00:00\" \/>\n<meta property=\"article:modified_time\" content=\"2025-09-04T18:08:13+00:00\" \/>\n<meta name=\"author\" content=\"sfiedler\" \/>\n<meta name=\"twitter:card\" content=\"summary_large_image\" \/>\n<meta name=\"twitter:label1\" content=\"Verfasst von\" \/>\n\t<meta name=\"twitter:data1\" content=\"sfiedler\" \/>\n\t<meta name=\"twitter:label2\" content=\"Gesch\u00e4tzte Lesezeit\" \/>\n\t<meta name=\"twitter:data2\" content=\"3\u00a0Minuten\" \/>\n<script type=\"application\/ld+json\" class=\"yoast-schema-graph\">{\"@context\":\"https:\/\/schema.org\",\"@graph\":[{\"@type\":\"Article\",\"@id\":\"https:\/\/einfachzufriedensein.de\/?p=1254#article\",\"isPartOf\":{\"@id\":\"https:\/\/einfachzufriedensein.de\/?p=1254\"},\"author\":{\"name\":\"sfiedler\",\"@id\":\"https:\/\/einfachzufriedensein.de\/#\/schema\/person\/1c305a44404a7ae00e2ad15fb51bb53c\"},\"headline\":\"Volle Tage\",\"datePublished\":\"2025-09-04T18:08:11+00:00\",\"dateModified\":\"2025-09-04T18:08:13+00:00\",\"mainEntityOfPage\":{\"@id\":\"https:\/\/einfachzufriedensein.de\/?p=1254\"},\"wordCount\":827,\"publisher\":{\"@id\":\"https:\/\/einfachzufriedensein.de\/#\/schema\/person\/1c305a44404a7ae00e2ad15fb51bb53c\"},\"image\":{\"@id\":\"https:\/\/einfachzufriedensein.de\/?p=1254#primaryimage\"},\"thumbnailUrl\":\"https:\/\/einfachzufriedensein.de\/wp-content\/uploads\/2024\/10\/einfach.-zufrieden.-sein-2.png\",\"keywords\":[\"Brustkrebs\",\"mentale St\u00e4rke\"],\"inLanguage\":\"de\"},{\"@type\":\"WebPage\",\"@id\":\"https:\/\/einfachzufriedensein.de\/?p=1254\",\"url\":\"https:\/\/einfachzufriedensein.de\/?p=1254\",\"name\":\"Volle Tage - einfach.zufrieden.sein.\",\"isPartOf\":{\"@id\":\"https:\/\/einfachzufriedensein.de\/#website\"},\"primaryImageOfPage\":{\"@id\":\"https:\/\/einfachzufriedensein.de\/?p=1254#primaryimage\"},\"image\":{\"@id\":\"https:\/\/einfachzufriedensein.de\/?p=1254#primaryimage\"},\"thumbnailUrl\":\"https:\/\/einfachzufriedensein.de\/wp-content\/uploads\/2024\/10\/einfach.-zufrieden.-sein-2.png\",\"datePublished\":\"2025-09-04T18:08:11+00:00\",\"dateModified\":\"2025-09-04T18:08:13+00:00\",\"breadcrumb\":{\"@id\":\"https:\/\/einfachzufriedensein.de\/?p=1254#breadcrumb\"},\"inLanguage\":\"de\",\"potentialAction\":[{\"@type\":\"ReadAction\",\"target\":[\"https:\/\/einfachzufriedensein.de\/?p=1254\"]}]},{\"@type\":\"ImageObject\",\"inLanguage\":\"de\",\"@id\":\"https:\/\/einfachzufriedensein.de\/?p=1254#primaryimage\",\"url\":\"https:\/\/einfachzufriedensein.de\/wp-content\/uploads\/2024\/10\/einfach.-zufrieden.-sein-2.png\",\"contentUrl\":\"https:\/\/einfachzufriedensein.de\/wp-content\/uploads\/2024\/10\/einfach.-zufrieden.-sein-2.png\",\"width\":500,\"height\":500},{\"@type\":\"BreadcrumbList\",\"@id\":\"https:\/\/einfachzufriedensein.de\/?p=1254#breadcrumb\",\"itemListElement\":[{\"@type\":\"ListItem\",\"position\":1,\"name\":\"Startseite\",\"item\":\"https:\/\/einfachzufriedensein.de\/\"},{\"@type\":\"ListItem\",\"position\":2,\"name\":\"Volle Tage\"}]},{\"@type\":\"WebSite\",\"@id\":\"https:\/\/einfachzufriedensein.de\/#website\",\"url\":\"https:\/\/einfachzufriedensein.de\/\",\"name\":\"einfach.zufrieden.sein.\",\"description\":\"Der Brustkrebs &amp; ich  - das Tagebuch einer Brustkrebspatientin\",\"publisher\":{\"@id\":\"https:\/\/einfachzufriedensein.de\/#\/schema\/person\/1c305a44404a7ae00e2ad15fb51bb53c\"},\"potentialAction\":[{\"@type\":\"SearchAction\",\"target\":{\"@type\":\"EntryPoint\",\"urlTemplate\":\"https:\/\/einfachzufriedensein.de\/?s={search_term_string}\"},\"query-input\":{\"@type\":\"PropertyValueSpecification\",\"valueRequired\":true,\"valueName\":\"search_term_string\"}}],\"inLanguage\":\"de\"},{\"@type\":[\"Person\",\"Organization\"],\"@id\":\"https:\/\/einfachzufriedensein.de\/#\/schema\/person\/1c305a44404a7ae00e2ad15fb51bb53c\",\"name\":\"sfiedler\",\"image\":{\"@type\":\"ImageObject\",\"inLanguage\":\"de\",\"@id\":\"https:\/\/einfachzufriedensein.de\/#\/schema\/person\/image\/\",\"url\":\"https:\/\/einfachzufriedensein.de\/wp-content\/uploads\/2024\/10\/IMG20240928112843-scaled.jpg\",\"contentUrl\":\"https:\/\/einfachzufriedensein.de\/wp-content\/uploads\/2024\/10\/IMG20240928112843-scaled.jpg\",\"width\":1927,\"height\":2560,\"caption\":\"sfiedler\"},\"logo\":{\"@id\":\"https:\/\/einfachzufriedensein.de\/#\/schema\/person\/image\/\"},\"sameAs\":[\"https:\/\/einfachzufriedensein.de\"],\"url\":\"https:\/\/einfachzufriedensein.de\/?author=1\"}]}<\/script>\n<!-- \/ Yoast SEO plugin. -->","yoast_head_json":{"title":"Volle Tage - einfach.zufrieden.sein.","robots":{"index":"index","follow":"follow","max-snippet":"max-snippet:-1","max-image-preview":"max-image-preview:large","max-video-preview":"max-video-preview:-1"},"canonical":"https:\/\/einfachzufriedensein.de\/?p=1254","og_locale":"de_DE","og_type":"article","og_title":"Volle Tage - einfach.zufrieden.sein.","og_description":"Es ist schon wieder eine Woche vorbei und es ist so viel passiert. Meine Tage sind vollgepackt und mein K\u00f6rper gew\u00f6hnt sich [&hellip;]","og_url":"https:\/\/einfachzufriedensein.de\/?p=1254","og_site_name":"einfach.zufrieden.sein.","article_published_time":"2025-09-04T18:08:11+00:00","article_modified_time":"2025-09-04T18:08:13+00:00","author":"sfiedler","twitter_card":"summary_large_image","twitter_misc":{"Verfasst von":"sfiedler","Gesch\u00e4tzte Lesezeit":"3\u00a0Minuten"},"schema":{"@context":"https:\/\/schema.org","@graph":[{"@type":"Article","@id":"https:\/\/einfachzufriedensein.de\/?p=1254#article","isPartOf":{"@id":"https:\/\/einfachzufriedensein.de\/?p=1254"},"author":{"name":"sfiedler","@id":"https:\/\/einfachzufriedensein.de\/#\/schema\/person\/1c305a44404a7ae00e2ad15fb51bb53c"},"headline":"Volle Tage","datePublished":"2025-09-04T18:08:11+00:00","dateModified":"2025-09-04T18:08:13+00:00","mainEntityOfPage":{"@id":"https:\/\/einfachzufriedensein.de\/?p=1254"},"wordCount":827,"publisher":{"@id":"https:\/\/einfachzufriedensein.de\/#\/schema\/person\/1c305a44404a7ae00e2ad15fb51bb53c"},"image":{"@id":"https:\/\/einfachzufriedensein.de\/?p=1254#primaryimage"},"thumbnailUrl":"https:\/\/einfachzufriedensein.de\/wp-content\/uploads\/2024\/10\/einfach.-zufrieden.-sein-2.png","keywords":["Brustkrebs","mentale St\u00e4rke"],"inLanguage":"de"},{"@type":"WebPage","@id":"https:\/\/einfachzufriedensein.de\/?p=1254","url":"https:\/\/einfachzufriedensein.de\/?p=1254","name":"Volle Tage - einfach.zufrieden.sein.","isPartOf":{"@id":"https:\/\/einfachzufriedensein.de\/#website"},"primaryImageOfPage":{"@id":"https:\/\/einfachzufriedensein.de\/?p=1254#primaryimage"},"image":{"@id":"https:\/\/einfachzufriedensein.de\/?p=1254#primaryimage"},"thumbnailUrl":"https:\/\/einfachzufriedensein.de\/wp-content\/uploads\/2024\/10\/einfach.-zufrieden.-sein-2.png","datePublished":"2025-09-04T18:08:11+00:00","dateModified":"2025-09-04T18:08:13+00:00","breadcrumb":{"@id":"https:\/\/einfachzufriedensein.de\/?p=1254#breadcrumb"},"inLanguage":"de","potentialAction":[{"@type":"ReadAction","target":["https:\/\/einfachzufriedensein.de\/?p=1254"]}]},{"@type":"ImageObject","inLanguage":"de","@id":"https:\/\/einfachzufriedensein.de\/?p=1254#primaryimage","url":"https:\/\/einfachzufriedensein.de\/wp-content\/uploads\/2024\/10\/einfach.-zufrieden.-sein-2.png","contentUrl":"https:\/\/einfachzufriedensein.de\/wp-content\/uploads\/2024\/10\/einfach.-zufrieden.-sein-2.png","width":500,"height":500},{"@type":"BreadcrumbList","@id":"https:\/\/einfachzufriedensein.de\/?p=1254#breadcrumb","itemListElement":[{"@type":"ListItem","position":1,"name":"Startseite","item":"https:\/\/einfachzufriedensein.de\/"},{"@type":"ListItem","position":2,"name":"Volle Tage"}]},{"@type":"WebSite","@id":"https:\/\/einfachzufriedensein.de\/#website","url":"https:\/\/einfachzufriedensein.de\/","name":"einfach.zufrieden.sein.","description":"Der Brustkrebs &amp; ich  - das Tagebuch einer Brustkrebspatientin","publisher":{"@id":"https:\/\/einfachzufriedensein.de\/#\/schema\/person\/1c305a44404a7ae00e2ad15fb51bb53c"},"potentialAction":[{"@type":"SearchAction","target":{"@type":"EntryPoint","urlTemplate":"https:\/\/einfachzufriedensein.de\/?s={search_term_string}"},"query-input":{"@type":"PropertyValueSpecification","valueRequired":true,"valueName":"search_term_string"}}],"inLanguage":"de"},{"@type":["Person","Organization"],"@id":"https:\/\/einfachzufriedensein.de\/#\/schema\/person\/1c305a44404a7ae00e2ad15fb51bb53c","name":"sfiedler","image":{"@type":"ImageObject","inLanguage":"de","@id":"https:\/\/einfachzufriedensein.de\/#\/schema\/person\/image\/","url":"https:\/\/einfachzufriedensein.de\/wp-content\/uploads\/2024\/10\/IMG20240928112843-scaled.jpg","contentUrl":"https:\/\/einfachzufriedensein.de\/wp-content\/uploads\/2024\/10\/IMG20240928112843-scaled.jpg","width":1927,"height":2560,"caption":"sfiedler"},"logo":{"@id":"https:\/\/einfachzufriedensein.de\/#\/schema\/person\/image\/"},"sameAs":["https:\/\/einfachzufriedensein.de"],"url":"https:\/\/einfachzufriedensein.de\/?author=1"}]}},"_links":{"self":[{"href":"https:\/\/einfachzufriedensein.de\/index.php?rest_route=\/wp\/v2\/posts\/1254","targetHints":{"allow":["GET"]}}],"collection":[{"href":"https:\/\/einfachzufriedensein.de\/index.php?rest_route=\/wp\/v2\/posts"}],"about":[{"href":"https:\/\/einfachzufriedensein.de\/index.php?rest_route=\/wp\/v2\/types\/post"}],"author":[{"embeddable":true,"href":"https:\/\/einfachzufriedensein.de\/index.php?rest_route=\/wp\/v2\/users\/1"}],"replies":[{"embeddable":true,"href":"https:\/\/einfachzufriedensein.de\/index.php?rest_route=%2Fwp%2Fv2%2Fcomments&post=1254"}],"version-history":[{"count":2,"href":"https:\/\/einfachzufriedensein.de\/index.php?rest_route=\/wp\/v2\/posts\/1254\/revisions"}],"predecessor-version":[{"id":1256,"href":"https:\/\/einfachzufriedensein.de\/index.php?rest_route=\/wp\/v2\/posts\/1254\/revisions\/1256"}],"wp:featuredmedia":[{"embeddable":true,"href":"https:\/\/einfachzufriedensein.de\/index.php?rest_route=\/wp\/v2\/media\/57"}],"wp:attachment":[{"href":"https:\/\/einfachzufriedensein.de\/index.php?rest_route=%2Fwp%2Fv2%2Fmedia&parent=1254"}],"wp:term":[{"taxonomy":"category","embeddable":true,"href":"https:\/\/einfachzufriedensein.de\/index.php?rest_route=%2Fwp%2Fv2%2Fcategories&post=1254"},{"taxonomy":"post_tag","embeddable":true,"href":"https:\/\/einfachzufriedensein.de\/index.php?rest_route=%2Fwp%2Fv2%2Ftags&post=1254"}],"curies":[{"name":"wp","href":"https:\/\/api.w.org\/{rel}","templated":true}]}}