{"id":1251,"date":"2025-08-28T15:41:05","date_gmt":"2025-08-28T13:41:05","guid":{"rendered":"https:\/\/einfachzufriedensein.de\/?p=1251"},"modified":"2025-08-28T15:41:06","modified_gmt":"2025-08-28T13:41:06","slug":"so-viel-positives","status":"publish","type":"post","link":"https:\/\/einfachzufriedensein.de\/?p=1251","title":{"rendered":"So viel Positives"},"content":{"rendered":"\n<p>Meine neue Woche startete mit einem Besuch in einer Location in Oberursel, die uns bei dem Fotoprojekt f\u00fcr Krebspatienten unterst\u00fctzen m\u00f6chte. Ich habe die liebe Anna kennengelernt. So eine inspirierende Frau &#8211; Mutter von drei Kindern, berufst\u00e4tig und betreibt nebenbei noch die <a href=\"https:\/\/galerie-360-oberursel.de\/\" target=\"_blank\" rel=\"noreferrer noopener\">Galerie 360<\/a> in Oberursel mit einer Kreativwerkstatt. Einfach toll und sie stellt uns ihre R\u00e4umlichkeiten, die sich in der Krebsm\u00fchle Oberursel befinden, kostenfrei zur Verf\u00fcgung. Ich bin sprachlos \u00fcber so viel selbstloses Engagement und nat\u00fcrlich auch dankbar, dass wir beide durch einen Netzwerkkontakt zueinander gefunden haben. Die R\u00e4umlichkeiten sind wirklich toll und f\u00fcr unser allererstes Fotoshooting im Dezember einfach perfekt. So langsam f\u00fcgen sich die Puzzlesteine in meinem neuen Herzensprojekt zusammen. <\/p>\n\n\n\n<p>Mein Mann hat mich bei dem Termin begleitet, um Fotos und ein Video f\u00fcr meine Mitstreiterinnen zu machen, die an dem Tag leider alle beruflich verhindert waren. Und wir haben ebenso den Mann von Anna kennengelernt und sie erz\u00e4hlten uns von einer App, die sie neben ihren Jobs gerade noch auf den Markt bringen. Somit trafen zwei IT-begeisterte Menschen aufeinander und haben sich ausgetauscht. Zum Abschluss des Termins lud uns Anna noch zum Relaunch der App f\u00fcr den kommenden Montag ein. Ein Netzwerktreffen &#8211; gro\u00dfartig. So etwas mag ich, genau das Richtige um mein Herzensprojekt bekannt zu machen und wieder einmal neue interessante Menschen zu treffen. Die Flyer f\u00fcr <a href=\"https:\/\/un-sichtbar.org\/\" target=\"_blank\" rel=\"noreferrer noopener\">unSICHTBAR<\/a> sind gedruckt und geliefert und warten auf Verteilung. Und genau das werde ich tun. <\/p>\n\n\n\n<p>Es f\u00fchlt sich alles gerade so gut an und das Projekt unSICHTBAR nimmt Fahrt auf. Es gibt noch einiges zu tun, aber es ist eine sehr sch\u00f6ne und erf\u00fcllende Arbeit. Zwei Locations, die uns ebenfalls unterst\u00fctzen wollen, werde ich noch besichtigen. Im Moment bin ich damit besch\u00e4ftigt, ausgefallene und extravagante Kleidung f\u00fcr unseren <a href=\"https:\/\/un-sichtbar.org\/wp-content\/uploads\/2025\/08\/%E2%9C%A8-Ausgefallene-Kleidung-gesucht-%E2%9C%A8-Fuer-unser-gemeinnuetziges-Fotoprojekt-unSICHTBAR-fuer-Krebspatientinnen-suchen-wir-besondere-Kleidungsstuecke-%E2%80%93-bunt-auffaellig-kreativ.png\" target=\"_blank\" rel=\"noreferrer noopener\">Kleiderfundus<\/a> zu suchen. Und es fehlt noch eine zweite MakeUp Artistin, die uns beim ersten Fotoshooting unterst\u00fctzt. Aber auch das wird sich noch finden. Manchmal sind es wirklich die Zuf\u00e4lle, die einfach so passieren. <\/p>\n\n\n\n<p>Am Donnerstag, also heute, ist nach einer langen Sommerpause wieder der Ern\u00e4hrungsworkshop der Hochtaunusklinik. Ich freu mich drauf und bin gespannt, welche Teilnehmer dabei sein werden. Auf jeden Fall sind die beiden M\u00e4dels aus meiner Chemozeit dabei. Wir haben uns jetzt ein paar Wochen nicht gesehen, aber noch Kontakt \u00fcber WhatsApp. Und ich habe heute meinen ersten Friseurtermin vereinbart. Nach zehn Monaten steht in meinem Kalender wieder ein Termin beim Friseur. Es gibt zwar nicht viel zu schneiden, aber die Konturen und ein wenig in Form bringen. Fast auf den Tag genau vier Monate nach meiner letzten Chemotherapie. Es ist ein unglaubliches Gef\u00fchl und es ist wieder ein Schritt mehr zum normalen Leben zur\u00fcck. <\/p>\n","protected":false},"excerpt":{"rendered":"<p class=\"text-justify\">Meine neue Woche startete mit einem Besuch in einer Location in Oberursel, die uns bei dem Fotoprojekt f\u00fcr Krebspatienten unterst\u00fctzen m\u00f6chte. Ich [&hellip;]<\/p>\n","protected":false},"author":1,"featured_media":57,"comment_status":"closed","ping_status":"open","sticky":false,"template":"","format":"standard","meta":{"footnotes":""},"categories":[1],"tags":[43,2,57,147,17,16,164],"class_list":["post-1251","post","type-post","status-publish","format-standard","has-post-thumbnail","hentry","category-allgemein","tag-alltag","tag-brustkrebs","tag-ernaehrung","tag-ernaehrungsworkshop","tag-familie","tag-mentale-staerke","tag-netzwerk"],"yoast_head":"<!-- This site is optimized with the Yoast SEO plugin v24.1 - https:\/\/yoast.com\/wordpress\/plugins\/seo\/ -->\n<title>So viel Positives - einfach.zufrieden.sein.<\/title>\n<meta name=\"description\" content=\"Im Moment l\u00e4uft alles so gut - mein neues Herzensprojekt nimmt Fahrt auf und ich habe vier Monate nach der letzten Chemo meinen ersten Friseurtermin.\" \/>\n<meta name=\"robots\" content=\"index, follow, max-snippet:-1, max-image-preview:large, max-video-preview:-1\" \/>\n<link rel=\"canonical\" href=\"https:\/\/einfachzufriedensein.de\/?p=1251\" \/>\n<meta property=\"og:locale\" content=\"de_DE\" \/>\n<meta property=\"og:type\" content=\"article\" \/>\n<meta property=\"og:title\" content=\"So viel Positives - einfach.zufrieden.sein.\" \/>\n<meta property=\"og:description\" content=\"Im Moment l\u00e4uft alles so gut - mein neues Herzensprojekt nimmt Fahrt auf und ich habe vier Monate nach der letzten Chemo meinen ersten Friseurtermin.\" \/>\n<meta property=\"og:url\" content=\"https:\/\/einfachzufriedensein.de\/?p=1251\" \/>\n<meta property=\"og:site_name\" content=\"einfach.zufrieden.sein.\" \/>\n<meta property=\"article:published_time\" content=\"2025-08-28T13:41:05+00:00\" \/>\n<meta property=\"article:modified_time\" content=\"2025-08-28T13:41:06+00:00\" \/>\n<meta property=\"og:image\" content=\"https:\/\/einfachzufriedensein.de\/wp-content\/uploads\/2024\/10\/einfach.-zufrieden.-sein-2.png\" \/>\n\t<meta property=\"og:image:width\" content=\"500\" \/>\n\t<meta property=\"og:image:height\" content=\"500\" \/>\n\t<meta property=\"og:image:type\" content=\"image\/png\" \/>\n<meta name=\"author\" content=\"sfiedler\" \/>\n<meta name=\"twitter:card\" content=\"summary_large_image\" \/>\n<meta name=\"twitter:label1\" content=\"Verfasst von\" \/>\n\t<meta name=\"twitter:data1\" content=\"sfiedler\" \/>\n\t<meta name=\"twitter:label2\" content=\"Gesch\u00e4tzte Lesezeit\" \/>\n\t<meta name=\"twitter:data2\" content=\"3\u00a0Minuten\" \/>\n<script type=\"application\/ld+json\" class=\"yoast-schema-graph\">{\"@context\":\"https:\/\/schema.org\",\"@graph\":[{\"@type\":\"Article\",\"@id\":\"https:\/\/einfachzufriedensein.de\/?p=1251#article\",\"isPartOf\":{\"@id\":\"https:\/\/einfachzufriedensein.de\/?p=1251\"},\"author\":{\"name\":\"sfiedler\",\"@id\":\"https:\/\/einfachzufriedensein.de\/#\/schema\/person\/1c305a44404a7ae00e2ad15fb51bb53c\"},\"headline\":\"So viel Positives\",\"datePublished\":\"2025-08-28T13:41:05+00:00\",\"dateModified\":\"2025-08-28T13:41:06+00:00\",\"mainEntityOfPage\":{\"@id\":\"https:\/\/einfachzufriedensein.de\/?p=1251\"},\"wordCount\":468,\"publisher\":{\"@id\":\"https:\/\/einfachzufriedensein.de\/#\/schema\/person\/1c305a44404a7ae00e2ad15fb51bb53c\"},\"image\":{\"@id\":\"https:\/\/einfachzufriedensein.de\/?p=1251#primaryimage\"},\"thumbnailUrl\":\"https:\/\/einfachzufriedensein.de\/wp-content\/uploads\/2024\/10\/einfach.-zufrieden.-sein-2.png\",\"keywords\":[\"Alltag\",\"Brustkrebs\",\"Ern\u00e4hrung\",\"Ern\u00e4hrungsworkshop\",\"Familie\",\"mentale St\u00e4rke\",\"Netzwerk\"],\"inLanguage\":\"de\"},{\"@type\":\"WebPage\",\"@id\":\"https:\/\/einfachzufriedensein.de\/?p=1251\",\"url\":\"https:\/\/einfachzufriedensein.de\/?p=1251\",\"name\":\"So viel Positives - einfach.zufrieden.sein.\",\"isPartOf\":{\"@id\":\"https:\/\/einfachzufriedensein.de\/#website\"},\"primaryImageOfPage\":{\"@id\":\"https:\/\/einfachzufriedensein.de\/?p=1251#primaryimage\"},\"image\":{\"@id\":\"https:\/\/einfachzufriedensein.de\/?p=1251#primaryimage\"},\"thumbnailUrl\":\"https:\/\/einfachzufriedensein.de\/wp-content\/uploads\/2024\/10\/einfach.-zufrieden.-sein-2.png\",\"datePublished\":\"2025-08-28T13:41:05+00:00\",\"dateModified\":\"2025-08-28T13:41:06+00:00\",\"description\":\"Im Moment l\u00e4uft alles so gut - mein neues Herzensprojekt nimmt Fahrt auf und ich habe vier Monate nach der letzten Chemo meinen ersten Friseurtermin.\",\"breadcrumb\":{\"@id\":\"https:\/\/einfachzufriedensein.de\/?p=1251#breadcrumb\"},\"inLanguage\":\"de\",\"potentialAction\":[{\"@type\":\"ReadAction\",\"target\":[\"https:\/\/einfachzufriedensein.de\/?p=1251\"]}]},{\"@type\":\"ImageObject\",\"inLanguage\":\"de\",\"@id\":\"https:\/\/einfachzufriedensein.de\/?p=1251#primaryimage\",\"url\":\"https:\/\/einfachzufriedensein.de\/wp-content\/uploads\/2024\/10\/einfach.-zufrieden.-sein-2.png\",\"contentUrl\":\"https:\/\/einfachzufriedensein.de\/wp-content\/uploads\/2024\/10\/einfach.-zufrieden.-sein-2.png\",\"width\":500,\"height\":500},{\"@type\":\"BreadcrumbList\",\"@id\":\"https:\/\/einfachzufriedensein.de\/?p=1251#breadcrumb\",\"itemListElement\":[{\"@type\":\"ListItem\",\"position\":1,\"name\":\"Startseite\",\"item\":\"https:\/\/einfachzufriedensein.de\/\"},{\"@type\":\"ListItem\",\"position\":2,\"name\":\"So viel Positives\"}]},{\"@type\":\"WebSite\",\"@id\":\"https:\/\/einfachzufriedensein.de\/#website\",\"url\":\"https:\/\/einfachzufriedensein.de\/\",\"name\":\"einfach.zufrieden.sein.\",\"description\":\"Der Brustkrebs &amp; ich  - das Tagebuch einer Brustkrebspatientin\",\"publisher\":{\"@id\":\"https:\/\/einfachzufriedensein.de\/#\/schema\/person\/1c305a44404a7ae00e2ad15fb51bb53c\"},\"potentialAction\":[{\"@type\":\"SearchAction\",\"target\":{\"@type\":\"EntryPoint\",\"urlTemplate\":\"https:\/\/einfachzufriedensein.de\/?s={search_term_string}\"},\"query-input\":{\"@type\":\"PropertyValueSpecification\",\"valueRequired\":true,\"valueName\":\"search_term_string\"}}],\"inLanguage\":\"de\"},{\"@type\":[\"Person\",\"Organization\"],\"@id\":\"https:\/\/einfachzufriedensein.de\/#\/schema\/person\/1c305a44404a7ae00e2ad15fb51bb53c\",\"name\":\"sfiedler\",\"image\":{\"@type\":\"ImageObject\",\"inLanguage\":\"de\",\"@id\":\"https:\/\/einfachzufriedensein.de\/#\/schema\/person\/image\/\",\"url\":\"https:\/\/einfachzufriedensein.de\/wp-content\/uploads\/2024\/10\/IMG20240928112843-scaled.jpg\",\"contentUrl\":\"https:\/\/einfachzufriedensein.de\/wp-content\/uploads\/2024\/10\/IMG20240928112843-scaled.jpg\",\"width\":1927,\"height\":2560,\"caption\":\"sfiedler\"},\"logo\":{\"@id\":\"https:\/\/einfachzufriedensein.de\/#\/schema\/person\/image\/\"},\"sameAs\":[\"https:\/\/einfachzufriedensein.de\"],\"url\":\"https:\/\/einfachzufriedensein.de\/?author=1\"}]}<\/script>\n<!-- \/ Yoast SEO plugin. -->","yoast_head_json":{"title":"So viel Positives - einfach.zufrieden.sein.","description":"Im Moment l\u00e4uft alles so gut - mein neues Herzensprojekt nimmt Fahrt auf und ich habe vier Monate nach der letzten Chemo meinen ersten Friseurtermin.","robots":{"index":"index","follow":"follow","max-snippet":"max-snippet:-1","max-image-preview":"max-image-preview:large","max-video-preview":"max-video-preview:-1"},"canonical":"https:\/\/einfachzufriedensein.de\/?p=1251","og_locale":"de_DE","og_type":"article","og_title":"So viel Positives - einfach.zufrieden.sein.","og_description":"Im Moment l\u00e4uft alles so gut - mein neues Herzensprojekt nimmt Fahrt auf und ich habe vier Monate nach der letzten Chemo meinen ersten Friseurtermin.","og_url":"https:\/\/einfachzufriedensein.de\/?p=1251","og_site_name":"einfach.zufrieden.sein.","article_published_time":"2025-08-28T13:41:05+00:00","article_modified_time":"2025-08-28T13:41:06+00:00","og_image":[{"width":500,"height":500,"url":"https:\/\/einfachzufriedensein.de\/wp-content\/uploads\/2024\/10\/einfach.-zufrieden.-sein-2.png","type":"image\/png"}],"author":"sfiedler","twitter_card":"summary_large_image","twitter_misc":{"Verfasst von":"sfiedler","Gesch\u00e4tzte Lesezeit":"3\u00a0Minuten"},"schema":{"@context":"https:\/\/schema.org","@graph":[{"@type":"Article","@id":"https:\/\/einfachzufriedensein.de\/?p=1251#article","isPartOf":{"@id":"https:\/\/einfachzufriedensein.de\/?p=1251"},"author":{"name":"sfiedler","@id":"https:\/\/einfachzufriedensein.de\/#\/schema\/person\/1c305a44404a7ae00e2ad15fb51bb53c"},"headline":"So viel Positives","datePublished":"2025-08-28T13:41:05+00:00","dateModified":"2025-08-28T13:41:06+00:00","mainEntityOfPage":{"@id":"https:\/\/einfachzufriedensein.de\/?p=1251"},"wordCount":468,"publisher":{"@id":"https:\/\/einfachzufriedensein.de\/#\/schema\/person\/1c305a44404a7ae00e2ad15fb51bb53c"},"image":{"@id":"https:\/\/einfachzufriedensein.de\/?p=1251#primaryimage"},"thumbnailUrl":"https:\/\/einfachzufriedensein.de\/wp-content\/uploads\/2024\/10\/einfach.-zufrieden.-sein-2.png","keywords":["Alltag","Brustkrebs","Ern\u00e4hrung","Ern\u00e4hrungsworkshop","Familie","mentale St\u00e4rke","Netzwerk"],"inLanguage":"de"},{"@type":"WebPage","@id":"https:\/\/einfachzufriedensein.de\/?p=1251","url":"https:\/\/einfachzufriedensein.de\/?p=1251","name":"So viel Positives - einfach.zufrieden.sein.","isPartOf":{"@id":"https:\/\/einfachzufriedensein.de\/#website"},"primaryImageOfPage":{"@id":"https:\/\/einfachzufriedensein.de\/?p=1251#primaryimage"},"image":{"@id":"https:\/\/einfachzufriedensein.de\/?p=1251#primaryimage"},"thumbnailUrl":"https:\/\/einfachzufriedensein.de\/wp-content\/uploads\/2024\/10\/einfach.-zufrieden.-sein-2.png","datePublished":"2025-08-28T13:41:05+00:00","dateModified":"2025-08-28T13:41:06+00:00","description":"Im Moment l\u00e4uft alles so gut - mein neues Herzensprojekt nimmt Fahrt auf und ich habe vier Monate nach der letzten Chemo meinen ersten Friseurtermin.","breadcrumb":{"@id":"https:\/\/einfachzufriedensein.de\/?p=1251#breadcrumb"},"inLanguage":"de","potentialAction":[{"@type":"ReadAction","target":["https:\/\/einfachzufriedensein.de\/?p=1251"]}]},{"@type":"ImageObject","inLanguage":"de","@id":"https:\/\/einfachzufriedensein.de\/?p=1251#primaryimage","url":"https:\/\/einfachzufriedensein.de\/wp-content\/uploads\/2024\/10\/einfach.-zufrieden.-sein-2.png","contentUrl":"https:\/\/einfachzufriedensein.de\/wp-content\/uploads\/2024\/10\/einfach.-zufrieden.-sein-2.png","width":500,"height":500},{"@type":"BreadcrumbList","@id":"https:\/\/einfachzufriedensein.de\/?p=1251#breadcrumb","itemListElement":[{"@type":"ListItem","position":1,"name":"Startseite","item":"https:\/\/einfachzufriedensein.de\/"},{"@type":"ListItem","position":2,"name":"So viel Positives"}]},{"@type":"WebSite","@id":"https:\/\/einfachzufriedensein.de\/#website","url":"https:\/\/einfachzufriedensein.de\/","name":"einfach.zufrieden.sein.","description":"Der Brustkrebs &amp; ich  - das Tagebuch einer Brustkrebspatientin","publisher":{"@id":"https:\/\/einfachzufriedensein.de\/#\/schema\/person\/1c305a44404a7ae00e2ad15fb51bb53c"},"potentialAction":[{"@type":"SearchAction","target":{"@type":"EntryPoint","urlTemplate":"https:\/\/einfachzufriedensein.de\/?s={search_term_string}"},"query-input":{"@type":"PropertyValueSpecification","valueRequired":true,"valueName":"search_term_string"}}],"inLanguage":"de"},{"@type":["Person","Organization"],"@id":"https:\/\/einfachzufriedensein.de\/#\/schema\/person\/1c305a44404a7ae00e2ad15fb51bb53c","name":"sfiedler","image":{"@type":"ImageObject","inLanguage":"de","@id":"https:\/\/einfachzufriedensein.de\/#\/schema\/person\/image\/","url":"https:\/\/einfachzufriedensein.de\/wp-content\/uploads\/2024\/10\/IMG20240928112843-scaled.jpg","contentUrl":"https:\/\/einfachzufriedensein.de\/wp-content\/uploads\/2024\/10\/IMG20240928112843-scaled.jpg","width":1927,"height":2560,"caption":"sfiedler"},"logo":{"@id":"https:\/\/einfachzufriedensein.de\/#\/schema\/person\/image\/"},"sameAs":["https:\/\/einfachzufriedensein.de"],"url":"https:\/\/einfachzufriedensein.de\/?author=1"}]}},"_links":{"self":[{"href":"https:\/\/einfachzufriedensein.de\/index.php?rest_route=\/wp\/v2\/posts\/1251","targetHints":{"allow":["GET"]}}],"collection":[{"href":"https:\/\/einfachzufriedensein.de\/index.php?rest_route=\/wp\/v2\/posts"}],"about":[{"href":"https:\/\/einfachzufriedensein.de\/index.php?rest_route=\/wp\/v2\/types\/post"}],"author":[{"embeddable":true,"href":"https:\/\/einfachzufriedensein.de\/index.php?rest_route=\/wp\/v2\/users\/1"}],"replies":[{"embeddable":true,"href":"https:\/\/einfachzufriedensein.de\/index.php?rest_route=%2Fwp%2Fv2%2Fcomments&post=1251"}],"version-history":[{"count":1,"href":"https:\/\/einfachzufriedensein.de\/index.php?rest_route=\/wp\/v2\/posts\/1251\/revisions"}],"predecessor-version":[{"id":1252,"href":"https:\/\/einfachzufriedensein.de\/index.php?rest_route=\/wp\/v2\/posts\/1251\/revisions\/1252"}],"wp:featuredmedia":[{"embeddable":true,"href":"https:\/\/einfachzufriedensein.de\/index.php?rest_route=\/wp\/v2\/media\/57"}],"wp:attachment":[{"href":"https:\/\/einfachzufriedensein.de\/index.php?rest_route=%2Fwp%2Fv2%2Fmedia&parent=1251"}],"wp:term":[{"taxonomy":"category","embeddable":true,"href":"https:\/\/einfachzufriedensein.de\/index.php?rest_route=%2Fwp%2Fv2%2Fcategories&post=1251"},{"taxonomy":"post_tag","embeddable":true,"href":"https:\/\/einfachzufriedensein.de\/index.php?rest_route=%2Fwp%2Fv2%2Ftags&post=1251"}],"curies":[{"name":"wp","href":"https:\/\/api.w.org\/{rel}","templated":true}]}}