{"id":1226,"date":"2025-08-06T22:11:27","date_gmt":"2025-08-06T20:11:27","guid":{"rendered":"https:\/\/einfachzufriedensein.de\/?p=1226"},"modified":"2025-08-06T22:11:29","modified_gmt":"2025-08-06T20:11:29","slug":"neue-termine","status":"publish","type":"post","link":"https:\/\/einfachzufriedensein.de\/?p=1226","title":{"rendered":"Neue Termine"},"content":{"rendered":"\n<p>Der &#8222;Schock&#8220; \u00fcber das pathologische Ergebnis der letzten Woche hat sich gelegt und ich bin in meinen altbekannten Kampfmodus zur\u00fcckgekehrt. N\u00fctzt ja auch nichts. Am Montag hatte ich erneut einen Termin im Brustzentrum zur Besprechung der Blutbefunde und zur Besprechung meiner weiteren Therapie. Diesmal hatte ich eine sehr lange Wartezeit, denn es war ziemlich viel los. Ich habe mich dazu entschieden das Ribociclib (Kisqali) zu nehmen und teilte dies auch meiner \u00c4rztin so mit. Ebenso \u00fcbermittelte ich ihr meine Entscheidung f\u00fcr die Studienteilnahme zu diesem Medikament. Ich durfte direkt einen sehr umfangreichen Fragebogen ausf\u00fcllen, der Erste innerhalb der Studie. Die \u00c4rztin begutachtete nochmals meine Narben und die Brust &#8211; dies ist wiederum f\u00fcr die Neorad-Studie innerhalb von zwei Wochen nach der Operation vorgeschrieben. Aber es ist alles prima verheilt und die Strahlentherapie hat keine sichtbaren Ver\u00e4nderungen auf meiner Haut hinterlassen. Insgesamt ein sehr zufriedenstellendes Ergebnis. <\/p>\n\n\n\n<p>Mir wurde zum Abschluss mein Rezept f\u00fcr die Apotheke in Papierform ausgeh\u00e4ndigt. Ich verstehe bis heute nicht, warum es manchmal als E-Rezept geht und manchmal als Papierrezept sein muss. Egal, dar\u00fcber zerbreche ich mir nicht weiter den Kopf. Direkt dazu bekomme ich einen neuen Therapieplan, der mir wieder kurz die Sprache verschl\u00e4gt. Regelm\u00e4\u00dfige Termine zur Blutentnahme und EKG-Kontrolle in der Klinik &#8211; durchgeplant bis Juli 2026. Mich ereilt ein kurzes Tief. Ich hatte doch gerade erst meinen Kalender wieder zur\u00fcckerobert und nun kommen wieder reichlich fremdbestimmte Termine dazu, die sich dazwischenquetschen. Am Abend \u00fcbertrage ich diese alle in meinen Kalender. Sie sind alle montags zwischen 9.30 Uhr und 10.30 Uhr. Ich werde dann eben wieder andere Termine im Frankfurter Raum versuchen damit zu verbinden. <\/p>\n\n\n\n<p>Somit starte ich in dieser Woche also nun in die 1097 Tage andauernde Kisqali-Therapie und die bis zum Jahr 2030 andauernde Antihormontherapie. Eine verdammt lange Zeit. Auch ein ungewisse Zeit, da beide Medikamente wieder diverse Nebenwirkungen mit sich bringen k\u00f6nnen &#8211; angefangen bei Haarausfall, Fatigue, \u00dcbelkeit, Knochen- und Muskelschmerzen, Osteoporose, Herzrhythmusst\u00f6rungen und erh\u00f6hte Leberwerte sind nur einige davon. Wie immer bei Medikamenten, alles kann, nichts muss auftreten. Ich habe einfach mal ans Universum den Wunsch geschickt, doch diesmal weitestgehend verschont zu bleiben von irgendwelchen Nebenwirkungen. Die Osteoporose muss man nun nat\u00fcrlich noch mehr im Auge behalten, da ich sie ja eh schon habe. Im Oktober gibt es daf\u00fcr eine erneute Infusion mit Zometa, einem Biphosphonat, das den Knochenabbau eind\u00e4mmen soll. Den Beipackzettel der Medikamente habe ich nicht gelesen, aber man wird in der Klinik sehr umfangreich \u00fcber die m\u00f6glichen Szenarien aufgekl\u00e4rt und unterschreibt diesen Aufkl\u00e4rungszettel. <\/p>\n\n\n\n<p> <img loading=\"lazy\" decoding=\"async\" width=\"350\" height=\"467\" class=\"wp-image-1230\" style=\"width: 350px;\" src=\"https:\/\/einfachzufriedensein.de\/wp-content\/uploads\/2025\/08\/IMG20250804092748-scaled.jpg\" alt=\"\" srcset=\"https:\/\/einfachzufriedensein.de\/wp-content\/uploads\/2025\/08\/IMG20250804092748-scaled.jpg 1920w, https:\/\/einfachzufriedensein.de\/wp-content\/uploads\/2025\/08\/IMG20250804092748-225x300.jpg 225w, https:\/\/einfachzufriedensein.de\/wp-content\/uploads\/2025\/08\/IMG20250804092748-768x1024.jpg 768w, https:\/\/einfachzufriedensein.de\/wp-content\/uploads\/2025\/08\/IMG20250804092748-1152x1536.jpg 1152w, https:\/\/einfachzufriedensein.de\/wp-content\/uploads\/2025\/08\/IMG20250804092748-1536x2048.jpg 1536w\" sizes=\"auto, (max-width: 350px) 100vw, 350px\" \/>  <img loading=\"lazy\" decoding=\"async\" width=\"350\" height=\"467\" class=\"wp-image-1231\" style=\"width: 350px;\" src=\"https:\/\/einfachzufriedensein.de\/wp-content\/uploads\/2025\/08\/IMG20250804172710-scaled.jpg\" alt=\"\" srcset=\"https:\/\/einfachzufriedensein.de\/wp-content\/uploads\/2025\/08\/IMG20250804172710-scaled.jpg 1920w, https:\/\/einfachzufriedensein.de\/wp-content\/uploads\/2025\/08\/IMG20250804172710-225x300.jpg 225w, https:\/\/einfachzufriedensein.de\/wp-content\/uploads\/2025\/08\/IMG20250804172710-768x1024.jpg 768w, https:\/\/einfachzufriedensein.de\/wp-content\/uploads\/2025\/08\/IMG20250804172710-1152x1536.jpg 1152w, https:\/\/einfachzufriedensein.de\/wp-content\/uploads\/2025\/08\/IMG20250804172710-1536x2048.jpg 1536w\" sizes=\"auto, (max-width: 350px) 100vw, 350px\" \/><\/p>\n","protected":false},"excerpt":{"rendered":"<p class=\"text-justify\">Der &#8222;Schock&#8220; \u00fcber das pathologische Ergebnis der letzten Woche hat sich gelegt und ich bin in meinen altbekannten Kampfmodus zur\u00fcckgekehrt. N\u00fctzt ja [&hellip;]<\/p>\n","protected":false},"author":1,"featured_media":57,"comment_status":"closed","ping_status":"open","sticky":false,"template":"","format":"standard","meta":{"footnotes":""},"categories":[1],"tags":[43,2,157,16,18],"class_list":["post-1226","post","type-post","status-publish","format-standard","has-post-thumbnail","hentry","category-allgemein","tag-alltag","tag-brustkrebs","tag-medikamente","tag-mentale-staerke","tag-nebenwirkungen"],"yoast_head":"<!-- This site is optimized with the Yoast SEO plugin v24.1 - https:\/\/yoast.com\/wordpress\/plugins\/seo\/ -->\n<title>Neue Termine - einfach.zufrieden.sein.<\/title>\n<meta name=\"description\" content=\"Gerade hatte ich nach der Akuttherapie meinen Kalender wieder selbst mit Terminen bef\u00fcllt. Und dann kommen erneut Kliniktermine hinzu.\" \/>\n<meta name=\"robots\" content=\"index, follow, max-snippet:-1, max-image-preview:large, max-video-preview:-1\" \/>\n<link rel=\"canonical\" href=\"https:\/\/einfachzufriedensein.de\/?p=1226\" \/>\n<meta property=\"og:locale\" content=\"de_DE\" \/>\n<meta property=\"og:type\" content=\"article\" \/>\n<meta property=\"og:title\" content=\"Neue Termine - einfach.zufrieden.sein.\" \/>\n<meta property=\"og:description\" content=\"Gerade hatte ich nach der Akuttherapie meinen Kalender wieder selbst mit Terminen bef\u00fcllt. Und dann kommen erneut Kliniktermine hinzu.\" \/>\n<meta property=\"og:url\" content=\"https:\/\/einfachzufriedensein.de\/?p=1226\" \/>\n<meta property=\"og:site_name\" content=\"einfach.zufrieden.sein.\" \/>\n<meta property=\"article:published_time\" content=\"2025-08-06T20:11:27+00:00\" \/>\n<meta property=\"article:modified_time\" content=\"2025-08-06T20:11:29+00:00\" \/>\n<meta property=\"og:image\" content=\"https:\/\/einfachzufriedensein.de\/wp-content\/uploads\/2024\/10\/einfach.-zufrieden.-sein-2.png\" \/>\n\t<meta property=\"og:image:width\" content=\"500\" \/>\n\t<meta property=\"og:image:height\" content=\"500\" \/>\n\t<meta property=\"og:image:type\" content=\"image\/png\" \/>\n<meta name=\"author\" content=\"sfiedler\" \/>\n<meta name=\"twitter:card\" content=\"summary_large_image\" \/>\n<meta name=\"twitter:label1\" content=\"Verfasst von\" \/>\n\t<meta name=\"twitter:data1\" content=\"sfiedler\" \/>\n\t<meta name=\"twitter:label2\" content=\"Gesch\u00e4tzte Lesezeit\" \/>\n\t<meta name=\"twitter:data2\" content=\"3\u00a0Minuten\" \/>\n<script type=\"application\/ld+json\" class=\"yoast-schema-graph\">{\"@context\":\"https:\/\/schema.org\",\"@graph\":[{\"@type\":\"Article\",\"@id\":\"https:\/\/einfachzufriedensein.de\/?p=1226#article\",\"isPartOf\":{\"@id\":\"https:\/\/einfachzufriedensein.de\/?p=1226\"},\"author\":{\"name\":\"sfiedler\",\"@id\":\"https:\/\/einfachzufriedensein.de\/#\/schema\/person\/1c305a44404a7ae00e2ad15fb51bb53c\"},\"headline\":\"Neue Termine\",\"datePublished\":\"2025-08-06T20:11:27+00:00\",\"dateModified\":\"2025-08-06T20:11:29+00:00\",\"mainEntityOfPage\":{\"@id\":\"https:\/\/einfachzufriedensein.de\/?p=1226\"},\"wordCount\":432,\"publisher\":{\"@id\":\"https:\/\/einfachzufriedensein.de\/#\/schema\/person\/1c305a44404a7ae00e2ad15fb51bb53c\"},\"image\":{\"@id\":\"https:\/\/einfachzufriedensein.de\/?p=1226#primaryimage\"},\"thumbnailUrl\":\"https:\/\/einfachzufriedensein.de\/wp-content\/uploads\/2024\/10\/einfach.-zufrieden.-sein-2.png\",\"keywords\":[\"Alltag\",\"Brustkrebs\",\"Medikamente\",\"mentale St\u00e4rke\",\"Nebenwirkungen\"],\"inLanguage\":\"de\"},{\"@type\":\"WebPage\",\"@id\":\"https:\/\/einfachzufriedensein.de\/?p=1226\",\"url\":\"https:\/\/einfachzufriedensein.de\/?p=1226\",\"name\":\"Neue Termine - einfach.zufrieden.sein.\",\"isPartOf\":{\"@id\":\"https:\/\/einfachzufriedensein.de\/#website\"},\"primaryImageOfPage\":{\"@id\":\"https:\/\/einfachzufriedensein.de\/?p=1226#primaryimage\"},\"image\":{\"@id\":\"https:\/\/einfachzufriedensein.de\/?p=1226#primaryimage\"},\"thumbnailUrl\":\"https:\/\/einfachzufriedensein.de\/wp-content\/uploads\/2024\/10\/einfach.-zufrieden.-sein-2.png\",\"datePublished\":\"2025-08-06T20:11:27+00:00\",\"dateModified\":\"2025-08-06T20:11:29+00:00\",\"description\":\"Gerade hatte ich nach der Akuttherapie meinen Kalender wieder selbst mit Terminen bef\u00fcllt. Und dann kommen erneut Kliniktermine hinzu.\",\"breadcrumb\":{\"@id\":\"https:\/\/einfachzufriedensein.de\/?p=1226#breadcrumb\"},\"inLanguage\":\"de\",\"potentialAction\":[{\"@type\":\"ReadAction\",\"target\":[\"https:\/\/einfachzufriedensein.de\/?p=1226\"]}]},{\"@type\":\"ImageObject\",\"inLanguage\":\"de\",\"@id\":\"https:\/\/einfachzufriedensein.de\/?p=1226#primaryimage\",\"url\":\"https:\/\/einfachzufriedensein.de\/wp-content\/uploads\/2024\/10\/einfach.-zufrieden.-sein-2.png\",\"contentUrl\":\"https:\/\/einfachzufriedensein.de\/wp-content\/uploads\/2024\/10\/einfach.-zufrieden.-sein-2.png\",\"width\":500,\"height\":500},{\"@type\":\"BreadcrumbList\",\"@id\":\"https:\/\/einfachzufriedensein.de\/?p=1226#breadcrumb\",\"itemListElement\":[{\"@type\":\"ListItem\",\"position\":1,\"name\":\"Startseite\",\"item\":\"https:\/\/einfachzufriedensein.de\/\"},{\"@type\":\"ListItem\",\"position\":2,\"name\":\"Neue Termine\"}]},{\"@type\":\"WebSite\",\"@id\":\"https:\/\/einfachzufriedensein.de\/#website\",\"url\":\"https:\/\/einfachzufriedensein.de\/\",\"name\":\"einfach.zufrieden.sein.\",\"description\":\"Der Brustkrebs &amp; ich  - das Tagebuch einer Brustkrebspatientin\",\"publisher\":{\"@id\":\"https:\/\/einfachzufriedensein.de\/#\/schema\/person\/1c305a44404a7ae00e2ad15fb51bb53c\"},\"potentialAction\":[{\"@type\":\"SearchAction\",\"target\":{\"@type\":\"EntryPoint\",\"urlTemplate\":\"https:\/\/einfachzufriedensein.de\/?s={search_term_string}\"},\"query-input\":{\"@type\":\"PropertyValueSpecification\",\"valueRequired\":true,\"valueName\":\"search_term_string\"}}],\"inLanguage\":\"de\"},{\"@type\":[\"Person\",\"Organization\"],\"@id\":\"https:\/\/einfachzufriedensein.de\/#\/schema\/person\/1c305a44404a7ae00e2ad15fb51bb53c\",\"name\":\"sfiedler\",\"image\":{\"@type\":\"ImageObject\",\"inLanguage\":\"de\",\"@id\":\"https:\/\/einfachzufriedensein.de\/#\/schema\/person\/image\/\",\"url\":\"https:\/\/einfachzufriedensein.de\/wp-content\/uploads\/2024\/10\/IMG20240928112843-scaled.jpg\",\"contentUrl\":\"https:\/\/einfachzufriedensein.de\/wp-content\/uploads\/2024\/10\/IMG20240928112843-scaled.jpg\",\"width\":1927,\"height\":2560,\"caption\":\"sfiedler\"},\"logo\":{\"@id\":\"https:\/\/einfachzufriedensein.de\/#\/schema\/person\/image\/\"},\"sameAs\":[\"https:\/\/einfachzufriedensein.de\"],\"url\":\"https:\/\/einfachzufriedensein.de\/?author=1\"}]}<\/script>\n<!-- \/ Yoast SEO plugin. -->","yoast_head_json":{"title":"Neue Termine - einfach.zufrieden.sein.","description":"Gerade hatte ich nach der Akuttherapie meinen Kalender wieder selbst mit Terminen bef\u00fcllt. Und dann kommen erneut Kliniktermine hinzu.","robots":{"index":"index","follow":"follow","max-snippet":"max-snippet:-1","max-image-preview":"max-image-preview:large","max-video-preview":"max-video-preview:-1"},"canonical":"https:\/\/einfachzufriedensein.de\/?p=1226","og_locale":"de_DE","og_type":"article","og_title":"Neue Termine - einfach.zufrieden.sein.","og_description":"Gerade hatte ich nach der Akuttherapie meinen Kalender wieder selbst mit Terminen bef\u00fcllt. Und dann kommen erneut Kliniktermine hinzu.","og_url":"https:\/\/einfachzufriedensein.de\/?p=1226","og_site_name":"einfach.zufrieden.sein.","article_published_time":"2025-08-06T20:11:27+00:00","article_modified_time":"2025-08-06T20:11:29+00:00","og_image":[{"width":500,"height":500,"url":"https:\/\/einfachzufriedensein.de\/wp-content\/uploads\/2024\/10\/einfach.-zufrieden.-sein-2.png","type":"image\/png"}],"author":"sfiedler","twitter_card":"summary_large_image","twitter_misc":{"Verfasst von":"sfiedler","Gesch\u00e4tzte Lesezeit":"3\u00a0Minuten"},"schema":{"@context":"https:\/\/schema.org","@graph":[{"@type":"Article","@id":"https:\/\/einfachzufriedensein.de\/?p=1226#article","isPartOf":{"@id":"https:\/\/einfachzufriedensein.de\/?p=1226"},"author":{"name":"sfiedler","@id":"https:\/\/einfachzufriedensein.de\/#\/schema\/person\/1c305a44404a7ae00e2ad15fb51bb53c"},"headline":"Neue Termine","datePublished":"2025-08-06T20:11:27+00:00","dateModified":"2025-08-06T20:11:29+00:00","mainEntityOfPage":{"@id":"https:\/\/einfachzufriedensein.de\/?p=1226"},"wordCount":432,"publisher":{"@id":"https:\/\/einfachzufriedensein.de\/#\/schema\/person\/1c305a44404a7ae00e2ad15fb51bb53c"},"image":{"@id":"https:\/\/einfachzufriedensein.de\/?p=1226#primaryimage"},"thumbnailUrl":"https:\/\/einfachzufriedensein.de\/wp-content\/uploads\/2024\/10\/einfach.-zufrieden.-sein-2.png","keywords":["Alltag","Brustkrebs","Medikamente","mentale St\u00e4rke","Nebenwirkungen"],"inLanguage":"de"},{"@type":"WebPage","@id":"https:\/\/einfachzufriedensein.de\/?p=1226","url":"https:\/\/einfachzufriedensein.de\/?p=1226","name":"Neue Termine - einfach.zufrieden.sein.","isPartOf":{"@id":"https:\/\/einfachzufriedensein.de\/#website"},"primaryImageOfPage":{"@id":"https:\/\/einfachzufriedensein.de\/?p=1226#primaryimage"},"image":{"@id":"https:\/\/einfachzufriedensein.de\/?p=1226#primaryimage"},"thumbnailUrl":"https:\/\/einfachzufriedensein.de\/wp-content\/uploads\/2024\/10\/einfach.-zufrieden.-sein-2.png","datePublished":"2025-08-06T20:11:27+00:00","dateModified":"2025-08-06T20:11:29+00:00","description":"Gerade hatte ich nach der Akuttherapie meinen Kalender wieder selbst mit Terminen bef\u00fcllt. Und dann kommen erneut Kliniktermine hinzu.","breadcrumb":{"@id":"https:\/\/einfachzufriedensein.de\/?p=1226#breadcrumb"},"inLanguage":"de","potentialAction":[{"@type":"ReadAction","target":["https:\/\/einfachzufriedensein.de\/?p=1226"]}]},{"@type":"ImageObject","inLanguage":"de","@id":"https:\/\/einfachzufriedensein.de\/?p=1226#primaryimage","url":"https:\/\/einfachzufriedensein.de\/wp-content\/uploads\/2024\/10\/einfach.-zufrieden.-sein-2.png","contentUrl":"https:\/\/einfachzufriedensein.de\/wp-content\/uploads\/2024\/10\/einfach.-zufrieden.-sein-2.png","width":500,"height":500},{"@type":"BreadcrumbList","@id":"https:\/\/einfachzufriedensein.de\/?p=1226#breadcrumb","itemListElement":[{"@type":"ListItem","position":1,"name":"Startseite","item":"https:\/\/einfachzufriedensein.de\/"},{"@type":"ListItem","position":2,"name":"Neue Termine"}]},{"@type":"WebSite","@id":"https:\/\/einfachzufriedensein.de\/#website","url":"https:\/\/einfachzufriedensein.de\/","name":"einfach.zufrieden.sein.","description":"Der Brustkrebs &amp; ich  - das Tagebuch einer Brustkrebspatientin","publisher":{"@id":"https:\/\/einfachzufriedensein.de\/#\/schema\/person\/1c305a44404a7ae00e2ad15fb51bb53c"},"potentialAction":[{"@type":"SearchAction","target":{"@type":"EntryPoint","urlTemplate":"https:\/\/einfachzufriedensein.de\/?s={search_term_string}"},"query-input":{"@type":"PropertyValueSpecification","valueRequired":true,"valueName":"search_term_string"}}],"inLanguage":"de"},{"@type":["Person","Organization"],"@id":"https:\/\/einfachzufriedensein.de\/#\/schema\/person\/1c305a44404a7ae00e2ad15fb51bb53c","name":"sfiedler","image":{"@type":"ImageObject","inLanguage":"de","@id":"https:\/\/einfachzufriedensein.de\/#\/schema\/person\/image\/","url":"https:\/\/einfachzufriedensein.de\/wp-content\/uploads\/2024\/10\/IMG20240928112843-scaled.jpg","contentUrl":"https:\/\/einfachzufriedensein.de\/wp-content\/uploads\/2024\/10\/IMG20240928112843-scaled.jpg","width":1927,"height":2560,"caption":"sfiedler"},"logo":{"@id":"https:\/\/einfachzufriedensein.de\/#\/schema\/person\/image\/"},"sameAs":["https:\/\/einfachzufriedensein.de"],"url":"https:\/\/einfachzufriedensein.de\/?author=1"}]}},"_links":{"self":[{"href":"https:\/\/einfachzufriedensein.de\/index.php?rest_route=\/wp\/v2\/posts\/1226","targetHints":{"allow":["GET"]}}],"collection":[{"href":"https:\/\/einfachzufriedensein.de\/index.php?rest_route=\/wp\/v2\/posts"}],"about":[{"href":"https:\/\/einfachzufriedensein.de\/index.php?rest_route=\/wp\/v2\/types\/post"}],"author":[{"embeddable":true,"href":"https:\/\/einfachzufriedensein.de\/index.php?rest_route=\/wp\/v2\/users\/1"}],"replies":[{"embeddable":true,"href":"https:\/\/einfachzufriedensein.de\/index.php?rest_route=%2Fwp%2Fv2%2Fcomments&post=1226"}],"version-history":[{"count":4,"href":"https:\/\/einfachzufriedensein.de\/index.php?rest_route=\/wp\/v2\/posts\/1226\/revisions"}],"predecessor-version":[{"id":1232,"href":"https:\/\/einfachzufriedensein.de\/index.php?rest_route=\/wp\/v2\/posts\/1226\/revisions\/1232"}],"wp:featuredmedia":[{"embeddable":true,"href":"https:\/\/einfachzufriedensein.de\/index.php?rest_route=\/wp\/v2\/media\/57"}],"wp:attachment":[{"href":"https:\/\/einfachzufriedensein.de\/index.php?rest_route=%2Fwp%2Fv2%2Fmedia&parent=1226"}],"wp:term":[{"taxonomy":"category","embeddable":true,"href":"https:\/\/einfachzufriedensein.de\/index.php?rest_route=%2Fwp%2Fv2%2Fcategories&post=1226"},{"taxonomy":"post_tag","embeddable":true,"href":"https:\/\/einfachzufriedensein.de\/index.php?rest_route=%2Fwp%2Fv2%2Ftags&post=1226"}],"curies":[{"name":"wp","href":"https:\/\/api.w.org\/{rel}","templated":true}]}}