{"id":1192,"date":"2025-07-18T10:33:02","date_gmt":"2025-07-18T08:33:02","guid":{"rendered":"https:\/\/einfachzufriedensein.de\/?p=1192"},"modified":"2025-07-18T10:33:03","modified_gmt":"2025-07-18T08:33:03","slug":"sowas-wie-alltag","status":"publish","type":"post","link":"https:\/\/einfachzufriedensein.de\/?p=1192","title":{"rendered":"Sowas wie Alltag"},"content":{"rendered":"\n<p>Seit drei Wochen kann ich wieder Alltag leben. Vor drei Wochen war meine letzte Bestrahlung. Ich bef\u00fclle meinen Kalender mit eigenen Terminen, dazwischen finden sich aber immer noch diverse Arzttermine. Das wird auch dieses Jahr noch so bleiben. Sicher nicht mehr ganz so hochfrequent, aber es gibt noch einige Kontrolltermine, die anstehen werden. Ich versuche, einen neuen Alltag f\u00fcr mich zu finden. Den Platz auf dem Sofa habe ich nun teilweise durch meinen Platz am Schreibtisch ersetzt. Ich mache mir Gedanken, wie es weitergehen kann, wenn die Akuttherapie endg\u00fcltig vorbei ist. Meine freiberufliche T\u00e4tigkeit als Vereinsberaterin liegt ebenfalls brach, aber ich hatte in dieser Woche bereits eine Video-Konferenz mit einer Gr\u00fcnderin eines Vereins, die mich um Unterst\u00fctzung gebeten hatte. Ein sehr inspirierender Termin, ein toller Austausch, der mir richtig Freude gemacht hat. Ob und in welchem Umfang ich diese T\u00e4tigkeit aber wieder aufnehme, ist mir noch nicht ganz klar. <\/p>\n\n\n\n<p>Auch weil ich derzeit eine eigene Projektidee verfolge &#8211; ich m\u00f6chte f\u00fcr Krebspatienten im Rhein-Main-Gebiet die M\u00f6glichkeit schaffen ein kostenloses professionelles Fotoshooting zu machen. So eins, wie ich es selbst in M\u00fcnchen erleben durfte. Noch heute zehre ich von dieser tollen Erfahrung und erfreue mich am Anblick meiner Fotos. Diese Idee treibe ich im Moment sehr stark voran. Allerdings alles auf ehrenamtlicher Basis, aber mit viel Herzblut. Ein weiterer Gedanke und ein Wunsch, den ich schon einige Jahre habe, ist die Qualifizierung zur ehrenamtlichen Hospizbegleiterin. Im Januar 2026 k\u00f6nnte ich mit diesem Kurs starten. Auch hier bin ich noch am \u00dcberlegen. Gemeinsam mit meinem Co-Coach von startsocial verfolge ich eine Netzwerkidee zum Austausch unter Gleichgesinnten und f\u00fcr das aktuelle startsocial Beratungsstipendium, welches im November starten wird, habe ich mich auch bereits wieder als Coach angemeldet. <\/p>\n\n\n\n<p>Ich sehe mich im Moment irgendwo im Orbit schweben &#8211; etwas orientierungslos, in einer Bubble. Aber mit der Chance, im eigenen Leben etwas zu \u00e4ndern. Sobald etwas an mir vorbeischwebt, greife ich danach, schaue es mir an und denke dar\u00fcber nach, ob das etwas f\u00fcr mich ist. Manches schmei\u00dfe ich zur\u00fcck in den Raum und manches packe ich auf meine Liste und schaue es mir genauer an. Was von all dem \u00fcbrig bleiben wird, kann ich heute noch nicht sagen. Aber ich finde es toll im Moment einfach diese Freiheit zu haben. Somit hatte diese Krebserkrankung auch etwas Gutes. Wann r\u00e4umt man einmal so mit seinem Leben auf? Das ist alles noch mit halbem Tempo, aber ich versuche so langsam zur\u00fcckzukehren. <\/p>\n\n\n\n<p>In dieser Woche hatte ich noch einen Kontrolltermin beim Augenarzt, au\u00dfer der Reihe, da ich seit der Chemo das Gef\u00fchl habe, dass sich meine Augen verschlechtert haben. Das Ergebnis &#8211; minimale Glask\u00f6rpertr\u00fcbungen verursacht durch die Chemo und trockene Augen. Nachkontrolle in drei Monaten und die Empfehlung f\u00fcr eine Augenpflege mit Tropfen. Ebenfalls muss weiterhin engmaschig kontrolliert werden, wenn ich Tamoxifen f\u00fcr die Anti-Hormontherapie bekomme, da dieses Medikament auch Ver\u00e4nderungen an den Augen machen kann. Ob ich genau das Medikament bekomme, wei\u00df ich noch nicht, zumindest hatte ich es schonmal f\u00fcr vier Wochen vor Beginn der Chemotherapie. <\/p>\n\n\n\n<p>Da in dem Geb\u00e4ude des Augenarztes auch eine gro\u00dfe Radiologie ist, habe ich am selben Tag das R\u00f6ntgen meiner rechten Ferse wegen des Verdachts auf Fersensporn machen lassen. Da man hierf\u00fcr keinen Termin braucht, hatte ich mir gen\u00fcgend zeitlichen Puffer bis zum n\u00e4chsten Termin eingebaut. Am Anmeldetresen meinte die Schwester bereits, es sei nicht voll und ich w\u00e4re zeitnah dran. Ich sa\u00df kaum auf meinem Stuhl im Wartezimmer und wurde auch schon aufgerufen. Das R\u00f6ntgenbild war fertig und ich bekam direkt meinen QR-Code f\u00fcr den Befund in die Hand. Somit war ich nach nicht mal zehn Minuten wieder raus aus der Radiologie, mit dem Ergebnis, wen wundert\u00b4s &#8211; ein Fersensporn. Ende des Monats habe ich meinen Kontrolltermin beim Orthop\u00e4den, da werde ich es direkt mit ansprechen. An manchen Tagen kann ich nicht laufen, da ein heftiger Schmerz die Ferse durchzieht. Teilweise unterdr\u00fccke ich die Schmerzen mit Ibuprofen, damit ich wenigstens mal vor die T\u00fcr kann zu einem Spaziergang. Alles nicht sch\u00f6n, aber das muss jetzt noch bis nach der Brustoperation warten. In Vorbereitung darauf habe ich mir gestern im Sanit\u00e4tshaus meinen Kompressions-BH abgeholt. Dieser wurde mir auf Rezept verschrieben und ich werde ihn f\u00fcr mindestens vier Wochen nach OP tragen &#8211; Tag und Nacht. Meine \u00c4rztin gab mir noch den Tipp ihn in der Farbe Schwarz auszuw\u00e4hlen, da in der OP gro\u00dffl\u00e4chig mit brauner Desinfektionsl\u00f6sung gearbeitet wird, die dann auch auf die Kleidung abf\u00e4rben kann. <\/p>\n\n\n\n<p>Am Wochenende werden wir noch mit Freunden grillen und dann geht\u00b4s an die OP-Vorbereitung. N\u00e4chste Woche um die Zeit habe ich alles schon hinter mir. <\/p>\n","protected":false},"excerpt":{"rendered":"<p class=\"text-justify\">Seit drei Wochen kann ich wieder Alltag leben. Vor drei Wochen war meine letzte Bestrahlung. Ich bef\u00fclle meinen Kalender mit eigenen Terminen, [&hellip;]<\/p>\n","protected":false},"author":1,"featured_media":57,"comment_status":"closed","ping_status":"open","sticky":false,"template":"","format":"standard","meta":{"footnotes":""},"categories":[1],"tags":[43,144,2,81,16],"class_list":["post-1192","post","type-post","status-publish","format-standard","has-post-thumbnail","hentry","category-allgemein","tag-alltag","tag-arztbesuche","tag-brustkrebs","tag-krebspatient","tag-mentale-staerke"],"yoast_head":"<!-- This site is optimized with the Yoast SEO plugin v24.1 - https:\/\/yoast.com\/wordpress\/plugins\/seo\/ -->\n<title>Sowas wie Alltag - einfach.zufrieden.sein.<\/title>\n<meta name=\"description\" content=\"Meine Akuttherapie neigt sich dem Ende und versuche mich im neuen Alltag zurechtzufinden, der immer noch von Arztbesuchen gepr\u00e4gt ist.\" \/>\n<meta name=\"robots\" content=\"index, follow, max-snippet:-1, max-image-preview:large, max-video-preview:-1\" \/>\n<link rel=\"canonical\" href=\"https:\/\/einfachzufriedensein.de\/?p=1192\" \/>\n<meta property=\"og:locale\" content=\"de_DE\" \/>\n<meta property=\"og:type\" content=\"article\" \/>\n<meta property=\"og:title\" content=\"Sowas wie Alltag - einfach.zufrieden.sein.\" \/>\n<meta property=\"og:description\" content=\"Meine Akuttherapie neigt sich dem Ende und versuche mich im neuen Alltag zurechtzufinden, der immer noch von Arztbesuchen gepr\u00e4gt ist.\" \/>\n<meta property=\"og:url\" content=\"https:\/\/einfachzufriedensein.de\/?p=1192\" \/>\n<meta property=\"og:site_name\" content=\"einfach.zufrieden.sein.\" \/>\n<meta property=\"article:published_time\" content=\"2025-07-18T08:33:02+00:00\" \/>\n<meta property=\"article:modified_time\" content=\"2025-07-18T08:33:03+00:00\" \/>\n<meta property=\"og:image\" content=\"https:\/\/einfachzufriedensein.de\/wp-content\/uploads\/2024\/10\/einfach.-zufrieden.-sein-2.png\" \/>\n\t<meta property=\"og:image:width\" content=\"500\" \/>\n\t<meta property=\"og:image:height\" content=\"500\" \/>\n\t<meta property=\"og:image:type\" content=\"image\/png\" \/>\n<meta name=\"author\" content=\"sfiedler\" \/>\n<meta name=\"twitter:card\" content=\"summary_large_image\" \/>\n<meta name=\"twitter:label1\" content=\"Verfasst von\" \/>\n\t<meta name=\"twitter:data1\" content=\"sfiedler\" \/>\n\t<meta name=\"twitter:label2\" content=\"Gesch\u00e4tzte Lesezeit\" \/>\n\t<meta name=\"twitter:data2\" content=\"5\u00a0Minuten\" \/>\n<script type=\"application\/ld+json\" class=\"yoast-schema-graph\">{\"@context\":\"https:\/\/schema.org\",\"@graph\":[{\"@type\":\"Article\",\"@id\":\"https:\/\/einfachzufriedensein.de\/?p=1192#article\",\"isPartOf\":{\"@id\":\"https:\/\/einfachzufriedensein.de\/?p=1192\"},\"author\":{\"name\":\"sfiedler\",\"@id\":\"https:\/\/einfachzufriedensein.de\/#\/schema\/person\/1c305a44404a7ae00e2ad15fb51bb53c\"},\"headline\":\"Sowas wie Alltag\",\"datePublished\":\"2025-07-18T08:33:02+00:00\",\"dateModified\":\"2025-07-18T08:33:03+00:00\",\"mainEntityOfPage\":{\"@id\":\"https:\/\/einfachzufriedensein.de\/?p=1192\"},\"wordCount\":813,\"publisher\":{\"@id\":\"https:\/\/einfachzufriedensein.de\/#\/schema\/person\/1c305a44404a7ae00e2ad15fb51bb53c\"},\"image\":{\"@id\":\"https:\/\/einfachzufriedensein.de\/?p=1192#primaryimage\"},\"thumbnailUrl\":\"https:\/\/einfachzufriedensein.de\/wp-content\/uploads\/2024\/10\/einfach.-zufrieden.-sein-2.png\",\"keywords\":[\"Alltag\",\"Arztbesuche\",\"Brustkrebs\",\"Krebspatient\",\"mentale St\u00e4rke\"],\"inLanguage\":\"de\"},{\"@type\":\"WebPage\",\"@id\":\"https:\/\/einfachzufriedensein.de\/?p=1192\",\"url\":\"https:\/\/einfachzufriedensein.de\/?p=1192\",\"name\":\"Sowas wie Alltag - einfach.zufrieden.sein.\",\"isPartOf\":{\"@id\":\"https:\/\/einfachzufriedensein.de\/#website\"},\"primaryImageOfPage\":{\"@id\":\"https:\/\/einfachzufriedensein.de\/?p=1192#primaryimage\"},\"image\":{\"@id\":\"https:\/\/einfachzufriedensein.de\/?p=1192#primaryimage\"},\"thumbnailUrl\":\"https:\/\/einfachzufriedensein.de\/wp-content\/uploads\/2024\/10\/einfach.-zufrieden.-sein-2.png\",\"datePublished\":\"2025-07-18T08:33:02+00:00\",\"dateModified\":\"2025-07-18T08:33:03+00:00\",\"description\":\"Meine Akuttherapie neigt sich dem Ende und versuche mich im neuen Alltag zurechtzufinden, der immer noch von Arztbesuchen gepr\u00e4gt ist.\",\"breadcrumb\":{\"@id\":\"https:\/\/einfachzufriedensein.de\/?p=1192#breadcrumb\"},\"inLanguage\":\"de\",\"potentialAction\":[{\"@type\":\"ReadAction\",\"target\":[\"https:\/\/einfachzufriedensein.de\/?p=1192\"]}]},{\"@type\":\"ImageObject\",\"inLanguage\":\"de\",\"@id\":\"https:\/\/einfachzufriedensein.de\/?p=1192#primaryimage\",\"url\":\"https:\/\/einfachzufriedensein.de\/wp-content\/uploads\/2024\/10\/einfach.-zufrieden.-sein-2.png\",\"contentUrl\":\"https:\/\/einfachzufriedensein.de\/wp-content\/uploads\/2024\/10\/einfach.-zufrieden.-sein-2.png\",\"width\":500,\"height\":500},{\"@type\":\"BreadcrumbList\",\"@id\":\"https:\/\/einfachzufriedensein.de\/?p=1192#breadcrumb\",\"itemListElement\":[{\"@type\":\"ListItem\",\"position\":1,\"name\":\"Startseite\",\"item\":\"https:\/\/einfachzufriedensein.de\/\"},{\"@type\":\"ListItem\",\"position\":2,\"name\":\"Sowas wie Alltag\"}]},{\"@type\":\"WebSite\",\"@id\":\"https:\/\/einfachzufriedensein.de\/#website\",\"url\":\"https:\/\/einfachzufriedensein.de\/\",\"name\":\"einfach.zufrieden.sein.\",\"description\":\"Der Brustkrebs &amp; ich  - das Tagebuch einer Brustkrebspatientin\",\"publisher\":{\"@id\":\"https:\/\/einfachzufriedensein.de\/#\/schema\/person\/1c305a44404a7ae00e2ad15fb51bb53c\"},\"potentialAction\":[{\"@type\":\"SearchAction\",\"target\":{\"@type\":\"EntryPoint\",\"urlTemplate\":\"https:\/\/einfachzufriedensein.de\/?s={search_term_string}\"},\"query-input\":{\"@type\":\"PropertyValueSpecification\",\"valueRequired\":true,\"valueName\":\"search_term_string\"}}],\"inLanguage\":\"de\"},{\"@type\":[\"Person\",\"Organization\"],\"@id\":\"https:\/\/einfachzufriedensein.de\/#\/schema\/person\/1c305a44404a7ae00e2ad15fb51bb53c\",\"name\":\"sfiedler\",\"image\":{\"@type\":\"ImageObject\",\"inLanguage\":\"de\",\"@id\":\"https:\/\/einfachzufriedensein.de\/#\/schema\/person\/image\/\",\"url\":\"https:\/\/einfachzufriedensein.de\/wp-content\/uploads\/2024\/10\/IMG20240928112843-scaled.jpg\",\"contentUrl\":\"https:\/\/einfachzufriedensein.de\/wp-content\/uploads\/2024\/10\/IMG20240928112843-scaled.jpg\",\"width\":1927,\"height\":2560,\"caption\":\"sfiedler\"},\"logo\":{\"@id\":\"https:\/\/einfachzufriedensein.de\/#\/schema\/person\/image\/\"},\"sameAs\":[\"https:\/\/einfachzufriedensein.de\"],\"url\":\"https:\/\/einfachzufriedensein.de\/?author=1\"}]}<\/script>\n<!-- \/ Yoast SEO plugin. -->","yoast_head_json":{"title":"Sowas wie Alltag - einfach.zufrieden.sein.","description":"Meine Akuttherapie neigt sich dem Ende und versuche mich im neuen Alltag zurechtzufinden, der immer noch von Arztbesuchen gepr\u00e4gt ist.","robots":{"index":"index","follow":"follow","max-snippet":"max-snippet:-1","max-image-preview":"max-image-preview:large","max-video-preview":"max-video-preview:-1"},"canonical":"https:\/\/einfachzufriedensein.de\/?p=1192","og_locale":"de_DE","og_type":"article","og_title":"Sowas wie Alltag - einfach.zufrieden.sein.","og_description":"Meine Akuttherapie neigt sich dem Ende und versuche mich im neuen Alltag zurechtzufinden, der immer noch von Arztbesuchen gepr\u00e4gt ist.","og_url":"https:\/\/einfachzufriedensein.de\/?p=1192","og_site_name":"einfach.zufrieden.sein.","article_published_time":"2025-07-18T08:33:02+00:00","article_modified_time":"2025-07-18T08:33:03+00:00","og_image":[{"width":500,"height":500,"url":"https:\/\/einfachzufriedensein.de\/wp-content\/uploads\/2024\/10\/einfach.-zufrieden.-sein-2.png","type":"image\/png"}],"author":"sfiedler","twitter_card":"summary_large_image","twitter_misc":{"Verfasst von":"sfiedler","Gesch\u00e4tzte Lesezeit":"5\u00a0Minuten"},"schema":{"@context":"https:\/\/schema.org","@graph":[{"@type":"Article","@id":"https:\/\/einfachzufriedensein.de\/?p=1192#article","isPartOf":{"@id":"https:\/\/einfachzufriedensein.de\/?p=1192"},"author":{"name":"sfiedler","@id":"https:\/\/einfachzufriedensein.de\/#\/schema\/person\/1c305a44404a7ae00e2ad15fb51bb53c"},"headline":"Sowas wie Alltag","datePublished":"2025-07-18T08:33:02+00:00","dateModified":"2025-07-18T08:33:03+00:00","mainEntityOfPage":{"@id":"https:\/\/einfachzufriedensein.de\/?p=1192"},"wordCount":813,"publisher":{"@id":"https:\/\/einfachzufriedensein.de\/#\/schema\/person\/1c305a44404a7ae00e2ad15fb51bb53c"},"image":{"@id":"https:\/\/einfachzufriedensein.de\/?p=1192#primaryimage"},"thumbnailUrl":"https:\/\/einfachzufriedensein.de\/wp-content\/uploads\/2024\/10\/einfach.-zufrieden.-sein-2.png","keywords":["Alltag","Arztbesuche","Brustkrebs","Krebspatient","mentale St\u00e4rke"],"inLanguage":"de"},{"@type":"WebPage","@id":"https:\/\/einfachzufriedensein.de\/?p=1192","url":"https:\/\/einfachzufriedensein.de\/?p=1192","name":"Sowas wie Alltag - einfach.zufrieden.sein.","isPartOf":{"@id":"https:\/\/einfachzufriedensein.de\/#website"},"primaryImageOfPage":{"@id":"https:\/\/einfachzufriedensein.de\/?p=1192#primaryimage"},"image":{"@id":"https:\/\/einfachzufriedensein.de\/?p=1192#primaryimage"},"thumbnailUrl":"https:\/\/einfachzufriedensein.de\/wp-content\/uploads\/2024\/10\/einfach.-zufrieden.-sein-2.png","datePublished":"2025-07-18T08:33:02+00:00","dateModified":"2025-07-18T08:33:03+00:00","description":"Meine Akuttherapie neigt sich dem Ende und versuche mich im neuen Alltag zurechtzufinden, der immer noch von Arztbesuchen gepr\u00e4gt ist.","breadcrumb":{"@id":"https:\/\/einfachzufriedensein.de\/?p=1192#breadcrumb"},"inLanguage":"de","potentialAction":[{"@type":"ReadAction","target":["https:\/\/einfachzufriedensein.de\/?p=1192"]}]},{"@type":"ImageObject","inLanguage":"de","@id":"https:\/\/einfachzufriedensein.de\/?p=1192#primaryimage","url":"https:\/\/einfachzufriedensein.de\/wp-content\/uploads\/2024\/10\/einfach.-zufrieden.-sein-2.png","contentUrl":"https:\/\/einfachzufriedensein.de\/wp-content\/uploads\/2024\/10\/einfach.-zufrieden.-sein-2.png","width":500,"height":500},{"@type":"BreadcrumbList","@id":"https:\/\/einfachzufriedensein.de\/?p=1192#breadcrumb","itemListElement":[{"@type":"ListItem","position":1,"name":"Startseite","item":"https:\/\/einfachzufriedensein.de\/"},{"@type":"ListItem","position":2,"name":"Sowas wie Alltag"}]},{"@type":"WebSite","@id":"https:\/\/einfachzufriedensein.de\/#website","url":"https:\/\/einfachzufriedensein.de\/","name":"einfach.zufrieden.sein.","description":"Der Brustkrebs &amp; ich  - das Tagebuch einer Brustkrebspatientin","publisher":{"@id":"https:\/\/einfachzufriedensein.de\/#\/schema\/person\/1c305a44404a7ae00e2ad15fb51bb53c"},"potentialAction":[{"@type":"SearchAction","target":{"@type":"EntryPoint","urlTemplate":"https:\/\/einfachzufriedensein.de\/?s={search_term_string}"},"query-input":{"@type":"PropertyValueSpecification","valueRequired":true,"valueName":"search_term_string"}}],"inLanguage":"de"},{"@type":["Person","Organization"],"@id":"https:\/\/einfachzufriedensein.de\/#\/schema\/person\/1c305a44404a7ae00e2ad15fb51bb53c","name":"sfiedler","image":{"@type":"ImageObject","inLanguage":"de","@id":"https:\/\/einfachzufriedensein.de\/#\/schema\/person\/image\/","url":"https:\/\/einfachzufriedensein.de\/wp-content\/uploads\/2024\/10\/IMG20240928112843-scaled.jpg","contentUrl":"https:\/\/einfachzufriedensein.de\/wp-content\/uploads\/2024\/10\/IMG20240928112843-scaled.jpg","width":1927,"height":2560,"caption":"sfiedler"},"logo":{"@id":"https:\/\/einfachzufriedensein.de\/#\/schema\/person\/image\/"},"sameAs":["https:\/\/einfachzufriedensein.de"],"url":"https:\/\/einfachzufriedensein.de\/?author=1"}]}},"_links":{"self":[{"href":"https:\/\/einfachzufriedensein.de\/index.php?rest_route=\/wp\/v2\/posts\/1192","targetHints":{"allow":["GET"]}}],"collection":[{"href":"https:\/\/einfachzufriedensein.de\/index.php?rest_route=\/wp\/v2\/posts"}],"about":[{"href":"https:\/\/einfachzufriedensein.de\/index.php?rest_route=\/wp\/v2\/types\/post"}],"author":[{"embeddable":true,"href":"https:\/\/einfachzufriedensein.de\/index.php?rest_route=\/wp\/v2\/users\/1"}],"replies":[{"embeddable":true,"href":"https:\/\/einfachzufriedensein.de\/index.php?rest_route=%2Fwp%2Fv2%2Fcomments&post=1192"}],"version-history":[{"count":3,"href":"https:\/\/einfachzufriedensein.de\/index.php?rest_route=\/wp\/v2\/posts\/1192\/revisions"}],"predecessor-version":[{"id":1195,"href":"https:\/\/einfachzufriedensein.de\/index.php?rest_route=\/wp\/v2\/posts\/1192\/revisions\/1195"}],"wp:featuredmedia":[{"embeddable":true,"href":"https:\/\/einfachzufriedensein.de\/index.php?rest_route=\/wp\/v2\/media\/57"}],"wp:attachment":[{"href":"https:\/\/einfachzufriedensein.de\/index.php?rest_route=%2Fwp%2Fv2%2Fmedia&parent=1192"}],"wp:term":[{"taxonomy":"category","embeddable":true,"href":"https:\/\/einfachzufriedensein.de\/index.php?rest_route=%2Fwp%2Fv2%2Fcategories&post=1192"},{"taxonomy":"post_tag","embeddable":true,"href":"https:\/\/einfachzufriedensein.de\/index.php?rest_route=%2Fwp%2Fv2%2Ftags&post=1192"}],"curies":[{"name":"wp","href":"https:\/\/api.w.org\/{rel}","templated":true}]}}