{"id":1187,"date":"2025-07-13T20:22:53","date_gmt":"2025-07-13T18:22:53","guid":{"rendered":"https:\/\/einfachzufriedensein.de\/?p=1187"},"modified":"2025-07-13T20:22:55","modified_gmt":"2025-07-13T18:22:55","slug":"nachsorge-vorbesprechung","status":"publish","type":"post","link":"https:\/\/einfachzufriedensein.de\/?p=1187","title":{"rendered":"Nachsorge &amp; Vorbesprechung"},"content":{"rendered":"\n<p>Die letzte Woche war wieder gepr\u00e4gt von Arztbesuchen. Am Dienstag war mein Nachsorgetermin in der Strahlentherapie. Die Strahlen\u00e4rztin ist sehr zufrieden mit dem Ergebnis. Auch das ich keine Nebenwirkungen habe. Der Hautausschlag ist nach einer Woche wieder weg gewesen. Da ich an einer Radiologie-Studie teilnehme und im experimentellen Arm der Studie bin, werde ich noch h\u00e4ufiger kontrolliert als es sonst bei den Patienten der Fall ist. Der experimentelle Arm bedeutet, dass untersucht wird, ob es f\u00fcr die Patienten g\u00fcnstiger sein k\u00f6nnte, die Bestrahlung vor der Operation durchzuf\u00fchren. In den bisherigen Therapien kommt immer zuerst die OP und im Anschluss die Bestrahlung. Ebenso sieht die Studie auch nur 15 Bestrahlungen vor, was mir durchaus zugutekam. Denn wenn diese noch l\u00e4nger gedauert h\u00e4tten, w\u00e4re mein Hautausschlag sicher noch weiter eskaliert. Die Strahlen\u00e4rztin war jedenfalls happy mit dem guten Ergebnis. Sie informierte direkt meine behandelnde \u00c4rztin im Brustzentrum per Telefon dar\u00fcber und erteilte die Freigabe f\u00fcr die Operation. Wiedersehen werde ich sie in drei Monaten zur erneuten Nachkontrolle. <\/p>\n\n\n\n<p>Am Donnerstag war ich erneut in der Hochtaunusklinik &#8211; es stand mein Vorbesprechungstermin im Brustzentrum an. Ich war jetzt schon einige Wochen nicht mehr dort gewesen und es war sehr ruhig. Keine Patienten &#8211; weder in den Chemotherapier\u00e4umen noch im Wartebereich. OK, es war schlie\u00dflich auch bereits nachmittags halb zwei. Und das war auch gut f\u00fcr mich, denn so musste ich nicht lange warten, bis ich aufgerufen wurde. Die \u00c4rztin nahm sich wie immer sehr viel Zeit f\u00fcr mich. Ich hatte Fragen notiert, die ich mit ihr kl\u00e4ren wollte, die mir im Laufe der letzten Wochen und in Vorbereitung auf die OP eingefallen sind. Es wurde erneut ein Ultraschall von der Brust gemacht und von Paul ist nichts mehr zu sehen. Die OP ist brusterhaltend geplant. Da Paul auf der Innenseite bei 3 Uhr war, wird es dort einen Schnitt geben, um den Clip zu entfernen. In der rechten Achselh\u00f6hle wird es einen weiteren Schnitt geben, um den W\u00e4chterlymphknoten zu entfernen. Noch im OP wird dieser auf Tumorzellen untersucht und bei Bedarf noch weitere Lymphknoten entfernt, wenn das Ergebnis positiv sein sollte. Davon gehen wir aber erst einmal nicht aus, da die Lymphknoten bisher unauff\u00e4llig waren. <\/p>\n\n\n\n<p>Einen weiteren Schnitt wird es an meinem Portkatheter nahe der linken Schulter geben, denn dieser wird direkt mit entfernt. Eigentlich ist die Empfehlung den Port noch mindestens f\u00fcnf Jahre im K\u00f6rper zu belassen, falls es ein Rezidiv, also einen R\u00fcckfall geben k\u00f6nnte. Da ich aber eine portbedingte Thrombose habe und extra deswegen Blutverd\u00fcnner einnehmen muss, kann der Port auch fr\u00fcher entfernt werden. Ich war sehr oft am \u00dcberlegen, ob diese Entscheidung richtig sein wird, aber ich m\u00f6chte gern die Medikamente wieder absetzen und ebenfalls auch den Armthrombosestrumpf loswerden. Meine \u00c4rztin nimmt direkt R\u00fccksprache mit den Gef\u00e4\u00dfchirurgen im Haus und fragt, ob ich dort vorher noch einmal vorstellig werden m\u00fcsste. Dies wurde verneint. Ich setze also zwei Tage vor der Operation die Blutverd\u00fcnner ab, muss mich auch diesmal nicht spritzen. Nach der OP werde ich noch im Krankenhaus ein Gespr\u00e4ch mit einem Gef\u00e4\u00dfchirurgen haben, um zu erfahren, wie es weitergeht. Das Ende meiner Akuttherapie ist nun also zum Greifen nah. <\/p>\n\n\n\n<p>In knapp zwei Wochen ist die Operation, an einem Dienstag. Der Montag davor wird ein &#8222;Marathon&#8220;, denn an diesem Tag werden alle Vorgespr\u00e4che gef\u00fchrt und die Patientenaufnahme erfolgt. Meine \u00c4rztin wies mich dezent darauf hin, f\u00fcr diesen Tag sehr viel Zeit einzuplanen, eventuell ein Buch mitzunehmen und Essen und Trinken einzupacken. An diesem Tag muss in der Nuklearmedizin der W\u00e4chterlymphknoten mit einem radioaktiven Mittel f\u00fcr die OP markiert werden. Da es in der Hochtaunusklinik aber keine Nuklearmedizin mehr gibt, muss ich in die Uniklinik nach Frankfurt. Ich werde also mit einem Taxi von einer Klinik in die n\u00e4chste gefahren, um diese Markierung vornehmen zu lassen. Die einfache Strecke dorthin betr\u00e4gt 22 Kilometer, aber die Uniklinik liegt mitten in Frankfurt. Zum Gl\u00fcck muss ich nicht selbst fahren, sondern werde gefahren und muss auch keinen Parkplatz suchen. Somit werde ich also meinen 53igsten Geburtstag mit der OP-Vorbereitung verbringen. Mal schauen, ob an dem Tag irgendjemand in den Kliniken auf mein Geburtsdatum schaut. Prinzipiell finde ich es nicht schlimm, denn wir feiern die Geburtstage nicht sonderlich und schon gar nicht an einem Wochentag. <\/p>\n\n\n\n<p>Am OP-Tag selbst wird morgens in der Radiologie noch eine Markierung f\u00fcr den <a href=\"https:\/\/www.krebsinformationsdienst.de\/aktuelles\/detail\/was-ist-mikrokalk\" target=\"_blank\" rel=\"noreferrer noopener\">Mikrokalk<\/a> mit einem Draht gesetzt, der in der letzten Mammographie festgestellt wurde. Dieser muss entfernt und begutachtet werden, da es sich auch hier um eine Vorstufe von Krebs handeln k\u00f6nnte. Davon geht die \u00c4rztin aber erst einmal nicht aus. Wenn alles gut verl\u00e4uft, kann ich am Folgetag die Klinik wieder verlassen. F\u00fcr die OP muss ich mir noch einen Kompressions-BH im Sanit\u00e4tshaus besorgen, das Rezept daf\u00fcr gibt mir die \u00c4rztin direkt mit. Diesen BH muss ich dann Tag und Nacht f\u00fcr mindestens vier Wochen tragen. Er dient nicht dazu, die Kompression auf die Brust selbst zu geben, sondern die Wundheilung zu unterst\u00fctzen. Na dann schauen wir mal. Mit vielen Zetteln und Informationen zur Operation verlasse ich nach fast einer Stunde das Brustzentrum. Angst habe ich keine davor, aber es ist in kurzer Zeit ein erneuter Eingriff in den Organismus und jede OP birgt ein Risiko. <\/p>\n\n\n\n<p><\/p>\n","protected":false},"excerpt":{"rendered":"<p class=\"text-justify\">Die letzte Woche war wieder gepr\u00e4gt von Arztbesuchen. Am Dienstag war mein Nachsorgetermin in der Strahlentherapie. Die Strahlen\u00e4rztin ist sehr zufrieden mit [&hellip;]<\/p>\n","protected":false},"author":1,"featured_media":57,"comment_status":"closed","ping_status":"open","sticky":false,"template":"","format":"standard","meta":{"footnotes":""},"categories":[1],"tags":[28,2,16,152,18,27],"class_list":["post-1187","post","type-post","status-publish","format-standard","has-post-thumbnail","hentry","category-allgemein","tag-bestrahlung","tag-brustkrebs","tag-mentale-staerke","tag-nachsorge","tag-nebenwirkungen","tag-strahlentherapie"],"yoast_head":"<!-- This site is optimized with the Yoast SEO plugin v24.1 - https:\/\/yoast.com\/wordpress\/plugins\/seo\/ -->\n<title>Nachsorge &amp; Vorbesprechung - einfach.zufrieden.sein.<\/title>\n<meta name=\"description\" content=\"Der erste Nachsorgetermin in der Strahlentherapie stand an. Sch\u00f6n, wenn alles in Ordnung ist. In drei Monaten muss ich wieder hin.\" \/>\n<meta name=\"robots\" content=\"index, follow, max-snippet:-1, max-image-preview:large, max-video-preview:-1\" \/>\n<link rel=\"canonical\" href=\"https:\/\/einfachzufriedensein.de\/?p=1187\" \/>\n<meta property=\"og:locale\" content=\"de_DE\" \/>\n<meta property=\"og:type\" content=\"article\" \/>\n<meta property=\"og:title\" content=\"Nachsorge &amp; Vorbesprechung - einfach.zufrieden.sein.\" \/>\n<meta property=\"og:description\" content=\"Der erste Nachsorgetermin in der Strahlentherapie stand an. Sch\u00f6n, wenn alles in Ordnung ist. In drei Monaten muss ich wieder hin.\" \/>\n<meta property=\"og:url\" content=\"https:\/\/einfachzufriedensein.de\/?p=1187\" \/>\n<meta property=\"og:site_name\" content=\"einfach.zufrieden.sein.\" \/>\n<meta property=\"article:published_time\" content=\"2025-07-13T18:22:53+00:00\" \/>\n<meta property=\"article:modified_time\" content=\"2025-07-13T18:22:55+00:00\" \/>\n<meta property=\"og:image\" content=\"https:\/\/einfachzufriedensein.de\/wp-content\/uploads\/2024\/10\/einfach.-zufrieden.-sein-2.png\" \/>\n\t<meta property=\"og:image:width\" content=\"500\" \/>\n\t<meta property=\"og:image:height\" content=\"500\" \/>\n\t<meta property=\"og:image:type\" content=\"image\/png\" \/>\n<meta name=\"author\" content=\"sfiedler\" \/>\n<meta name=\"twitter:card\" content=\"summary_large_image\" \/>\n<meta name=\"twitter:label1\" content=\"Verfasst von\" \/>\n\t<meta name=\"twitter:data1\" content=\"sfiedler\" \/>\n\t<meta name=\"twitter:label2\" content=\"Gesch\u00e4tzte Lesezeit\" \/>\n\t<meta name=\"twitter:data2\" content=\"5\u00a0Minuten\" \/>\n<script type=\"application\/ld+json\" class=\"yoast-schema-graph\">{\"@context\":\"https:\/\/schema.org\",\"@graph\":[{\"@type\":\"Article\",\"@id\":\"https:\/\/einfachzufriedensein.de\/?p=1187#article\",\"isPartOf\":{\"@id\":\"https:\/\/einfachzufriedensein.de\/?p=1187\"},\"author\":{\"name\":\"sfiedler\",\"@id\":\"https:\/\/einfachzufriedensein.de\/#\/schema\/person\/1c305a44404a7ae00e2ad15fb51bb53c\"},\"headline\":\"Nachsorge &amp; Vorbesprechung\",\"datePublished\":\"2025-07-13T18:22:53+00:00\",\"dateModified\":\"2025-07-13T18:22:55+00:00\",\"mainEntityOfPage\":{\"@id\":\"https:\/\/einfachzufriedensein.de\/?p=1187\"},\"wordCount\":908,\"publisher\":{\"@id\":\"https:\/\/einfachzufriedensein.de\/#\/schema\/person\/1c305a44404a7ae00e2ad15fb51bb53c\"},\"image\":{\"@id\":\"https:\/\/einfachzufriedensein.de\/?p=1187#primaryimage\"},\"thumbnailUrl\":\"https:\/\/einfachzufriedensein.de\/wp-content\/uploads\/2024\/10\/einfach.-zufrieden.-sein-2.png\",\"keywords\":[\"Bestrahlung\",\"Brustkrebs\",\"mentale St\u00e4rke\",\"Nachsorge\",\"Nebenwirkungen\",\"Strahlentherapie\"],\"inLanguage\":\"de\"},{\"@type\":\"WebPage\",\"@id\":\"https:\/\/einfachzufriedensein.de\/?p=1187\",\"url\":\"https:\/\/einfachzufriedensein.de\/?p=1187\",\"name\":\"Nachsorge &amp; Vorbesprechung - einfach.zufrieden.sein.\",\"isPartOf\":{\"@id\":\"https:\/\/einfachzufriedensein.de\/#website\"},\"primaryImageOfPage\":{\"@id\":\"https:\/\/einfachzufriedensein.de\/?p=1187#primaryimage\"},\"image\":{\"@id\":\"https:\/\/einfachzufriedensein.de\/?p=1187#primaryimage\"},\"thumbnailUrl\":\"https:\/\/einfachzufriedensein.de\/wp-content\/uploads\/2024\/10\/einfach.-zufrieden.-sein-2.png\",\"datePublished\":\"2025-07-13T18:22:53+00:00\",\"dateModified\":\"2025-07-13T18:22:55+00:00\",\"description\":\"Der erste Nachsorgetermin in der Strahlentherapie stand an. Sch\u00f6n, wenn alles in Ordnung ist. In drei Monaten muss ich wieder hin.\",\"breadcrumb\":{\"@id\":\"https:\/\/einfachzufriedensein.de\/?p=1187#breadcrumb\"},\"inLanguage\":\"de\",\"potentialAction\":[{\"@type\":\"ReadAction\",\"target\":[\"https:\/\/einfachzufriedensein.de\/?p=1187\"]}]},{\"@type\":\"ImageObject\",\"inLanguage\":\"de\",\"@id\":\"https:\/\/einfachzufriedensein.de\/?p=1187#primaryimage\",\"url\":\"https:\/\/einfachzufriedensein.de\/wp-content\/uploads\/2024\/10\/einfach.-zufrieden.-sein-2.png\",\"contentUrl\":\"https:\/\/einfachzufriedensein.de\/wp-content\/uploads\/2024\/10\/einfach.-zufrieden.-sein-2.png\",\"width\":500,\"height\":500},{\"@type\":\"BreadcrumbList\",\"@id\":\"https:\/\/einfachzufriedensein.de\/?p=1187#breadcrumb\",\"itemListElement\":[{\"@type\":\"ListItem\",\"position\":1,\"name\":\"Startseite\",\"item\":\"https:\/\/einfachzufriedensein.de\/\"},{\"@type\":\"ListItem\",\"position\":2,\"name\":\"Nachsorge &amp; Vorbesprechung\"}]},{\"@type\":\"WebSite\",\"@id\":\"https:\/\/einfachzufriedensein.de\/#website\",\"url\":\"https:\/\/einfachzufriedensein.de\/\",\"name\":\"einfach.zufrieden.sein.\",\"description\":\"Der Brustkrebs &amp; ich  - das Tagebuch einer Brustkrebspatientin\",\"publisher\":{\"@id\":\"https:\/\/einfachzufriedensein.de\/#\/schema\/person\/1c305a44404a7ae00e2ad15fb51bb53c\"},\"potentialAction\":[{\"@type\":\"SearchAction\",\"target\":{\"@type\":\"EntryPoint\",\"urlTemplate\":\"https:\/\/einfachzufriedensein.de\/?s={search_term_string}\"},\"query-input\":{\"@type\":\"PropertyValueSpecification\",\"valueRequired\":true,\"valueName\":\"search_term_string\"}}],\"inLanguage\":\"de\"},{\"@type\":[\"Person\",\"Organization\"],\"@id\":\"https:\/\/einfachzufriedensein.de\/#\/schema\/person\/1c305a44404a7ae00e2ad15fb51bb53c\",\"name\":\"sfiedler\",\"image\":{\"@type\":\"ImageObject\",\"inLanguage\":\"de\",\"@id\":\"https:\/\/einfachzufriedensein.de\/#\/schema\/person\/image\/\",\"url\":\"https:\/\/einfachzufriedensein.de\/wp-content\/uploads\/2024\/10\/IMG20240928112843-scaled.jpg\",\"contentUrl\":\"https:\/\/einfachzufriedensein.de\/wp-content\/uploads\/2024\/10\/IMG20240928112843-scaled.jpg\",\"width\":1927,\"height\":2560,\"caption\":\"sfiedler\"},\"logo\":{\"@id\":\"https:\/\/einfachzufriedensein.de\/#\/schema\/person\/image\/\"},\"sameAs\":[\"https:\/\/einfachzufriedensein.de\"],\"url\":\"https:\/\/einfachzufriedensein.de\/?author=1\"}]}<\/script>\n<!-- \/ Yoast SEO plugin. -->","yoast_head_json":{"title":"Nachsorge &amp; Vorbesprechung - einfach.zufrieden.sein.","description":"Der erste Nachsorgetermin in der Strahlentherapie stand an. Sch\u00f6n, wenn alles in Ordnung ist. In drei Monaten muss ich wieder hin.","robots":{"index":"index","follow":"follow","max-snippet":"max-snippet:-1","max-image-preview":"max-image-preview:large","max-video-preview":"max-video-preview:-1"},"canonical":"https:\/\/einfachzufriedensein.de\/?p=1187","og_locale":"de_DE","og_type":"article","og_title":"Nachsorge &amp; Vorbesprechung - einfach.zufrieden.sein.","og_description":"Der erste Nachsorgetermin in der Strahlentherapie stand an. Sch\u00f6n, wenn alles in Ordnung ist. In drei Monaten muss ich wieder hin.","og_url":"https:\/\/einfachzufriedensein.de\/?p=1187","og_site_name":"einfach.zufrieden.sein.","article_published_time":"2025-07-13T18:22:53+00:00","article_modified_time":"2025-07-13T18:22:55+00:00","og_image":[{"width":500,"height":500,"url":"https:\/\/einfachzufriedensein.de\/wp-content\/uploads\/2024\/10\/einfach.-zufrieden.-sein-2.png","type":"image\/png"}],"author":"sfiedler","twitter_card":"summary_large_image","twitter_misc":{"Verfasst von":"sfiedler","Gesch\u00e4tzte Lesezeit":"5\u00a0Minuten"},"schema":{"@context":"https:\/\/schema.org","@graph":[{"@type":"Article","@id":"https:\/\/einfachzufriedensein.de\/?p=1187#article","isPartOf":{"@id":"https:\/\/einfachzufriedensein.de\/?p=1187"},"author":{"name":"sfiedler","@id":"https:\/\/einfachzufriedensein.de\/#\/schema\/person\/1c305a44404a7ae00e2ad15fb51bb53c"},"headline":"Nachsorge &amp; Vorbesprechung","datePublished":"2025-07-13T18:22:53+00:00","dateModified":"2025-07-13T18:22:55+00:00","mainEntityOfPage":{"@id":"https:\/\/einfachzufriedensein.de\/?p=1187"},"wordCount":908,"publisher":{"@id":"https:\/\/einfachzufriedensein.de\/#\/schema\/person\/1c305a44404a7ae00e2ad15fb51bb53c"},"image":{"@id":"https:\/\/einfachzufriedensein.de\/?p=1187#primaryimage"},"thumbnailUrl":"https:\/\/einfachzufriedensein.de\/wp-content\/uploads\/2024\/10\/einfach.-zufrieden.-sein-2.png","keywords":["Bestrahlung","Brustkrebs","mentale St\u00e4rke","Nachsorge","Nebenwirkungen","Strahlentherapie"],"inLanguage":"de"},{"@type":"WebPage","@id":"https:\/\/einfachzufriedensein.de\/?p=1187","url":"https:\/\/einfachzufriedensein.de\/?p=1187","name":"Nachsorge &amp; Vorbesprechung - einfach.zufrieden.sein.","isPartOf":{"@id":"https:\/\/einfachzufriedensein.de\/#website"},"primaryImageOfPage":{"@id":"https:\/\/einfachzufriedensein.de\/?p=1187#primaryimage"},"image":{"@id":"https:\/\/einfachzufriedensein.de\/?p=1187#primaryimage"},"thumbnailUrl":"https:\/\/einfachzufriedensein.de\/wp-content\/uploads\/2024\/10\/einfach.-zufrieden.-sein-2.png","datePublished":"2025-07-13T18:22:53+00:00","dateModified":"2025-07-13T18:22:55+00:00","description":"Der erste Nachsorgetermin in der Strahlentherapie stand an. Sch\u00f6n, wenn alles in Ordnung ist. In drei Monaten muss ich wieder hin.","breadcrumb":{"@id":"https:\/\/einfachzufriedensein.de\/?p=1187#breadcrumb"},"inLanguage":"de","potentialAction":[{"@type":"ReadAction","target":["https:\/\/einfachzufriedensein.de\/?p=1187"]}]},{"@type":"ImageObject","inLanguage":"de","@id":"https:\/\/einfachzufriedensein.de\/?p=1187#primaryimage","url":"https:\/\/einfachzufriedensein.de\/wp-content\/uploads\/2024\/10\/einfach.-zufrieden.-sein-2.png","contentUrl":"https:\/\/einfachzufriedensein.de\/wp-content\/uploads\/2024\/10\/einfach.-zufrieden.-sein-2.png","width":500,"height":500},{"@type":"BreadcrumbList","@id":"https:\/\/einfachzufriedensein.de\/?p=1187#breadcrumb","itemListElement":[{"@type":"ListItem","position":1,"name":"Startseite","item":"https:\/\/einfachzufriedensein.de\/"},{"@type":"ListItem","position":2,"name":"Nachsorge &amp; Vorbesprechung"}]},{"@type":"WebSite","@id":"https:\/\/einfachzufriedensein.de\/#website","url":"https:\/\/einfachzufriedensein.de\/","name":"einfach.zufrieden.sein.","description":"Der Brustkrebs &amp; ich  - das Tagebuch einer Brustkrebspatientin","publisher":{"@id":"https:\/\/einfachzufriedensein.de\/#\/schema\/person\/1c305a44404a7ae00e2ad15fb51bb53c"},"potentialAction":[{"@type":"SearchAction","target":{"@type":"EntryPoint","urlTemplate":"https:\/\/einfachzufriedensein.de\/?s={search_term_string}"},"query-input":{"@type":"PropertyValueSpecification","valueRequired":true,"valueName":"search_term_string"}}],"inLanguage":"de"},{"@type":["Person","Organization"],"@id":"https:\/\/einfachzufriedensein.de\/#\/schema\/person\/1c305a44404a7ae00e2ad15fb51bb53c","name":"sfiedler","image":{"@type":"ImageObject","inLanguage":"de","@id":"https:\/\/einfachzufriedensein.de\/#\/schema\/person\/image\/","url":"https:\/\/einfachzufriedensein.de\/wp-content\/uploads\/2024\/10\/IMG20240928112843-scaled.jpg","contentUrl":"https:\/\/einfachzufriedensein.de\/wp-content\/uploads\/2024\/10\/IMG20240928112843-scaled.jpg","width":1927,"height":2560,"caption":"sfiedler"},"logo":{"@id":"https:\/\/einfachzufriedensein.de\/#\/schema\/person\/image\/"},"sameAs":["https:\/\/einfachzufriedensein.de"],"url":"https:\/\/einfachzufriedensein.de\/?author=1"}]}},"_links":{"self":[{"href":"https:\/\/einfachzufriedensein.de\/index.php?rest_route=\/wp\/v2\/posts\/1187","targetHints":{"allow":["GET"]}}],"collection":[{"href":"https:\/\/einfachzufriedensein.de\/index.php?rest_route=\/wp\/v2\/posts"}],"about":[{"href":"https:\/\/einfachzufriedensein.de\/index.php?rest_route=\/wp\/v2\/types\/post"}],"author":[{"embeddable":true,"href":"https:\/\/einfachzufriedensein.de\/index.php?rest_route=\/wp\/v2\/users\/1"}],"replies":[{"embeddable":true,"href":"https:\/\/einfachzufriedensein.de\/index.php?rest_route=%2Fwp%2Fv2%2Fcomments&post=1187"}],"version-history":[{"count":3,"href":"https:\/\/einfachzufriedensein.de\/index.php?rest_route=\/wp\/v2\/posts\/1187\/revisions"}],"predecessor-version":[{"id":1190,"href":"https:\/\/einfachzufriedensein.de\/index.php?rest_route=\/wp\/v2\/posts\/1187\/revisions\/1190"}],"wp:featuredmedia":[{"embeddable":true,"href":"https:\/\/einfachzufriedensein.de\/index.php?rest_route=\/wp\/v2\/media\/57"}],"wp:attachment":[{"href":"https:\/\/einfachzufriedensein.de\/index.php?rest_route=%2Fwp%2Fv2%2Fmedia&parent=1187"}],"wp:term":[{"taxonomy":"category","embeddable":true,"href":"https:\/\/einfachzufriedensein.de\/index.php?rest_route=%2Fwp%2Fv2%2Fcategories&post=1187"},{"taxonomy":"post_tag","embeddable":true,"href":"https:\/\/einfachzufriedensein.de\/index.php?rest_route=%2Fwp%2Fv2%2Ftags&post=1187"}],"curies":[{"name":"wp","href":"https:\/\/api.w.org\/{rel}","templated":true}]}}