{"id":1131,"date":"2025-06-13T22:10:01","date_gmt":"2025-06-13T20:10:01","guid":{"rendered":"https:\/\/einfachzufriedensein.de\/?p=1131"},"modified":"2025-06-13T22:10:03","modified_gmt":"2025-06-13T20:10:03","slug":"woche-zwei-vorbei","status":"publish","type":"post","link":"https:\/\/einfachzufriedensein.de\/?p=1131","title":{"rendered":"Woche zwei &#8211; VORBEI"},"content":{"rendered":"\n<p>Zwei Wochen &#8211; insgesamt neun Tage mit neun Bestrahlungen und 800 gefahrene Kilometer liegen hinter mir. Nur noch sechs Bestrahlungen und dann habe ich die zweite Etappe der Akuttherapie geschafft. Vor der t\u00e4glichen Fahrerei in die Klinik hatte ich etwas Bammel, aber es ist gar nicht so schlimm. Und ich f\u00fchle mich so gut, dass ich ganz allein fahren kann. Ich habe noch immer keine Nebenwirkungen, die Haut der bestrahlten Brust sieht gut aus und auch sonst leide ich nicht unter erh\u00f6hter M\u00fcdigkeit oder Energieverlust. Das kann jetzt gern so bleiben. Eines vermisse ich aber bei der Strahlentherapie. Es sind die Begegnungen mit anderen Patienten. Man hat kaum Wartezeiten, was nat\u00fcrlich extrem super ist, aber dadurch sind im Wartezimmer kaum mehr als zwei Menschen zur gleichen Zeit. Und man sitzt nicht lange. In dieser Woche habe ich es sogar geschafft, innerhalb der drei\u00dfig Minuten f\u00fcr das kostenfreie Parken im Parkhaus zu bleiben. Selbst mit den unendlich langen Wegen durch die Klinikflure. <\/p>\n\n\n\n<p>Am Dienstag war das kostenfreie Parken bedingt durch meine sp\u00e4te Ankunft in der Klinik, da mein Termin beim Kardiologen diesmal extrem lange dauerte und ich noch einen Fahrtweg von 23 Minuten dazwischen hatte. Somit bin ich ziemlich abgehetzt drei Minuten vor meinem Bestrahlungstermin im Wartebereich der Radioonkologie gelandet. Ich sa\u00df kaum und wurde auch schon aufgerufen. Nach zehn Minuten war ich wieder drau\u00dfen. Auf meinem Nachhauseweg kehrte ich schnell noch beim gro\u00dfen schwedischen M\u00f6belhaus ein, um ein paar Besorgungen zu machen. Nein &#8211; keine Teelichter! Beim Kardiologen hat sich nichts Auff\u00e4lliges ergeben. Das EKG und der Herzultraschall waren ohne Befund. Die Chemotherapie kann als Nebenwirkung Herzrhythmusst\u00f6rungen sowie Bluthochdruck oder Herzrasen verursachen. Deshalb muss ich w\u00e4hrend der Akuttherapie alle drei Monate zur Kontrolle beim Kardiologen vorstellig werden. Dort Termine zu bekommen ist wie ein Sechser im Lotto. Ich habe einige Telefonate w\u00e4hrend meiner Zeit im Wartezimmer mitbekommen, bei denen die Schwestern erst im Januar wieder Termine vergeben k\u00f6nnen. Zum Gl\u00fcck habe ich meinen Termin f\u00fcr September bereits. <\/p>\n\n\n\n<p>In dieser Woche habe ich an einer Online-Selbsthilfegruppe der Frauenselbsthilfe (FSH) teilgenommen. Ich habe keine bestimmten Themen, die mich bewegen, aber ich w\u00fcrde gern mit anderen Patientinnen in den Austausch kommen. Online-Formate finde ich immer sehr interessant, da ich r\u00e4umlich unabh\u00e4ngig teilnehmen kann. Wir waren eine Gruppe von acht Frauen, alle mit ihrer eigenen Krebsgeschichte. Die drei Moderatorinnen der FSH waren klasse. Sie haben gut moderiert und alle Teilnehmerinnen eingebunden. Die Themen und Fragen wurden zu Beginn der anderthalbst\u00fcndigen Session gemeinsam festgelegt und jeder konnte seinen Input dazu geben. Sehr interessant und auch f\u00fcr mich sehr aufschlussreich, ich werde beim n\u00e4chsten Online-Termin wieder dabei sein. Die Gruppe trifft sich einmal im Monat. Von der gleichen Organisation gibt es ebenfalls eine Vor-Ort-Gruppe in Bad Homburg. Vielleicht werde ich auch dort einmal teilnehmen. Die Leitung dieser Gruppe habe ich bereits in der Hochtaunusklinik kennengelernt. <\/p>\n\n\n\n<p>In den sozialen Medien habe ich vor ein paar Tagen einen Post der FSH gesehen mit dem Inhalt <a href=\"https:\/\/www.frauenselbsthilfe-nrw.de\/2024\/06\/17\/gruen-ist-die-hoffnung-gruene-weltpremiere-in-dortmund\/\" target=\"_blank\" rel=\"noreferrer noopener\">Green Hair Day<\/a>. Ein ganz tolles Format, dass die Verbundenheit der Menschen zu Krebspatienten anhand einer gr\u00fcnen Per\u00fccke oder gr\u00fcnen Haarstr\u00e4hne sichtbar machen soll. Auch Patienten selbst k\u00f6nnen daran teilnehmen und dadurch sichtbar werden. Dieser Tag soll j\u00e4hrlich stattfinden und sogar auf ganz Deutschland ausgeweitet werden. Das finde ich eine sehr sch\u00f6ne Idee und ich hoffe, dass viele Kliniken im n\u00e4chsten Jahr daran teilnehmen werden. <\/p>\n\n\n\n<p>Meine Woche war gut gef\u00fcllt mit Terminen, alles rund um meine Erkrankung. Meine Vormittage waren komplett durch die Bestrahlung ausgef\u00fcllt. Die Nachmittage habe ich f\u00fcr mich genutzt &#8211; etwas Gartenarbeit, Hausarbeit und ganz viel Me-Time. Am Donnerstagabend fand wieder der Ern\u00e4hrungsworkshop f\u00fcr Krebspatienten statt. Zehn Frauen, die unter Anleitung gemeinsam kochen, Spa\u00df haben und sich austauschen. Bekannte Gesichter und auch wieder neue Teilnehmerinnen. Und nat\u00fcrlich mit leckerem Essen &#8211; diesmal gab es einen gesunden Smoothie mit Spinat als Aperitif. Zum Hauptgang gab\u00b4s H\u00e4hnchenfilet aus dem Ofen mit Ofenkartoffeln und Fenchelgem\u00fcse. Fenchel ist eigentlich gar nicht mein Fall, aber es war sehr lecker. Der Nachtisch bestand aus griechischem Joghurt mit frischen Feigen und mit Waln\u00fcssen, die mit aufgekochtem Honig \u00fcbergossen wurden. Das war einerseits sehr frisch, nat\u00fcrlich auch s\u00fc\u00df und hat richtig gut geschmeckt. Unser Thema diesmal war: Apetit anregen &amp; Verdauung. Die Rezepte werden mit und von der teilnehmenden \u00c4rztin ausgesucht. Sie gibt w\u00e4hrend des Workshops wertvolle Tipps rund um die Ern\u00e4hrung. Die zweieinhalb Stunden sind wieder wie im Flug vergangen.<\/p>\n\n\n\n<p>Und der Fu\u00df? L\u00e4uft. Das Sprunggelenk ist noch etwas geschwollen. Ich versuche das Bein so oft wie m\u00f6glich hochzulegen und zu k\u00fchlen. Schmerzen habe ich keine mehr, aber die hundertprozentige Beweglichkeit ist noch nicht wieder hergestellt. Das braucht noch eine Weile. Aber das Laufen, vor allem endlich freih\u00e4ndig Treppen laufen, klappt sehr gut. In der Klinik nutze ich keinen Fahrstuhl mehr, sondern nehme die Treppe, um ins Untergeschoss zur Radioonkologie zu gelangen. <\/p>\n\n\n\n<p> <img loading=\"lazy\" decoding=\"async\" width=\"450\" height=\"338\" class=\"wp-image-1137\" style=\"width: 450px;\" src=\"https:\/\/einfachzufriedensein.de\/wp-content\/uploads\/2025\/06\/IMG20250611103522-EDIT-scaled.jpg\" alt=\"\" srcset=\"https:\/\/einfachzufriedensein.de\/wp-content\/uploads\/2025\/06\/IMG20250611103522-EDIT-scaled.jpg 2560w, https:\/\/einfachzufriedensein.de\/wp-content\/uploads\/2025\/06\/IMG20250611103522-EDIT-300x225.jpg 300w, https:\/\/einfachzufriedensein.de\/wp-content\/uploads\/2025\/06\/IMG20250611103522-EDIT-1024x768.jpg 1024w, https:\/\/einfachzufriedensein.de\/wp-content\/uploads\/2025\/06\/IMG20250611103522-EDIT-768x576.jpg 768w, https:\/\/einfachzufriedensein.de\/wp-content\/uploads\/2025\/06\/IMG20250611103522-EDIT-1536x1152.jpg 1536w, https:\/\/einfachzufriedensein.de\/wp-content\/uploads\/2025\/06\/IMG20250611103522-EDIT-2048x1536.jpg 2048w\" sizes=\"auto, (max-width: 450px) 100vw, 450px\" \/><img loading=\"lazy\" decoding=\"async\" width=\"350\" height=\"350\" class=\"wp-image-1138\" style=\"width: 350px;\" src=\"https:\/\/einfachzufriedensein.de\/wp-content\/uploads\/2025\/06\/IMG20250612191047-COLLAGE.jpg\" alt=\"\" srcset=\"https:\/\/einfachzufriedensein.de\/wp-content\/uploads\/2025\/06\/IMG20250612191047-COLLAGE.jpg 2046w, https:\/\/einfachzufriedensein.de\/wp-content\/uploads\/2025\/06\/IMG20250612191047-COLLAGE-300x300.jpg 300w, https:\/\/einfachzufriedensein.de\/wp-content\/uploads\/2025\/06\/IMG20250612191047-COLLAGE-1024x1024.jpg 1024w, https:\/\/einfachzufriedensein.de\/wp-content\/uploads\/2025\/06\/IMG20250612191047-COLLAGE-150x150.jpg 150w, https:\/\/einfachzufriedensein.de\/wp-content\/uploads\/2025\/06\/IMG20250612191047-COLLAGE-768x768.jpg 768w, https:\/\/einfachzufriedensein.de\/wp-content\/uploads\/2025\/06\/IMG20250612191047-COLLAGE-1536x1536.jpg 1536w\" sizes=\"auto, (max-width: 350px) 100vw, 350px\" \/><\/p>\n\n\n\n<p><\/p>\n","protected":false},"excerpt":{"rendered":"<p class=\"text-justify\">Zwei Wochen &#8211; insgesamt neun Tage mit neun Bestrahlungen und 800 gefahrene Kilometer liegen hinter mir. Nur noch sechs Bestrahlungen und dann [&hellip;]<\/p>\n","protected":false},"author":1,"featured_media":57,"comment_status":"closed","ping_status":"open","sticky":false,"template":"","format":"standard","meta":{"footnotes":""},"categories":[1],"tags":[28,2,57,147,16,18,27],"class_list":["post-1131","post","type-post","status-publish","format-standard","has-post-thumbnail","hentry","category-allgemein","tag-bestrahlung","tag-brustkrebs","tag-ernaehrung","tag-ernaehrungsworkshop","tag-mentale-staerke","tag-nebenwirkungen","tag-strahlentherapie"],"yoast_head":"<!-- This site is optimized with the Yoast SEO plugin v24.1 - https:\/\/yoast.com\/wordpress\/plugins\/seo\/ -->\n<title>Woche zwei - VORBEI - einfach.zufrieden.sein.<\/title>\n<meta name=\"description\" content=\"Zwei Wochen Strahlentherapie liegen hinter mir. Die zweite Etappe meiner Akuttherapie im Kampf gegen den Krebs ist bald abgeschlossen.\" \/>\n<meta name=\"robots\" content=\"index, follow, max-snippet:-1, max-image-preview:large, max-video-preview:-1\" \/>\n<link rel=\"canonical\" href=\"https:\/\/einfachzufriedensein.de\/?p=1131\" \/>\n<meta property=\"og:locale\" content=\"de_DE\" \/>\n<meta property=\"og:type\" content=\"article\" \/>\n<meta property=\"og:title\" content=\"Woche zwei - VORBEI - einfach.zufrieden.sein.\" \/>\n<meta property=\"og:description\" content=\"Zwei Wochen Strahlentherapie liegen hinter mir. Die zweite Etappe meiner Akuttherapie im Kampf gegen den Krebs ist bald abgeschlossen.\" \/>\n<meta property=\"og:url\" content=\"https:\/\/einfachzufriedensein.de\/?p=1131\" \/>\n<meta property=\"og:site_name\" content=\"einfach.zufrieden.sein.\" \/>\n<meta property=\"article:published_time\" content=\"2025-06-13T20:10:01+00:00\" \/>\n<meta property=\"article:modified_time\" content=\"2025-06-13T20:10:03+00:00\" \/>\n<meta property=\"og:image\" content=\"https:\/\/einfachzufriedensein.de\/wp-content\/uploads\/2024\/10\/einfach.-zufrieden.-sein-2.png\" \/>\n\t<meta property=\"og:image:width\" content=\"500\" \/>\n\t<meta property=\"og:image:height\" content=\"500\" \/>\n\t<meta property=\"og:image:type\" content=\"image\/png\" \/>\n<meta name=\"author\" content=\"sfiedler\" \/>\n<meta name=\"twitter:card\" content=\"summary_large_image\" \/>\n<meta name=\"twitter:label1\" content=\"Verfasst von\" \/>\n\t<meta name=\"twitter:data1\" content=\"sfiedler\" \/>\n\t<meta name=\"twitter:label2\" content=\"Gesch\u00e4tzte Lesezeit\" \/>\n\t<meta name=\"twitter:data2\" content=\"6\u00a0Minuten\" \/>\n<script type=\"application\/ld+json\" class=\"yoast-schema-graph\">{\"@context\":\"https:\/\/schema.org\",\"@graph\":[{\"@type\":\"Article\",\"@id\":\"https:\/\/einfachzufriedensein.de\/?p=1131#article\",\"isPartOf\":{\"@id\":\"https:\/\/einfachzufriedensein.de\/?p=1131\"},\"author\":{\"name\":\"sfiedler\",\"@id\":\"https:\/\/einfachzufriedensein.de\/#\/schema\/person\/1c305a44404a7ae00e2ad15fb51bb53c\"},\"headline\":\"Woche zwei &#8211; VORBEI\",\"datePublished\":\"2025-06-13T20:10:01+00:00\",\"dateModified\":\"2025-06-13T20:10:03+00:00\",\"mainEntityOfPage\":{\"@id\":\"https:\/\/einfachzufriedensein.de\/?p=1131\"},\"wordCount\":846,\"publisher\":{\"@id\":\"https:\/\/einfachzufriedensein.de\/#\/schema\/person\/1c305a44404a7ae00e2ad15fb51bb53c\"},\"image\":{\"@id\":\"https:\/\/einfachzufriedensein.de\/?p=1131#primaryimage\"},\"thumbnailUrl\":\"https:\/\/einfachzufriedensein.de\/wp-content\/uploads\/2024\/10\/einfach.-zufrieden.-sein-2.png\",\"keywords\":[\"Bestrahlung\",\"Brustkrebs\",\"Ern\u00e4hrung\",\"Ern\u00e4hrungsworkshop\",\"mentale St\u00e4rke\",\"Nebenwirkungen\",\"Strahlentherapie\"],\"inLanguage\":\"de\"},{\"@type\":\"WebPage\",\"@id\":\"https:\/\/einfachzufriedensein.de\/?p=1131\",\"url\":\"https:\/\/einfachzufriedensein.de\/?p=1131\",\"name\":\"Woche zwei - VORBEI - einfach.zufrieden.sein.\",\"isPartOf\":{\"@id\":\"https:\/\/einfachzufriedensein.de\/#website\"},\"primaryImageOfPage\":{\"@id\":\"https:\/\/einfachzufriedensein.de\/?p=1131#primaryimage\"},\"image\":{\"@id\":\"https:\/\/einfachzufriedensein.de\/?p=1131#primaryimage\"},\"thumbnailUrl\":\"https:\/\/einfachzufriedensein.de\/wp-content\/uploads\/2024\/10\/einfach.-zufrieden.-sein-2.png\",\"datePublished\":\"2025-06-13T20:10:01+00:00\",\"dateModified\":\"2025-06-13T20:10:03+00:00\",\"description\":\"Zwei Wochen Strahlentherapie liegen hinter mir. Die zweite Etappe meiner Akuttherapie im Kampf gegen den Krebs ist bald abgeschlossen.\",\"breadcrumb\":{\"@id\":\"https:\/\/einfachzufriedensein.de\/?p=1131#breadcrumb\"},\"inLanguage\":\"de\",\"potentialAction\":[{\"@type\":\"ReadAction\",\"target\":[\"https:\/\/einfachzufriedensein.de\/?p=1131\"]}]},{\"@type\":\"ImageObject\",\"inLanguage\":\"de\",\"@id\":\"https:\/\/einfachzufriedensein.de\/?p=1131#primaryimage\",\"url\":\"https:\/\/einfachzufriedensein.de\/wp-content\/uploads\/2024\/10\/einfach.-zufrieden.-sein-2.png\",\"contentUrl\":\"https:\/\/einfachzufriedensein.de\/wp-content\/uploads\/2024\/10\/einfach.-zufrieden.-sein-2.png\",\"width\":500,\"height\":500},{\"@type\":\"BreadcrumbList\",\"@id\":\"https:\/\/einfachzufriedensein.de\/?p=1131#breadcrumb\",\"itemListElement\":[{\"@type\":\"ListItem\",\"position\":1,\"name\":\"Startseite\",\"item\":\"https:\/\/einfachzufriedensein.de\/\"},{\"@type\":\"ListItem\",\"position\":2,\"name\":\"Woche zwei &#8211; VORBEI\"}]},{\"@type\":\"WebSite\",\"@id\":\"https:\/\/einfachzufriedensein.de\/#website\",\"url\":\"https:\/\/einfachzufriedensein.de\/\",\"name\":\"einfach.zufrieden.sein.\",\"description\":\"Der Brustkrebs &amp; ich  - das Tagebuch einer Brustkrebspatientin\",\"publisher\":{\"@id\":\"https:\/\/einfachzufriedensein.de\/#\/schema\/person\/1c305a44404a7ae00e2ad15fb51bb53c\"},\"potentialAction\":[{\"@type\":\"SearchAction\",\"target\":{\"@type\":\"EntryPoint\",\"urlTemplate\":\"https:\/\/einfachzufriedensein.de\/?s={search_term_string}\"},\"query-input\":{\"@type\":\"PropertyValueSpecification\",\"valueRequired\":true,\"valueName\":\"search_term_string\"}}],\"inLanguage\":\"de\"},{\"@type\":[\"Person\",\"Organization\"],\"@id\":\"https:\/\/einfachzufriedensein.de\/#\/schema\/person\/1c305a44404a7ae00e2ad15fb51bb53c\",\"name\":\"sfiedler\",\"image\":{\"@type\":\"ImageObject\",\"inLanguage\":\"de\",\"@id\":\"https:\/\/einfachzufriedensein.de\/#\/schema\/person\/image\/\",\"url\":\"https:\/\/einfachzufriedensein.de\/wp-content\/uploads\/2024\/10\/IMG20240928112843-scaled.jpg\",\"contentUrl\":\"https:\/\/einfachzufriedensein.de\/wp-content\/uploads\/2024\/10\/IMG20240928112843-scaled.jpg\",\"width\":1927,\"height\":2560,\"caption\":\"sfiedler\"},\"logo\":{\"@id\":\"https:\/\/einfachzufriedensein.de\/#\/schema\/person\/image\/\"},\"sameAs\":[\"https:\/\/einfachzufriedensein.de\"],\"url\":\"https:\/\/einfachzufriedensein.de\/?author=1\"}]}<\/script>\n<!-- \/ Yoast SEO plugin. -->","yoast_head_json":{"title":"Woche zwei - VORBEI - einfach.zufrieden.sein.","description":"Zwei Wochen Strahlentherapie liegen hinter mir. Die zweite Etappe meiner Akuttherapie im Kampf gegen den Krebs ist bald abgeschlossen.","robots":{"index":"index","follow":"follow","max-snippet":"max-snippet:-1","max-image-preview":"max-image-preview:large","max-video-preview":"max-video-preview:-1"},"canonical":"https:\/\/einfachzufriedensein.de\/?p=1131","og_locale":"de_DE","og_type":"article","og_title":"Woche zwei - VORBEI - einfach.zufrieden.sein.","og_description":"Zwei Wochen Strahlentherapie liegen hinter mir. Die zweite Etappe meiner Akuttherapie im Kampf gegen den Krebs ist bald abgeschlossen.","og_url":"https:\/\/einfachzufriedensein.de\/?p=1131","og_site_name":"einfach.zufrieden.sein.","article_published_time":"2025-06-13T20:10:01+00:00","article_modified_time":"2025-06-13T20:10:03+00:00","og_image":[{"width":500,"height":500,"url":"https:\/\/einfachzufriedensein.de\/wp-content\/uploads\/2024\/10\/einfach.-zufrieden.-sein-2.png","type":"image\/png"}],"author":"sfiedler","twitter_card":"summary_large_image","twitter_misc":{"Verfasst von":"sfiedler","Gesch\u00e4tzte Lesezeit":"6\u00a0Minuten"},"schema":{"@context":"https:\/\/schema.org","@graph":[{"@type":"Article","@id":"https:\/\/einfachzufriedensein.de\/?p=1131#article","isPartOf":{"@id":"https:\/\/einfachzufriedensein.de\/?p=1131"},"author":{"name":"sfiedler","@id":"https:\/\/einfachzufriedensein.de\/#\/schema\/person\/1c305a44404a7ae00e2ad15fb51bb53c"},"headline":"Woche zwei &#8211; VORBEI","datePublished":"2025-06-13T20:10:01+00:00","dateModified":"2025-06-13T20:10:03+00:00","mainEntityOfPage":{"@id":"https:\/\/einfachzufriedensein.de\/?p=1131"},"wordCount":846,"publisher":{"@id":"https:\/\/einfachzufriedensein.de\/#\/schema\/person\/1c305a44404a7ae00e2ad15fb51bb53c"},"image":{"@id":"https:\/\/einfachzufriedensein.de\/?p=1131#primaryimage"},"thumbnailUrl":"https:\/\/einfachzufriedensein.de\/wp-content\/uploads\/2024\/10\/einfach.-zufrieden.-sein-2.png","keywords":["Bestrahlung","Brustkrebs","Ern\u00e4hrung","Ern\u00e4hrungsworkshop","mentale St\u00e4rke","Nebenwirkungen","Strahlentherapie"],"inLanguage":"de"},{"@type":"WebPage","@id":"https:\/\/einfachzufriedensein.de\/?p=1131","url":"https:\/\/einfachzufriedensein.de\/?p=1131","name":"Woche zwei - VORBEI - einfach.zufrieden.sein.","isPartOf":{"@id":"https:\/\/einfachzufriedensein.de\/#website"},"primaryImageOfPage":{"@id":"https:\/\/einfachzufriedensein.de\/?p=1131#primaryimage"},"image":{"@id":"https:\/\/einfachzufriedensein.de\/?p=1131#primaryimage"},"thumbnailUrl":"https:\/\/einfachzufriedensein.de\/wp-content\/uploads\/2024\/10\/einfach.-zufrieden.-sein-2.png","datePublished":"2025-06-13T20:10:01+00:00","dateModified":"2025-06-13T20:10:03+00:00","description":"Zwei Wochen Strahlentherapie liegen hinter mir. Die zweite Etappe meiner Akuttherapie im Kampf gegen den Krebs ist bald abgeschlossen.","breadcrumb":{"@id":"https:\/\/einfachzufriedensein.de\/?p=1131#breadcrumb"},"inLanguage":"de","potentialAction":[{"@type":"ReadAction","target":["https:\/\/einfachzufriedensein.de\/?p=1131"]}]},{"@type":"ImageObject","inLanguage":"de","@id":"https:\/\/einfachzufriedensein.de\/?p=1131#primaryimage","url":"https:\/\/einfachzufriedensein.de\/wp-content\/uploads\/2024\/10\/einfach.-zufrieden.-sein-2.png","contentUrl":"https:\/\/einfachzufriedensein.de\/wp-content\/uploads\/2024\/10\/einfach.-zufrieden.-sein-2.png","width":500,"height":500},{"@type":"BreadcrumbList","@id":"https:\/\/einfachzufriedensein.de\/?p=1131#breadcrumb","itemListElement":[{"@type":"ListItem","position":1,"name":"Startseite","item":"https:\/\/einfachzufriedensein.de\/"},{"@type":"ListItem","position":2,"name":"Woche zwei &#8211; VORBEI"}]},{"@type":"WebSite","@id":"https:\/\/einfachzufriedensein.de\/#website","url":"https:\/\/einfachzufriedensein.de\/","name":"einfach.zufrieden.sein.","description":"Der Brustkrebs &amp; ich  - das Tagebuch einer Brustkrebspatientin","publisher":{"@id":"https:\/\/einfachzufriedensein.de\/#\/schema\/person\/1c305a44404a7ae00e2ad15fb51bb53c"},"potentialAction":[{"@type":"SearchAction","target":{"@type":"EntryPoint","urlTemplate":"https:\/\/einfachzufriedensein.de\/?s={search_term_string}"},"query-input":{"@type":"PropertyValueSpecification","valueRequired":true,"valueName":"search_term_string"}}],"inLanguage":"de"},{"@type":["Person","Organization"],"@id":"https:\/\/einfachzufriedensein.de\/#\/schema\/person\/1c305a44404a7ae00e2ad15fb51bb53c","name":"sfiedler","image":{"@type":"ImageObject","inLanguage":"de","@id":"https:\/\/einfachzufriedensein.de\/#\/schema\/person\/image\/","url":"https:\/\/einfachzufriedensein.de\/wp-content\/uploads\/2024\/10\/IMG20240928112843-scaled.jpg","contentUrl":"https:\/\/einfachzufriedensein.de\/wp-content\/uploads\/2024\/10\/IMG20240928112843-scaled.jpg","width":1927,"height":2560,"caption":"sfiedler"},"logo":{"@id":"https:\/\/einfachzufriedensein.de\/#\/schema\/person\/image\/"},"sameAs":["https:\/\/einfachzufriedensein.de"],"url":"https:\/\/einfachzufriedensein.de\/?author=1"}]}},"_links":{"self":[{"href":"https:\/\/einfachzufriedensein.de\/index.php?rest_route=\/wp\/v2\/posts\/1131","targetHints":{"allow":["GET"]}}],"collection":[{"href":"https:\/\/einfachzufriedensein.de\/index.php?rest_route=\/wp\/v2\/posts"}],"about":[{"href":"https:\/\/einfachzufriedensein.de\/index.php?rest_route=\/wp\/v2\/types\/post"}],"author":[{"embeddable":true,"href":"https:\/\/einfachzufriedensein.de\/index.php?rest_route=\/wp\/v2\/users\/1"}],"replies":[{"embeddable":true,"href":"https:\/\/einfachzufriedensein.de\/index.php?rest_route=%2Fwp%2Fv2%2Fcomments&post=1131"}],"version-history":[{"count":5,"href":"https:\/\/einfachzufriedensein.de\/index.php?rest_route=\/wp\/v2\/posts\/1131\/revisions"}],"predecessor-version":[{"id":1139,"href":"https:\/\/einfachzufriedensein.de\/index.php?rest_route=\/wp\/v2\/posts\/1131\/revisions\/1139"}],"wp:featuredmedia":[{"embeddable":true,"href":"https:\/\/einfachzufriedensein.de\/index.php?rest_route=\/wp\/v2\/media\/57"}],"wp:attachment":[{"href":"https:\/\/einfachzufriedensein.de\/index.php?rest_route=%2Fwp%2Fv2%2Fmedia&parent=1131"}],"wp:term":[{"taxonomy":"category","embeddable":true,"href":"https:\/\/einfachzufriedensein.de\/index.php?rest_route=%2Fwp%2Fv2%2Fcategories&post=1131"},{"taxonomy":"post_tag","embeddable":true,"href":"https:\/\/einfachzufriedensein.de\/index.php?rest_route=%2Fwp%2Fv2%2Ftags&post=1131"}],"curies":[{"name":"wp","href":"https:\/\/api.w.org\/{rel}","templated":true}]}}