{"id":1072,"date":"2025-05-15T22:18:56","date_gmt":"2025-05-15T20:18:56","guid":{"rendered":"https:\/\/einfachzufriedensein.de\/?p=1072"},"modified":"2025-05-15T22:28:02","modified_gmt":"2025-05-15T20:28:02","slug":"die-woche-der-guten-nachrichten","status":"publish","type":"post","link":"https:\/\/einfachzufriedensein.de\/?p=1072","title":{"rendered":"Die Woche der guten Nachrichten"},"content":{"rendered":"\n<p>Und weiter geht\u00b4s mit den Arztterminen f\u00fcr diese Woche. Es ist Mittwoch und der Termin in der Strahlentherapie steht an. Es ist das Planungsgespr\u00e4ch, da nun als N\u00e4chstes die Bestrahlungen kommen werden. Die \u00c4rztin kenne ich bereits von unserem ersten Gespr\u00e4ch im November letzten Jahres. Sie fragt mein Befinden w\u00e4hrend der Chemotherapie ab und erkl\u00e4rt den groben Ablauf der Bestrahlung. Auch die m\u00f6glichen Nebenwirkungen erw\u00e4hnt sie, die solch eine Strahlentherapie haben kann. Ich dr\u00fccke mir fest die Daumen, dass ich da gut durchkomme, ohne etwas davon mitzunehmen. Im weiteren Gespr\u00e4ch sagt sie, dass im Anschluss gleich noch das Planungs-CT stattfinden wird. Ich frage nochmals nach &#8211; hier, jetzt, heute? Dass es kommt, wusste ich bereits, aber heute? Meine Terminlage ist heute ziemlich eng, denn ich muss um 12.20 Uhr in Limburg bei der Physiotherapie sein. Dazwischen liegt ein Fahrtweg von \u00fcber einer Stunde und es ist bereits 10.45 Uhr. Das sage ich ihr und sie verspricht mir, dass wir kurz nach 11.00 Uhr mit allem fertig sind. Die Zeit sitzt mir also im Nacken. W\u00e4hrend Carsten mit ihr alles Weitere bespricht und den Termin f\u00fcr die erste Bestrahlung abstimmt, gehe ich mit einer Schwester zum CT. Auf meinen Kr\u00fccken durchquere ich gef\u00fchlt das halbe Krankenhaus, um ihr zu folgen, bis wir schlie\u00dflich in einem entlegenen Winkel am Ende eines langen Ganges ankommen. Das CT selbst dauert nicht lang, aber die Zeit schreitet voran und es ist bereits zehn nach elf. Das k\u00f6nnte knapp werden mit dem Eintreffen bei der Physio. <\/p>\n\n\n\n<p>Dann geht\u00b4s doch noch recht schnell und ich bin auf dem Weg zum Haupteingang, wo ich mich mit Carsten treffe. Er holt schnell das Auto aus dem Parkhaus und wir fahren mit quietschenden Reifen davon. Wir schalten das Navi ein und die planm\u00e4\u00dfige Ankunftszeit ist 12.07 Uhr. Wenn das so klappt, dann kann ich sogar noch in Ruhe zur Toilette gehen, was ich eigentlich im Krankenhaus erledigen wollte. Zum Gl\u00fcck ist die Autobahn frei und wir sind \u00fcberp\u00fcnktlich bei der Physiotherapie. Mein Blutdruck und mein Puls normalisieren sich langsam wieder. Die heutige Therapie endet etwas unbefriedigend, da die Schwellung im Gelenk und im Fu\u00df noch sehr stark ist und somit s\u00e4mtliche \u00dcbungen sehr schmerzhaft sind. Die Therapeutin bricht daraufhin ab und r\u00e4t mir zun\u00e4chst mit dem Orthop\u00e4den zu besprechen, ob eventuell eine Lymphdrainage infrage kommen k\u00f6nnte. Sie m\u00f6chte das aufgrund meiner Vorgeschichte mit der Thrombose nicht allein entscheiden. Den Termin beim Orthop\u00e4den habe ich in der kommenden Woche und danach werden wir die weitere Therapie abstimmen &#8211; zwei Physiotermine stehen noch aus. <\/p>\n\n\n\n<p>Etwas ausgepowert, denn ich war heute nur mit Kr\u00fccken unterwegs, und nach \u00fcber vier Stunden kommen wir am fr\u00fchen Nachmittag endlich wieder nach Hause. Ich bin froh, wenn das alles mal vorbei ist und wir nicht mehr zwischen Arztterminen und Therapien hin und her pendeln m\u00fcssen. Das alles raubt Carsten die Arbeitszeit und mir die Kraft. Etwas Positives hatte dieser Tag aber &#8211; es geht weiter in meiner Krebstherapie und die Bestrahlung startet am 02. Juni, also in knapp drei Wochen. Insgesamt werden es 15 Bestrahlungen sein, die t\u00e4glich wochentags stattfinden. Ich hoffe bis dahin auch wieder laufen und selbst mit Auto fahren zu k\u00f6nnen, damit Carsten mich nicht st\u00e4ndig begleiten muss. Die Strahlen\u00e4rztin erw\u00e4hnte auch, dass sie die Operation erst vier Wochen nach dem Ende der Strahlentherapie empfehlen w\u00fcrde und das mit meiner behandelnden \u00c4rztin besprechen werde. Dar\u00fcber bin ich erleichtert, denn am 28. Juni ist die Hochzeit unserer Tochter, die ich dann hoffentlich uneingeschr\u00e4nkt genie\u00dfen kann. <\/p>\n\n\n\n<p>Und noch eine frohe Botschaft gibt es in dieser Woche &#8211; mein Befund der Stanzbiopsie am Montag hat ergeben, dass sich in den Gewebeproben keine vitalen Tumorzellen mehr befinden und somit der Sonografiebefund best\u00e4tigt wurde, dass Paul definitiv weg ist. Ebenfalls teilt mir meine \u00c4rztin aus dem Brustzentrum noch meinen OP-Termin mit. Am 21. Juli, meinem Geburtstag, werde ich die OP-Vorbereitung haben und am 22. Juli wird die Operation stattfinden. Das Ende dieser Therapie ist nun zum Greifen nah und es gibt endlich Termine f\u00fcr alles. Wir k\u00f6nnen wieder anfangen zu planen. Wir werden endlich unser normales Leben zur\u00fcckbekommen. <\/p>\n\n\n\n<p> <img loading=\"lazy\" decoding=\"async\" width=\"600\" height=\"218\" class=\"wp-image-1078\" style=\"width: 600px;\" src=\"https:\/\/einfachzufriedensein.de\/wp-content\/uploads\/2025\/05\/Patho-Befund.png\" alt=\"\" srcset=\"https:\/\/einfachzufriedensein.de\/wp-content\/uploads\/2025\/05\/Patho-Befund.png 1420w, https:\/\/einfachzufriedensein.de\/wp-content\/uploads\/2025\/05\/Patho-Befund-300x109.png 300w\" sizes=\"auto, (max-width: 600px) 100vw, 600px\" \/><\/p>\n\n\n\n<p><\/p>\n","protected":false},"excerpt":{"rendered":"<p class=\"text-justify\">Und weiter geht\u00b4s mit den Arztterminen f\u00fcr diese Woche. Es ist Mittwoch und der Termin in der Strahlentherapie steht an. Es ist [&hellip;]<\/p>\n","protected":false},"author":1,"featured_media":57,"comment_status":"closed","ping_status":"open","sticky":false,"template":"","format":"standard","meta":{"footnotes":""},"categories":[1],"tags":[43,28,2,16,118,27],"class_list":["post-1072","post","type-post","status-publish","format-standard","has-post-thumbnail","hentry","category-allgemein","tag-alltag","tag-bestrahlung","tag-brustkrebs","tag-mentale-staerke","tag-physiotherapie","tag-strahlentherapie"],"yoast_head":"<!-- This site is optimized with the Yoast SEO plugin v24.1 - https:\/\/yoast.com\/wordpress\/plugins\/seo\/ -->\n<title>Die Woche der guten Nachrichten - einfach.zufrieden.sein.<\/title>\n<meta name=\"description\" content=\"Gute Nachrichten braucht man w\u00e4hrend einer Krebstherapie, damit man auch wieder ein Licht am Ende des Tunnels sehen kann.\" \/>\n<meta name=\"robots\" content=\"index, follow, max-snippet:-1, max-image-preview:large, max-video-preview:-1\" \/>\n<link rel=\"canonical\" href=\"https:\/\/einfachzufriedensein.de\/?p=1072\" \/>\n<meta property=\"og:locale\" content=\"de_DE\" \/>\n<meta property=\"og:type\" content=\"article\" \/>\n<meta property=\"og:title\" content=\"Die Woche der guten Nachrichten - einfach.zufrieden.sein.\" \/>\n<meta property=\"og:description\" content=\"Gute Nachrichten braucht man w\u00e4hrend einer Krebstherapie, damit man auch wieder ein Licht am Ende des Tunnels sehen kann.\" \/>\n<meta property=\"og:url\" content=\"https:\/\/einfachzufriedensein.de\/?p=1072\" \/>\n<meta property=\"og:site_name\" content=\"einfach.zufrieden.sein.\" \/>\n<meta property=\"article:published_time\" content=\"2025-05-15T20:18:56+00:00\" \/>\n<meta property=\"article:modified_time\" content=\"2025-05-15T20:28:02+00:00\" \/>\n<meta property=\"og:image\" content=\"https:\/\/einfachzufriedensein.de\/wp-content\/uploads\/2024\/10\/einfach.-zufrieden.-sein-2.png\" \/>\n\t<meta property=\"og:image:width\" content=\"500\" \/>\n\t<meta property=\"og:image:height\" content=\"500\" \/>\n\t<meta property=\"og:image:type\" content=\"image\/png\" \/>\n<meta name=\"author\" content=\"sfiedler\" \/>\n<meta name=\"twitter:card\" content=\"summary_large_image\" \/>\n<meta name=\"twitter:label1\" content=\"Verfasst von\" \/>\n\t<meta name=\"twitter:data1\" content=\"sfiedler\" \/>\n\t<meta name=\"twitter:label2\" content=\"Gesch\u00e4tzte Lesezeit\" \/>\n\t<meta name=\"twitter:data2\" content=\"5\u00a0Minuten\" \/>\n<script type=\"application\/ld+json\" class=\"yoast-schema-graph\">{\"@context\":\"https:\/\/schema.org\",\"@graph\":[{\"@type\":\"Article\",\"@id\":\"https:\/\/einfachzufriedensein.de\/?p=1072#article\",\"isPartOf\":{\"@id\":\"https:\/\/einfachzufriedensein.de\/?p=1072\"},\"author\":{\"name\":\"sfiedler\",\"@id\":\"https:\/\/einfachzufriedensein.de\/#\/schema\/person\/1c305a44404a7ae00e2ad15fb51bb53c\"},\"headline\":\"Die Woche der guten Nachrichten\",\"datePublished\":\"2025-05-15T20:18:56+00:00\",\"dateModified\":\"2025-05-15T20:28:02+00:00\",\"mainEntityOfPage\":{\"@id\":\"https:\/\/einfachzufriedensein.de\/?p=1072\"},\"wordCount\":719,\"publisher\":{\"@id\":\"https:\/\/einfachzufriedensein.de\/#\/schema\/person\/1c305a44404a7ae00e2ad15fb51bb53c\"},\"image\":{\"@id\":\"https:\/\/einfachzufriedensein.de\/?p=1072#primaryimage\"},\"thumbnailUrl\":\"https:\/\/einfachzufriedensein.de\/wp-content\/uploads\/2024\/10\/einfach.-zufrieden.-sein-2.png\",\"keywords\":[\"Alltag\",\"Bestrahlung\",\"Brustkrebs\",\"mentale St\u00e4rke\",\"Physiotherapie\",\"Strahlentherapie\"],\"inLanguage\":\"de\"},{\"@type\":\"WebPage\",\"@id\":\"https:\/\/einfachzufriedensein.de\/?p=1072\",\"url\":\"https:\/\/einfachzufriedensein.de\/?p=1072\",\"name\":\"Die Woche der guten Nachrichten - einfach.zufrieden.sein.\",\"isPartOf\":{\"@id\":\"https:\/\/einfachzufriedensein.de\/#website\"},\"primaryImageOfPage\":{\"@id\":\"https:\/\/einfachzufriedensein.de\/?p=1072#primaryimage\"},\"image\":{\"@id\":\"https:\/\/einfachzufriedensein.de\/?p=1072#primaryimage\"},\"thumbnailUrl\":\"https:\/\/einfachzufriedensein.de\/wp-content\/uploads\/2024\/10\/einfach.-zufrieden.-sein-2.png\",\"datePublished\":\"2025-05-15T20:18:56+00:00\",\"dateModified\":\"2025-05-15T20:28:02+00:00\",\"description\":\"Gute Nachrichten braucht man w\u00e4hrend einer Krebstherapie, damit man auch wieder ein Licht am Ende des Tunnels sehen kann.\",\"breadcrumb\":{\"@id\":\"https:\/\/einfachzufriedensein.de\/?p=1072#breadcrumb\"},\"inLanguage\":\"de\",\"potentialAction\":[{\"@type\":\"ReadAction\",\"target\":[\"https:\/\/einfachzufriedensein.de\/?p=1072\"]}]},{\"@type\":\"ImageObject\",\"inLanguage\":\"de\",\"@id\":\"https:\/\/einfachzufriedensein.de\/?p=1072#primaryimage\",\"url\":\"https:\/\/einfachzufriedensein.de\/wp-content\/uploads\/2024\/10\/einfach.-zufrieden.-sein-2.png\",\"contentUrl\":\"https:\/\/einfachzufriedensein.de\/wp-content\/uploads\/2024\/10\/einfach.-zufrieden.-sein-2.png\",\"width\":500,\"height\":500},{\"@type\":\"BreadcrumbList\",\"@id\":\"https:\/\/einfachzufriedensein.de\/?p=1072#breadcrumb\",\"itemListElement\":[{\"@type\":\"ListItem\",\"position\":1,\"name\":\"Startseite\",\"item\":\"https:\/\/einfachzufriedensein.de\/\"},{\"@type\":\"ListItem\",\"position\":2,\"name\":\"Die Woche der guten Nachrichten\"}]},{\"@type\":\"WebSite\",\"@id\":\"https:\/\/einfachzufriedensein.de\/#website\",\"url\":\"https:\/\/einfachzufriedensein.de\/\",\"name\":\"einfach.zufrieden.sein.\",\"description\":\"Der Brustkrebs &amp; ich  - das Tagebuch einer Brustkrebspatientin\",\"publisher\":{\"@id\":\"https:\/\/einfachzufriedensein.de\/#\/schema\/person\/1c305a44404a7ae00e2ad15fb51bb53c\"},\"potentialAction\":[{\"@type\":\"SearchAction\",\"target\":{\"@type\":\"EntryPoint\",\"urlTemplate\":\"https:\/\/einfachzufriedensein.de\/?s={search_term_string}\"},\"query-input\":{\"@type\":\"PropertyValueSpecification\",\"valueRequired\":true,\"valueName\":\"search_term_string\"}}],\"inLanguage\":\"de\"},{\"@type\":[\"Person\",\"Organization\"],\"@id\":\"https:\/\/einfachzufriedensein.de\/#\/schema\/person\/1c305a44404a7ae00e2ad15fb51bb53c\",\"name\":\"sfiedler\",\"image\":{\"@type\":\"ImageObject\",\"inLanguage\":\"de\",\"@id\":\"https:\/\/einfachzufriedensein.de\/#\/schema\/person\/image\/\",\"url\":\"https:\/\/einfachzufriedensein.de\/wp-content\/uploads\/2024\/10\/IMG20240928112843-scaled.jpg\",\"contentUrl\":\"https:\/\/einfachzufriedensein.de\/wp-content\/uploads\/2024\/10\/IMG20240928112843-scaled.jpg\",\"width\":1927,\"height\":2560,\"caption\":\"sfiedler\"},\"logo\":{\"@id\":\"https:\/\/einfachzufriedensein.de\/#\/schema\/person\/image\/\"},\"sameAs\":[\"https:\/\/einfachzufriedensein.de\"],\"url\":\"https:\/\/einfachzufriedensein.de\/?author=1\"}]}<\/script>\n<!-- \/ Yoast SEO plugin. -->","yoast_head_json":{"title":"Die Woche der guten Nachrichten - einfach.zufrieden.sein.","description":"Gute Nachrichten braucht man w\u00e4hrend einer Krebstherapie, damit man auch wieder ein Licht am Ende des Tunnels sehen kann.","robots":{"index":"index","follow":"follow","max-snippet":"max-snippet:-1","max-image-preview":"max-image-preview:large","max-video-preview":"max-video-preview:-1"},"canonical":"https:\/\/einfachzufriedensein.de\/?p=1072","og_locale":"de_DE","og_type":"article","og_title":"Die Woche der guten Nachrichten - einfach.zufrieden.sein.","og_description":"Gute Nachrichten braucht man w\u00e4hrend einer Krebstherapie, damit man auch wieder ein Licht am Ende des Tunnels sehen kann.","og_url":"https:\/\/einfachzufriedensein.de\/?p=1072","og_site_name":"einfach.zufrieden.sein.","article_published_time":"2025-05-15T20:18:56+00:00","article_modified_time":"2025-05-15T20:28:02+00:00","og_image":[{"width":500,"height":500,"url":"https:\/\/einfachzufriedensein.de\/wp-content\/uploads\/2024\/10\/einfach.-zufrieden.-sein-2.png","type":"image\/png"}],"author":"sfiedler","twitter_card":"summary_large_image","twitter_misc":{"Verfasst von":"sfiedler","Gesch\u00e4tzte Lesezeit":"5\u00a0Minuten"},"schema":{"@context":"https:\/\/schema.org","@graph":[{"@type":"Article","@id":"https:\/\/einfachzufriedensein.de\/?p=1072#article","isPartOf":{"@id":"https:\/\/einfachzufriedensein.de\/?p=1072"},"author":{"name":"sfiedler","@id":"https:\/\/einfachzufriedensein.de\/#\/schema\/person\/1c305a44404a7ae00e2ad15fb51bb53c"},"headline":"Die Woche der guten Nachrichten","datePublished":"2025-05-15T20:18:56+00:00","dateModified":"2025-05-15T20:28:02+00:00","mainEntityOfPage":{"@id":"https:\/\/einfachzufriedensein.de\/?p=1072"},"wordCount":719,"publisher":{"@id":"https:\/\/einfachzufriedensein.de\/#\/schema\/person\/1c305a44404a7ae00e2ad15fb51bb53c"},"image":{"@id":"https:\/\/einfachzufriedensein.de\/?p=1072#primaryimage"},"thumbnailUrl":"https:\/\/einfachzufriedensein.de\/wp-content\/uploads\/2024\/10\/einfach.-zufrieden.-sein-2.png","keywords":["Alltag","Bestrahlung","Brustkrebs","mentale St\u00e4rke","Physiotherapie","Strahlentherapie"],"inLanguage":"de"},{"@type":"WebPage","@id":"https:\/\/einfachzufriedensein.de\/?p=1072","url":"https:\/\/einfachzufriedensein.de\/?p=1072","name":"Die Woche der guten Nachrichten - einfach.zufrieden.sein.","isPartOf":{"@id":"https:\/\/einfachzufriedensein.de\/#website"},"primaryImageOfPage":{"@id":"https:\/\/einfachzufriedensein.de\/?p=1072#primaryimage"},"image":{"@id":"https:\/\/einfachzufriedensein.de\/?p=1072#primaryimage"},"thumbnailUrl":"https:\/\/einfachzufriedensein.de\/wp-content\/uploads\/2024\/10\/einfach.-zufrieden.-sein-2.png","datePublished":"2025-05-15T20:18:56+00:00","dateModified":"2025-05-15T20:28:02+00:00","description":"Gute Nachrichten braucht man w\u00e4hrend einer Krebstherapie, damit man auch wieder ein Licht am Ende des Tunnels sehen kann.","breadcrumb":{"@id":"https:\/\/einfachzufriedensein.de\/?p=1072#breadcrumb"},"inLanguage":"de","potentialAction":[{"@type":"ReadAction","target":["https:\/\/einfachzufriedensein.de\/?p=1072"]}]},{"@type":"ImageObject","inLanguage":"de","@id":"https:\/\/einfachzufriedensein.de\/?p=1072#primaryimage","url":"https:\/\/einfachzufriedensein.de\/wp-content\/uploads\/2024\/10\/einfach.-zufrieden.-sein-2.png","contentUrl":"https:\/\/einfachzufriedensein.de\/wp-content\/uploads\/2024\/10\/einfach.-zufrieden.-sein-2.png","width":500,"height":500},{"@type":"BreadcrumbList","@id":"https:\/\/einfachzufriedensein.de\/?p=1072#breadcrumb","itemListElement":[{"@type":"ListItem","position":1,"name":"Startseite","item":"https:\/\/einfachzufriedensein.de\/"},{"@type":"ListItem","position":2,"name":"Die Woche der guten Nachrichten"}]},{"@type":"WebSite","@id":"https:\/\/einfachzufriedensein.de\/#website","url":"https:\/\/einfachzufriedensein.de\/","name":"einfach.zufrieden.sein.","description":"Der Brustkrebs &amp; ich  - das Tagebuch einer Brustkrebspatientin","publisher":{"@id":"https:\/\/einfachzufriedensein.de\/#\/schema\/person\/1c305a44404a7ae00e2ad15fb51bb53c"},"potentialAction":[{"@type":"SearchAction","target":{"@type":"EntryPoint","urlTemplate":"https:\/\/einfachzufriedensein.de\/?s={search_term_string}"},"query-input":{"@type":"PropertyValueSpecification","valueRequired":true,"valueName":"search_term_string"}}],"inLanguage":"de"},{"@type":["Person","Organization"],"@id":"https:\/\/einfachzufriedensein.de\/#\/schema\/person\/1c305a44404a7ae00e2ad15fb51bb53c","name":"sfiedler","image":{"@type":"ImageObject","inLanguage":"de","@id":"https:\/\/einfachzufriedensein.de\/#\/schema\/person\/image\/","url":"https:\/\/einfachzufriedensein.de\/wp-content\/uploads\/2024\/10\/IMG20240928112843-scaled.jpg","contentUrl":"https:\/\/einfachzufriedensein.de\/wp-content\/uploads\/2024\/10\/IMG20240928112843-scaled.jpg","width":1927,"height":2560,"caption":"sfiedler"},"logo":{"@id":"https:\/\/einfachzufriedensein.de\/#\/schema\/person\/image\/"},"sameAs":["https:\/\/einfachzufriedensein.de"],"url":"https:\/\/einfachzufriedensein.de\/?author=1"}]}},"_links":{"self":[{"href":"https:\/\/einfachzufriedensein.de\/index.php?rest_route=\/wp\/v2\/posts\/1072","targetHints":{"allow":["GET"]}}],"collection":[{"href":"https:\/\/einfachzufriedensein.de\/index.php?rest_route=\/wp\/v2\/posts"}],"about":[{"href":"https:\/\/einfachzufriedensein.de\/index.php?rest_route=\/wp\/v2\/types\/post"}],"author":[{"embeddable":true,"href":"https:\/\/einfachzufriedensein.de\/index.php?rest_route=\/wp\/v2\/users\/1"}],"replies":[{"embeddable":true,"href":"https:\/\/einfachzufriedensein.de\/index.php?rest_route=%2Fwp%2Fv2%2Fcomments&post=1072"}],"version-history":[{"count":2,"href":"https:\/\/einfachzufriedensein.de\/index.php?rest_route=\/wp\/v2\/posts\/1072\/revisions"}],"predecessor-version":[{"id":1081,"href":"https:\/\/einfachzufriedensein.de\/index.php?rest_route=\/wp\/v2\/posts\/1072\/revisions\/1081"}],"wp:featuredmedia":[{"embeddable":true,"href":"https:\/\/einfachzufriedensein.de\/index.php?rest_route=\/wp\/v2\/media\/57"}],"wp:attachment":[{"href":"https:\/\/einfachzufriedensein.de\/index.php?rest_route=%2Fwp%2Fv2%2Fmedia&parent=1072"}],"wp:term":[{"taxonomy":"category","embeddable":true,"href":"https:\/\/einfachzufriedensein.de\/index.php?rest_route=%2Fwp%2Fv2%2Fcategories&post=1072"},{"taxonomy":"post_tag","embeddable":true,"href":"https:\/\/einfachzufriedensein.de\/index.php?rest_route=%2Fwp%2Fv2%2Ftags&post=1072"}],"curies":[{"name":"wp","href":"https:\/\/api.w.org\/{rel}","templated":true}]}}