{"id":1054,"date":"2025-05-11T20:28:57","date_gmt":"2025-05-11T18:28:57","guid":{"rendered":"https:\/\/einfachzufriedensein.de\/?p=1054"},"modified":"2025-05-12T20:29:10","modified_gmt":"2025-05-12T18:29:10","slug":"zwei-tage-berlin","status":"publish","type":"post","link":"https:\/\/einfachzufriedensein.de\/?p=1054","title":{"rendered":"Zwei Tage Berlin"},"content":{"rendered":"\n<p>Die Reise nach Berlin zur Yes!Con, einer Krebsconvention, war schon lange vor meinem Beinbruch geplant. F\u00fcr eine kurze Zeit hatte ich \u00fcberlegt diese Reise nicht zu machen, aber seitdem ich mit dem Rollstuhl ein Teil meiner Mobilit\u00e4t zur\u00fcckerlangt hatte, kam der Gedanke in mir hoch, doch diese Fahrt anzutreten. Schlie\u00dflich sind es sechshundert Kilometer einfache Fahrtstrecke und die \u00f6rtlichen Gegebenheiten sind mir in Bezug auf Barrierefreiheit nicht bekannt. Aber die Sehnsucht einfach mal hinauszukommen war einfach zu gro\u00df, auch w\u00e4hrend meiner Krebstherapie. Also haben wir unsere Koffer gepackt &#8211; jeder seinen eigenen. Im Zustand mit zwei gesunden Beinen ist das nichts Besonderes, aber f\u00fcr mich im Rollstuhl schon eine kleine Herausforderung. Schlie\u00dflich treten wir  Donnerstagvormittag ganz entspannt unsere Reise an, die erste Etappe sitze ich am Steuer. Nach \u00fcber sechs Wochen das erste Mal wieder Auto fahren. Da wir einen Automatik fahren, kann ich das linke Bein mitsamt dem Stiefel an der Seite &#8222;parken&#8220;. Bei einem Zwischenstopp in Th\u00fcringen, bei dem wir uns mit meiner Mutter verabredet haben, gab es einen leckeren Eisbecher und zum &#8222;Nachtisch&#8220; noch eine echte Th\u00fcringer Bratwurst, bevor wir die letzten zweieinhalb Stunden Autofahrt bis Berlin antraten. Diese verbrachte ich dann mit dem hochgelagerten Bein entspannt auf der R\u00fccksitzbank. <\/p>\n\n\n\n<p>Unser Hotel liegt mitten in Berlin-Sch\u00f6neberg an einer gro\u00dfen Hauptstra\u00dfe. Hier pulsiert das Leben, aber es zeigt mir auch, dass ich sehr gern auf dem Land lebe und unsere Ruhe liebe. Das Zimmer ist sehr ger\u00e4umig, modern und vor allem behindertengerecht, da im gro\u00dfen Badezimmer ein zus\u00e4tzlicher Duschhocker und am WC zwei Haltegriffe waren. Ich hatte im Vorfeld mit dem Hotel Kontakt, um abzukl\u00e4ren, ob es einen Fahrstuhl gibt, da ich keine Treppen steige, mit den Kr\u00fccken. Offensichtlich wurde dann auch direkt darauf geachtet, dass wir ein ausreichend gro\u00dfes Zimmer bekommen, denn gebucht habe ich das nicht extra. Den Abend lassen wir ganz in Ruhe ausklingen. <\/p>\n\n\n\n<p>Freitagmorgen &#8211; der Tag startet mit einem guten Fr\u00fchst\u00fcck, bevor wir uns ein Uber bestellen, um zur Location, dem Gasometer, zu gelangen. Zum allerersten Mal nutzen wir Uber und kein herk\u00f6mmliches Taxi und sind fasziniert von der Softwareanwendung, die hinter dieser App steckt &#8211; Berufskrankheit eben. Angekommen am Gasometer, hier fand vor wenigen Tagen noch die Unterzeichnung des Koalitionsvertrages unserer neuen Bundesregierung statt, stie\u00dfen wir schon auf die ersten H\u00fcrden f\u00fcr mich als Rollifahrerin. \u00dcber Kopfsteinpflaster, Kabelbr\u00fccken und eine etwas steile Auffahrrampe gelangen wir zur Akkreditierung. Hier ist es sehr voll und auf mich im Rolli wird wenig R\u00fccksicht genommen, ich bin eben nicht auf Augenh\u00f6he und somit nicht sichtbar. Die n\u00e4chste H\u00fcrde lauert an einer Dreht\u00fcr, durch die man an den eigentlichen Veranstaltungsort kommt. Durch einen Seiteneingang mit einer normalen T\u00fcr erhalten auch wir Zutritt. Die offizielle  Er\u00f6ffnung der Yes!Con  findet in einem gro\u00dfen Saal statt, in dem die Sitzreihen teilweise nur \u00fcber Treppen zu erreichen sind. Somit bleibt mir nichts anderes \u00fcbrig, als mit dem Rollstuhl in der ersten Reihe zu bleiben. Mit einer gro\u00dfen Entourage betritt wenig sp\u00e4ter Frau Schwesig, Ministerpr\u00e4sidentin von Meck-Pom und selbst vor f\u00fcnf Jahren an Brustkrebs erkrankt, den Saal. Da ich nur wenige Sitzpl\u00e4tze von ihr entfernt bin, begr\u00fc\u00dft sie mich mit einem H\u00e4ndedruck &#8211; darauf war ich \u00fcberhaupt nicht vorbereitet, fange aber an den Vorteil meines Rollstuhls zu erkennen. Ohne ihn, h\u00e4tte ich sicher nicht in der ersten Reihe gesessen, da diese meist f\u00fcr die Prominenz reserviert ist. <\/p>\n\n\n\n<p>Der Tag bringt viele Begegnungen mit netten Menschen, mit denen ich bereits \u00fcber die sozialen Medien in Kontakt bin. Teilweise werde ich sogar angesprochen, da ich erkannt werde, wie zum Beispiel am Stand von Look Good feel better der DKMS, bei denen ich mein Schminkseminar gemacht habe. Ein sch\u00f6nes Gef\u00fchl und ich f\u00fchle mich auf dieser Veranstaltung irgendwie heimisch, da hier alle mit dem Thema Krebs zu tun haben. Betroffene und Angeh\u00f6rige, Experten aus der Medizin und Forschung sowie Vereine und gemeinn\u00fctzige Organisationen. Es gibt spannende Paneldiskussionen mit Prominenten wie Oli P. und seiner Frau, Mirja du Mont, Manuela Schwesig, Elena Semechin (Paralympics-Schwimmerin) und Patrice Aminati. Sie alle sind selbst von Krebs betroffen und die Geschichten sehr traurig. Aber alle strahlen diese Hoffnung aus, diese St\u00e4rke, sich vom Krebs nicht unterkriegen zu lassen &#8211; absolut bewundernswert. Sie tragen das Thema Krebs durch ihre Bekanntheit in die \u00d6ffentlichkeit, denn Krebs braucht Kommunikation. Mir zeigt es einmal mehr, dass zwar jeder mit seinem Schicksal allein ist, aber es ganz viele Menschen gibt, die es trifft. Wir sind damit nicht allein. <\/p>\n\n\n\n<p>Der erste Tag endet mit einer Gala-Abendveranstaltung, dem Felix Burda Award, f\u00fcr den ich zwei Freitickets im Vorfeld gewonnen habe. Felix Burda selbst ist an Darmkrebs verstorben und seine Eltern gr\u00fcndeten nach seinem Tod eine Stiftung, die sich f\u00fcr die Pr\u00e4vention von Darmkrebs einsetzt. Mit dem Award werden Projekte aus Wissenschaft und Forschung geehrt, aber auch Einzelpersonen. Der Dresscode ist Cocktail, also ziehen wir uns dementsprechend schick an. Auch dar\u00fcber habe ich mir im Vorfeld wieder viele Gedanken gemacht, da Vieles mit einem Rollstuhl und Kr\u00fccken einfach nicht geht, zum Beispiel Pumps. Also trage ich einen schwarzen Jumpsuit und pimpe ihn mit silbernen Accessoires auf. Die Veranstaltung findet ebenfalls im Gasometer statt. Es ist viel Prominenz vor Ort &#8211; Ruth Moschner, Elena Uhlig, Kathi Hummels, Boss Hoss, Mousse T., Herr Kubicki, Regina Halmich, Susan Sideropoulos und einige andere bekannte Gesichter. Durch einen Zufall d\u00fcrfen wir \u00fcber den roten Teppich laufen, direkt vor mir Alec Voelkel von Boss Hoss und ich frage ihn nach einem gemeinsamen Foto, dass ich prompt bekomme. Mit uns gemeinsam sind noch andere Patientinnen, die wir tags\u00fcber kennengelernt haben, auf der Veranstaltung. Aber ich bin die Einzige, ohne Haare. Dadurch falle ich nat\u00fcrlich auf und erhasche mir wieder einen Platz in der vordersten Reihe. Nach dem offiziellen Teil gibt es noch ein Get-Together in der f\u00fcnfzehnten Etage des Gasometers. Von dort hat man einen grandiosen Rundumblick \u00fcber Berlin, eine tolle Location. Es wird Fingerfood gereicht und wir haben noch ein paar nette Gespr\u00e4che, bevor wir m\u00fcde und ausgepowert ins Bett &#8222;fallen&#8220;. <\/p>\n\n\n\n<p>Beim Fr\u00fchst\u00fcck treffen wir auf einige Teilnehmer der Yes!Con, die man am Armb\u00e4ndchen erkennt und man sich nett gr\u00fc\u00dft. Es sind ganz offensichtlich ebenfalls Patienten, das verbindet uns. Da es der Tag unserer Heimreise ist, fahren wir mit unserem eigenen Auto zur Location. Wir finden eine Tiefgarage in unmittelbarer N\u00e4he in einem Gewerbegeb\u00e4ude, der Empfang ist nicht besetzt, aber die Zufahrt problemlos m\u00f6glich. Es ist Samstag und somit gibt es auch ausreichend verf\u00fcgbare Parkpl\u00e4tze. Das freut uns, aber die n\u00e4chste H\u00fcrde zum Thema barrierefrei stand unmittelbar bevor. Man kann die Garage nur \u00fcber einen Treppenaufgang verlassen. Na prima &#8211; Treppen sind mein absoluter Endgegner. Es half nichts, ich musste da durch und stieg somit knapp vierzig Stufen, mit der linken Hand am Gel\u00e4nder festgekrallt und rechts auf der wackeligen Kr\u00fccke stehend nach oben. Ganz au\u00dfer Atem und auch wenig stolz kam ich an der Erdoberfl\u00e4che, am Ausgang der Parkgarage, an. Carsten folgte mir mit dem Rolli. Wir schlenderten noch einmal \u00fcber die Veranstaltung, f\u00fchrten noch ein paar nette Gespr\u00e4che, verfolgten ein Panel zum Thema &#8222;Neue Behandlungen bei Brustkrebs&#8220; und traten gegen Mittag die Heimreise an, da wir nicht so sp\u00e4t zu Hause ankommen wollten. Auf halber Strecke gab\u00b4s einen Zwischenstopp mit einer Kaffeepause und an einem Bratwurststand nahmen wir noch unser Abendessen mit. Nach insgesamt sieben Stunden erreichten wir unser trautes Heim. Im Gep\u00e4ck hatten wir leckere Bratw\u00fcrste sowie viele Eindr\u00fccke und Erlebnisse. Die zwei Tage waren sehr intensiv und anstrengend, aber dieser Tapetenwechsel hat richtig gutgetan. <\/p>\n\n\n\n<p>Mein Fazit &#8211; ich komme im n\u00e4chsten Jahr wieder! Es ist nicht nur eine Veranstaltung, es ist ein Treffen einer riesigen Krebscommunity. ABER am Thema barrierefrei m\u00fcssten auch die Veranstalter noch arbeiten, auch wenn nur zwei Rollifahrer inklusive mir daran teilgenommen haben. <\/p>\n\n\n\n<p>Und der Sonntag? Ein Ruhetag auf der heimischen Terrasse. Eine Challenge gab es noch f\u00fcr mich &#8211; ich bin die Treppe im Haus mit meinen Kr\u00fccken nach unten und auch nach oben gelaufen. Routiniert? Auf gar keinen Fall. Ich bin froh, wenn ich keine Treppen steigen muss und werde es auch weiterhin versuchen zu vermeiden bis ich die Kr\u00fccken zur Seite legen kann. <\/p>\n\n\n\n<p> <img loading=\"lazy\" decoding=\"async\" width=\"300\" height=\"300\" class=\"wp-image-1061\" style=\"width: 300px;\" src=\"https:\/\/einfachzufriedensein.de\/wp-content\/uploads\/2025\/05\/IMG20250509210202-COLLAGE.jpg\" alt=\"\" srcset=\"https:\/\/einfachzufriedensein.de\/wp-content\/uploads\/2025\/05\/IMG20250509210202-COLLAGE.jpg 2046w, https:\/\/einfachzufriedensein.de\/wp-content\/uploads\/2025\/05\/IMG20250509210202-COLLAGE-300x300.jpg 300w, https:\/\/einfachzufriedensein.de\/wp-content\/uploads\/2025\/05\/IMG20250509210202-COLLAGE-1024x1024.jpg 1024w, https:\/\/einfachzufriedensein.de\/wp-content\/uploads\/2025\/05\/IMG20250509210202-COLLAGE-150x150.jpg 150w, https:\/\/einfachzufriedensein.de\/wp-content\/uploads\/2025\/05\/IMG20250509210202-COLLAGE-768x768.jpg 768w, https:\/\/einfachzufriedensein.de\/wp-content\/uploads\/2025\/05\/IMG20250509210202-COLLAGE-1536x1536.jpg 1536w\" sizes=\"auto, (max-width: 300px) 100vw, 300px\" \/> <img loading=\"lazy\" decoding=\"async\" width=\"296\" height=\"296\" class=\"wp-image-1062\" style=\"width: 296px;\" src=\"https:\/\/einfachzufriedensein.de\/wp-content\/uploads\/2025\/05\/IMG20250509094956-COLLAGE.jpg\" alt=\"\" srcset=\"https:\/\/einfachzufriedensein.de\/wp-content\/uploads\/2025\/05\/IMG20250509094956-COLLAGE.jpg 2046w, https:\/\/einfachzufriedensein.de\/wp-content\/uploads\/2025\/05\/IMG20250509094956-COLLAGE-300x300.jpg 300w, https:\/\/einfachzufriedensein.de\/wp-content\/uploads\/2025\/05\/IMG20250509094956-COLLAGE-1024x1024.jpg 1024w, https:\/\/einfachzufriedensein.de\/wp-content\/uploads\/2025\/05\/IMG20250509094956-COLLAGE-150x150.jpg 150w, https:\/\/einfachzufriedensein.de\/wp-content\/uploads\/2025\/05\/IMG20250509094956-COLLAGE-768x768.jpg 768w, https:\/\/einfachzufriedensein.de\/wp-content\/uploads\/2025\/05\/IMG20250509094956-COLLAGE-1536x1536.jpg 1536w\" sizes=\"auto, (max-width: 296px) 100vw, 296px\" \/> <img loading=\"lazy\" decoding=\"async\" width=\"300\" height=\"300\" class=\"wp-image-1063\" style=\"width: 300px;\" src=\"https:\/\/einfachzufriedensein.de\/wp-content\/uploads\/2025\/05\/IMG20250509133148-COLLAGE.jpg\" alt=\"\" srcset=\"https:\/\/einfachzufriedensein.de\/wp-content\/uploads\/2025\/05\/IMG20250509133148-COLLAGE.jpg 2046w, https:\/\/einfachzufriedensein.de\/wp-content\/uploads\/2025\/05\/IMG20250509133148-COLLAGE-300x300.jpg 300w, https:\/\/einfachzufriedensein.de\/wp-content\/uploads\/2025\/05\/IMG20250509133148-COLLAGE-1024x1024.jpg 1024w, https:\/\/einfachzufriedensein.de\/wp-content\/uploads\/2025\/05\/IMG20250509133148-COLLAGE-150x150.jpg 150w, https:\/\/einfachzufriedensein.de\/wp-content\/uploads\/2025\/05\/IMG20250509133148-COLLAGE-768x768.jpg 768w, https:\/\/einfachzufriedensein.de\/wp-content\/uploads\/2025\/05\/IMG20250509133148-COLLAGE-1536x1536.jpg 1536w\" sizes=\"auto, (max-width: 300px) 100vw, 300px\" \/><\/p>\n","protected":false},"excerpt":{"rendered":"<p class=\"text-justify\">Die Reise nach Berlin zur Yes!Con, einer Krebsconvention, war schon lange vor meinem Beinbruch geplant. F\u00fcr eine kurze Zeit hatte ich \u00fcberlegt [&hellip;]<\/p>\n","protected":false},"author":1,"featured_media":57,"comment_status":"closed","ping_status":"open","sticky":false,"template":"","format":"standard","meta":{"footnotes":""},"categories":[1],"tags":[136,2,137,16,138,135],"class_list":["post-1054","post","type-post","status-publish","format-standard","has-post-thumbnail","hentry","category-allgemein","tag-berlin","tag-brustkrebs","tag-felix-burda-award","tag-mentale-staerke","tag-roter-teppich","tag-yescon"],"yoast_head":"<!-- This site is optimized with the Yoast SEO plugin v24.1 - https:\/\/yoast.com\/wordpress\/plugins\/seo\/ -->\n<title>Zwei Tage Berlin - einfach.zufrieden.sein.<\/title>\n<meta name=\"description\" content=\"Einfach mal herauskommen w\u00e4hrend der Krebstherapie, f\u00fcr viele undenkbar, f\u00fcr mich eine gelungene Abwechslung.\" \/>\n<meta name=\"robots\" content=\"index, follow, max-snippet:-1, max-image-preview:large, max-video-preview:-1\" \/>\n<link rel=\"canonical\" href=\"https:\/\/einfachzufriedensein.de\/?p=1054\" \/>\n<meta property=\"og:locale\" content=\"de_DE\" \/>\n<meta property=\"og:type\" content=\"article\" \/>\n<meta property=\"og:title\" content=\"Zwei Tage Berlin - einfach.zufrieden.sein.\" \/>\n<meta property=\"og:description\" content=\"Einfach mal herauskommen w\u00e4hrend der Krebstherapie, f\u00fcr viele undenkbar, f\u00fcr mich eine gelungene Abwechslung.\" \/>\n<meta property=\"og:url\" content=\"https:\/\/einfachzufriedensein.de\/?p=1054\" \/>\n<meta property=\"og:site_name\" content=\"einfach.zufrieden.sein.\" \/>\n<meta property=\"article:published_time\" content=\"2025-05-11T18:28:57+00:00\" \/>\n<meta property=\"article:modified_time\" content=\"2025-05-12T18:29:10+00:00\" \/>\n<meta property=\"og:image\" content=\"https:\/\/einfachzufriedensein.de\/wp-content\/uploads\/2024\/10\/einfach.-zufrieden.-sein-2.png\" \/>\n\t<meta property=\"og:image:width\" content=\"500\" \/>\n\t<meta property=\"og:image:height\" content=\"500\" \/>\n\t<meta property=\"og:image:type\" content=\"image\/png\" \/>\n<meta name=\"author\" content=\"sfiedler\" \/>\n<meta name=\"twitter:card\" content=\"summary_large_image\" \/>\n<meta name=\"twitter:label1\" content=\"Verfasst von\" \/>\n\t<meta name=\"twitter:data1\" content=\"sfiedler\" \/>\n\t<meta name=\"twitter:label2\" content=\"Gesch\u00e4tzte Lesezeit\" \/>\n\t<meta name=\"twitter:data2\" content=\"9\u00a0Minuten\" \/>\n<script type=\"application\/ld+json\" class=\"yoast-schema-graph\">{\"@context\":\"https:\/\/schema.org\",\"@graph\":[{\"@type\":\"Article\",\"@id\":\"https:\/\/einfachzufriedensein.de\/?p=1054#article\",\"isPartOf\":{\"@id\":\"https:\/\/einfachzufriedensein.de\/?p=1054\"},\"author\":{\"name\":\"sfiedler\",\"@id\":\"https:\/\/einfachzufriedensein.de\/#\/schema\/person\/1c305a44404a7ae00e2ad15fb51bb53c\"},\"headline\":\"Zwei Tage Berlin\",\"datePublished\":\"2025-05-11T18:28:57+00:00\",\"dateModified\":\"2025-05-12T18:29:10+00:00\",\"mainEntityOfPage\":{\"@id\":\"https:\/\/einfachzufriedensein.de\/?p=1054\"},\"wordCount\":1433,\"publisher\":{\"@id\":\"https:\/\/einfachzufriedensein.de\/#\/schema\/person\/1c305a44404a7ae00e2ad15fb51bb53c\"},\"image\":{\"@id\":\"https:\/\/einfachzufriedensein.de\/?p=1054#primaryimage\"},\"thumbnailUrl\":\"https:\/\/einfachzufriedensein.de\/wp-content\/uploads\/2024\/10\/einfach.-zufrieden.-sein-2.png\",\"keywords\":[\"Berlin\",\"Brustkrebs\",\"Felix Burda Award\",\"mentale St\u00e4rke\",\"roter Teppich\",\"Yescon\"],\"inLanguage\":\"de\"},{\"@type\":\"WebPage\",\"@id\":\"https:\/\/einfachzufriedensein.de\/?p=1054\",\"url\":\"https:\/\/einfachzufriedensein.de\/?p=1054\",\"name\":\"Zwei Tage Berlin - einfach.zufrieden.sein.\",\"isPartOf\":{\"@id\":\"https:\/\/einfachzufriedensein.de\/#website\"},\"primaryImageOfPage\":{\"@id\":\"https:\/\/einfachzufriedensein.de\/?p=1054#primaryimage\"},\"image\":{\"@id\":\"https:\/\/einfachzufriedensein.de\/?p=1054#primaryimage\"},\"thumbnailUrl\":\"https:\/\/einfachzufriedensein.de\/wp-content\/uploads\/2024\/10\/einfach.-zufrieden.-sein-2.png\",\"datePublished\":\"2025-05-11T18:28:57+00:00\",\"dateModified\":\"2025-05-12T18:29:10+00:00\",\"description\":\"Einfach mal herauskommen w\u00e4hrend der Krebstherapie, f\u00fcr viele undenkbar, f\u00fcr mich eine gelungene Abwechslung.\",\"breadcrumb\":{\"@id\":\"https:\/\/einfachzufriedensein.de\/?p=1054#breadcrumb\"},\"inLanguage\":\"de\",\"potentialAction\":[{\"@type\":\"ReadAction\",\"target\":[\"https:\/\/einfachzufriedensein.de\/?p=1054\"]}]},{\"@type\":\"ImageObject\",\"inLanguage\":\"de\",\"@id\":\"https:\/\/einfachzufriedensein.de\/?p=1054#primaryimage\",\"url\":\"https:\/\/einfachzufriedensein.de\/wp-content\/uploads\/2024\/10\/einfach.-zufrieden.-sein-2.png\",\"contentUrl\":\"https:\/\/einfachzufriedensein.de\/wp-content\/uploads\/2024\/10\/einfach.-zufrieden.-sein-2.png\",\"width\":500,\"height\":500},{\"@type\":\"BreadcrumbList\",\"@id\":\"https:\/\/einfachzufriedensein.de\/?p=1054#breadcrumb\",\"itemListElement\":[{\"@type\":\"ListItem\",\"position\":1,\"name\":\"Startseite\",\"item\":\"https:\/\/einfachzufriedensein.de\/\"},{\"@type\":\"ListItem\",\"position\":2,\"name\":\"Zwei Tage Berlin\"}]},{\"@type\":\"WebSite\",\"@id\":\"https:\/\/einfachzufriedensein.de\/#website\",\"url\":\"https:\/\/einfachzufriedensein.de\/\",\"name\":\"einfach.zufrieden.sein.\",\"description\":\"Der Brustkrebs &amp; ich  - das Tagebuch einer Brustkrebspatientin\",\"publisher\":{\"@id\":\"https:\/\/einfachzufriedensein.de\/#\/schema\/person\/1c305a44404a7ae00e2ad15fb51bb53c\"},\"potentialAction\":[{\"@type\":\"SearchAction\",\"target\":{\"@type\":\"EntryPoint\",\"urlTemplate\":\"https:\/\/einfachzufriedensein.de\/?s={search_term_string}\"},\"query-input\":{\"@type\":\"PropertyValueSpecification\",\"valueRequired\":true,\"valueName\":\"search_term_string\"}}],\"inLanguage\":\"de\"},{\"@type\":[\"Person\",\"Organization\"],\"@id\":\"https:\/\/einfachzufriedensein.de\/#\/schema\/person\/1c305a44404a7ae00e2ad15fb51bb53c\",\"name\":\"sfiedler\",\"image\":{\"@type\":\"ImageObject\",\"inLanguage\":\"de\",\"@id\":\"https:\/\/einfachzufriedensein.de\/#\/schema\/person\/image\/\",\"url\":\"https:\/\/einfachzufriedensein.de\/wp-content\/uploads\/2024\/10\/IMG20240928112843-scaled.jpg\",\"contentUrl\":\"https:\/\/einfachzufriedensein.de\/wp-content\/uploads\/2024\/10\/IMG20240928112843-scaled.jpg\",\"width\":1927,\"height\":2560,\"caption\":\"sfiedler\"},\"logo\":{\"@id\":\"https:\/\/einfachzufriedensein.de\/#\/schema\/person\/image\/\"},\"sameAs\":[\"https:\/\/einfachzufriedensein.de\"],\"url\":\"https:\/\/einfachzufriedensein.de\/?author=1\"}]}<\/script>\n<!-- \/ Yoast SEO plugin. -->","yoast_head_json":{"title":"Zwei Tage Berlin - einfach.zufrieden.sein.","description":"Einfach mal herauskommen w\u00e4hrend der Krebstherapie, f\u00fcr viele undenkbar, f\u00fcr mich eine gelungene Abwechslung.","robots":{"index":"index","follow":"follow","max-snippet":"max-snippet:-1","max-image-preview":"max-image-preview:large","max-video-preview":"max-video-preview:-1"},"canonical":"https:\/\/einfachzufriedensein.de\/?p=1054","og_locale":"de_DE","og_type":"article","og_title":"Zwei Tage Berlin - einfach.zufrieden.sein.","og_description":"Einfach mal herauskommen w\u00e4hrend der Krebstherapie, f\u00fcr viele undenkbar, f\u00fcr mich eine gelungene Abwechslung.","og_url":"https:\/\/einfachzufriedensein.de\/?p=1054","og_site_name":"einfach.zufrieden.sein.","article_published_time":"2025-05-11T18:28:57+00:00","article_modified_time":"2025-05-12T18:29:10+00:00","og_image":[{"width":500,"height":500,"url":"https:\/\/einfachzufriedensein.de\/wp-content\/uploads\/2024\/10\/einfach.-zufrieden.-sein-2.png","type":"image\/png"}],"author":"sfiedler","twitter_card":"summary_large_image","twitter_misc":{"Verfasst von":"sfiedler","Gesch\u00e4tzte Lesezeit":"9\u00a0Minuten"},"schema":{"@context":"https:\/\/schema.org","@graph":[{"@type":"Article","@id":"https:\/\/einfachzufriedensein.de\/?p=1054#article","isPartOf":{"@id":"https:\/\/einfachzufriedensein.de\/?p=1054"},"author":{"name":"sfiedler","@id":"https:\/\/einfachzufriedensein.de\/#\/schema\/person\/1c305a44404a7ae00e2ad15fb51bb53c"},"headline":"Zwei Tage Berlin","datePublished":"2025-05-11T18:28:57+00:00","dateModified":"2025-05-12T18:29:10+00:00","mainEntityOfPage":{"@id":"https:\/\/einfachzufriedensein.de\/?p=1054"},"wordCount":1433,"publisher":{"@id":"https:\/\/einfachzufriedensein.de\/#\/schema\/person\/1c305a44404a7ae00e2ad15fb51bb53c"},"image":{"@id":"https:\/\/einfachzufriedensein.de\/?p=1054#primaryimage"},"thumbnailUrl":"https:\/\/einfachzufriedensein.de\/wp-content\/uploads\/2024\/10\/einfach.-zufrieden.-sein-2.png","keywords":["Berlin","Brustkrebs","Felix Burda Award","mentale St\u00e4rke","roter Teppich","Yescon"],"inLanguage":"de"},{"@type":"WebPage","@id":"https:\/\/einfachzufriedensein.de\/?p=1054","url":"https:\/\/einfachzufriedensein.de\/?p=1054","name":"Zwei Tage Berlin - einfach.zufrieden.sein.","isPartOf":{"@id":"https:\/\/einfachzufriedensein.de\/#website"},"primaryImageOfPage":{"@id":"https:\/\/einfachzufriedensein.de\/?p=1054#primaryimage"},"image":{"@id":"https:\/\/einfachzufriedensein.de\/?p=1054#primaryimage"},"thumbnailUrl":"https:\/\/einfachzufriedensein.de\/wp-content\/uploads\/2024\/10\/einfach.-zufrieden.-sein-2.png","datePublished":"2025-05-11T18:28:57+00:00","dateModified":"2025-05-12T18:29:10+00:00","description":"Einfach mal herauskommen w\u00e4hrend der Krebstherapie, f\u00fcr viele undenkbar, f\u00fcr mich eine gelungene Abwechslung.","breadcrumb":{"@id":"https:\/\/einfachzufriedensein.de\/?p=1054#breadcrumb"},"inLanguage":"de","potentialAction":[{"@type":"ReadAction","target":["https:\/\/einfachzufriedensein.de\/?p=1054"]}]},{"@type":"ImageObject","inLanguage":"de","@id":"https:\/\/einfachzufriedensein.de\/?p=1054#primaryimage","url":"https:\/\/einfachzufriedensein.de\/wp-content\/uploads\/2024\/10\/einfach.-zufrieden.-sein-2.png","contentUrl":"https:\/\/einfachzufriedensein.de\/wp-content\/uploads\/2024\/10\/einfach.-zufrieden.-sein-2.png","width":500,"height":500},{"@type":"BreadcrumbList","@id":"https:\/\/einfachzufriedensein.de\/?p=1054#breadcrumb","itemListElement":[{"@type":"ListItem","position":1,"name":"Startseite","item":"https:\/\/einfachzufriedensein.de\/"},{"@type":"ListItem","position":2,"name":"Zwei Tage Berlin"}]},{"@type":"WebSite","@id":"https:\/\/einfachzufriedensein.de\/#website","url":"https:\/\/einfachzufriedensein.de\/","name":"einfach.zufrieden.sein.","description":"Der Brustkrebs &amp; ich  - das Tagebuch einer Brustkrebspatientin","publisher":{"@id":"https:\/\/einfachzufriedensein.de\/#\/schema\/person\/1c305a44404a7ae00e2ad15fb51bb53c"},"potentialAction":[{"@type":"SearchAction","target":{"@type":"EntryPoint","urlTemplate":"https:\/\/einfachzufriedensein.de\/?s={search_term_string}"},"query-input":{"@type":"PropertyValueSpecification","valueRequired":true,"valueName":"search_term_string"}}],"inLanguage":"de"},{"@type":["Person","Organization"],"@id":"https:\/\/einfachzufriedensein.de\/#\/schema\/person\/1c305a44404a7ae00e2ad15fb51bb53c","name":"sfiedler","image":{"@type":"ImageObject","inLanguage":"de","@id":"https:\/\/einfachzufriedensein.de\/#\/schema\/person\/image\/","url":"https:\/\/einfachzufriedensein.de\/wp-content\/uploads\/2024\/10\/IMG20240928112843-scaled.jpg","contentUrl":"https:\/\/einfachzufriedensein.de\/wp-content\/uploads\/2024\/10\/IMG20240928112843-scaled.jpg","width":1927,"height":2560,"caption":"sfiedler"},"logo":{"@id":"https:\/\/einfachzufriedensein.de\/#\/schema\/person\/image\/"},"sameAs":["https:\/\/einfachzufriedensein.de"],"url":"https:\/\/einfachzufriedensein.de\/?author=1"}]}},"_links":{"self":[{"href":"https:\/\/einfachzufriedensein.de\/index.php?rest_route=\/wp\/v2\/posts\/1054","targetHints":{"allow":["GET"]}}],"collection":[{"href":"https:\/\/einfachzufriedensein.de\/index.php?rest_route=\/wp\/v2\/posts"}],"about":[{"href":"https:\/\/einfachzufriedensein.de\/index.php?rest_route=\/wp\/v2\/types\/post"}],"author":[{"embeddable":true,"href":"https:\/\/einfachzufriedensein.de\/index.php?rest_route=\/wp\/v2\/users\/1"}],"replies":[{"embeddable":true,"href":"https:\/\/einfachzufriedensein.de\/index.php?rest_route=%2Fwp%2Fv2%2Fcomments&post=1054"}],"version-history":[{"count":8,"href":"https:\/\/einfachzufriedensein.de\/index.php?rest_route=\/wp\/v2\/posts\/1054\/revisions"}],"predecessor-version":[{"id":1065,"href":"https:\/\/einfachzufriedensein.de\/index.php?rest_route=\/wp\/v2\/posts\/1054\/revisions\/1065"}],"wp:featuredmedia":[{"embeddable":true,"href":"https:\/\/einfachzufriedensein.de\/index.php?rest_route=\/wp\/v2\/media\/57"}],"wp:attachment":[{"href":"https:\/\/einfachzufriedensein.de\/index.php?rest_route=%2Fwp%2Fv2%2Fmedia&parent=1054"}],"wp:term":[{"taxonomy":"category","embeddable":true,"href":"https:\/\/einfachzufriedensein.de\/index.php?rest_route=%2Fwp%2Fv2%2Fcategories&post=1054"},{"taxonomy":"post_tag","embeddable":true,"href":"https:\/\/einfachzufriedensein.de\/index.php?rest_route=%2Fwp%2Fv2%2Ftags&post=1054"}],"curies":[{"name":"wp","href":"https:\/\/api.w.org\/{rel}","templated":true}]}}